{"id":102,"date":"2012-10-31T10:10:00","date_gmt":"2012-10-31T09:10:00","guid":{"rendered":"http:\/\/runningtour.paris\/blog\/2012\/10\/31\/courir-avec-pedro-et-juliana-sur-laxe-historique-de-paris\/"},"modified":"2017-01-16T16:04:28","modified_gmt":"2017-01-16T15:04:28","slug":"courir-avec-pedro-et-juliana-sur-laxe-historique-de-paris","status":"publish","type":"post","link":"https:\/\/test-parisrunningtour.laurieassemat.com\/fr\/courir-avec-pedro-et-juliana-sur-laxe-historique-de-paris\/","title":{"rendered":"Courir avec Pedro et Juliana sur l&rsquo;axe historique de Paris"},"content":{"rendered":"<table style=\"margin-left: auto; margin-right: auto; text-align: center;\" cellspacing=\"0\" cellpadding=\"0\" align=\"center\">\n<tbody>\n<tr>\n<td style=\"text-align: center;\"><a style=\"margin-left: auto; margin-right: auto;\" href=\"http:\/\/3.bp.blogspot.com\/-Ck-APmx7QJ8\/UKUhtp-NytI\/AAAAAAAAA0s\/0CsDP5X8CF8\/s1600\/2012-10-31_10_JardinDesTuileries.jpg\" target=\"_blank\"><img fetchpriority=\"high\" decoding=\"async\" title=\"Cliquer sur l'image pour l'agrandir\" src=\"http:\/\/3.bp.blogspot.com\/-Ck-APmx7QJ8\/UKUhtp-NytI\/AAAAAAAAA0s\/0CsDP5X8CF8\/s640\/2012-10-31_10_JardinDesTuileries.jpg\" alt=\"\" width=\"640\" height=\"370\" border=\"0\" \/><\/a><\/td>\n<\/tr>\n<tr>\n<td style=\"text-align: center;\"><span style=\"font-family: Trebuchet MS, sans-serif;\">Pedro et Juliana &#8211; Sur l&rsquo;axe historique de Paris, au jardin des Tuileries<\/span><\/td>\n<\/tr>\n<\/tbody>\n<\/table>\n<p><span style=\"font-family: 'Trebuchet MS', sans-serif;\"><b>9h10 &#8211;<\/b>\u00a0Juliana et Pedro sont des coureurs bien entra\u00een\u00e9s venus de Campinas, pr\u00e8s de Sao Paulo au Br\u00e9sil.<\/span><br \/>\n<span style=\"font-family: 'Trebuchet MS', sans-serif;\"><br \/>\n<\/span><span style=\"font-family: 'Trebuchet MS', sans-serif;\">Nous avons couru tout autour de la Seine et en bonne partie sur l&rsquo;axe historique de Paris.<\/span><br \/>\n<span style=\"font-family: 'Trebuchet MS', sans-serif;\">Axe historique ? Oui, c&rsquo;est le nom donn\u00e9 \u00e0 l&rsquo;axe qui part du centre de Paris et va vers l&rsquo;Ouest Parisien.<\/span><br \/>\n<span style=\"font-family: 'Trebuchet MS', sans-serif;\">L&rsquo;histoire de cet axe a d\u00e9but\u00e9 quand les rois Cap\u00e9tiens partaient du Louvre pour aller chasser dans la for\u00eat de Saint-Germain-en-Laye, tra\u00e7ant alors une voie en ligne droite.<\/span><br \/>\n<span style=\"font-family: 'Trebuchet MS', sans-serif;\">Le roi Henri IV en 1599 cr\u00e9a une route sur cet axe menant du Louvre au Ch\u00e2teau de Saint-Germain.<\/span><br \/>\n<span style=\"font-family: 'Trebuchet MS', sans-serif;\">Cet axe est successivement am\u00e9nag\u00e9 et embelli, par l&rsquo;extension du Louvre, le jardin des Tuileries, la place de la Concorde, les Champs-Elys\u00e9es, l&rsquo;Arc de Triomphe et maintenant le Centre d&rsquo;affaires de la D\u00e9fense avec la Grande Arche.<\/span><br \/>\n<span style=\"font-family: 'Trebuchet MS', sans-serif;\"><br \/>\n<\/span><span style=\"font-family: 'Trebuchet MS', sans-serif;\">D\u00e9couvrez en d\u00e9tail l&rsquo;axe historique de Paris. Cliquez sur l&rsquo;image suivante. Sur la page obtenue, vous pourrez encore agrandir l&rsquo;image. Ensuite, placez-vous sur la droite de l&rsquo;image et avec l&rsquo;ascenseur horizontal, d\u00e9placez-vous sur la gauche (bonne route !)<\/span><br \/>\n<span style=\"font-family: 'Trebuchet MS', sans-serif;\"><br \/>\n<\/span><\/p>\n<div style=\"clear: both; text-align: center;\"><a style=\"clear: left; margin-bottom: 1em; margin-right: 1em;\" title=\"Cliquer sur l'image pour voir l'axe en d\u00e9tails\" href=\"http:\/\/myamazingparis.free.fr\/AxeHistorique\/AxeHistoriqueHorizSurligne.jpg\" target=\"_blank\"><img decoding=\"async\" src=\"http:\/\/3.bp.blogspot.com\/-XpeXzKmHCx4\/UKUelmSjTwI\/AAAAAAAAA0M\/6y4sYqGQDyM\/s640\/AxeHistoriqueHorizSurligne.jpg\" width=\"640\" height=\"96\" border=\"0\" \/><\/a><\/div>\n<p><span style=\"font-family: 'Trebuchet MS', sans-serif;\">Vous souvenez-vous de l&rsquo;<a title=\"Cliquer sur ce lien pour lire l'article\" href=\"http:\/\/parisrunningtour-fr.blogspot.fr\/2012\/10\/courir-paris-au-lever-du-soleil-avec.html\" target=\"_blank\">article pr\u00e9c\u00e9dent<\/a>, qui parle du Baron Haussman qui avait souhait\u00e9 agrandir l&rsquo;axe vers l&rsquo;Est ?<\/span><br \/>\n<span style=\"font-family: 'Trebuchet MS', sans-serif;\">Vous souvenez-vous aussi de cette <a title=\"Cliquer sur ce lien pour lire l'article\" href=\"http:\/\/parisrunningtour-fr.blogspot.fr\/2010\/09\/from-grande-arche-to-arc-of-triumph.html\" target=\"_blank\">course avec Amy<\/a>, o\u00f9 nous avions fait une boucle sur la partie Ouest de l&rsquo;axe en partant de la D\u00e9fense ?<\/span><span style=\"font-family: 'Trebuchet MS', sans-serif;\"><br \/>\n<\/span><\/p>\n<table style=\"margin-left: auto; margin-right: auto; text-align: center;\" cellspacing=\"0\" cellpadding=\"0\" align=\"center\">\n<tbody>\n<tr>\n<td style=\"text-align: center;\"><a style=\"margin-left: auto; margin-right: auto;\" href=\"http:\/\/2.bp.blogspot.com\/-_J4wZDxPBnc\/UKUsaJwZjxI\/AAAAAAAAA1Y\/T7arvjRS6Co\/s1600\/2012-10-31_03_QuaiDOrsay.jpg\" target=\"_blank\"><img decoding=\"async\" title=\"Cliquer sur l'image pour l'agrandir\" src=\"http:\/\/2.bp.blogspot.com\/-_J4wZDxPBnc\/UKUsaJwZjxI\/AAAAAAAAA1Y\/T7arvjRS6Co\/s640\/2012-10-31_03_QuaiDOrsay.jpg\" alt=\"\" width=\"640\" height=\"396\" border=\"0\" \/><\/a><\/td>\n<\/tr>\n<tr>\n<td style=\"text-align: center;\"><span style=\"font-family: Trebuchet MS, sans-serif;\">Pedro et Juliana &#8211; Quai d&rsquo;Orsay<\/span><\/td>\n<\/tr>\n<\/tbody>\n<\/table>\n<p>&nbsp;<\/p>\n<div style=\"clear: both; text-align: center;\"><\/div>\n<table style=\"margin-left: auto; margin-right: auto; text-align: center;\" cellspacing=\"0\" cellpadding=\"0\" align=\"center\">\n<tbody>\n<tr>\n<td style=\"text-align: center;\"><a style=\"margin-left: auto; margin-right: auto;\" href=\"http:\/\/4.bp.blogspot.com\/-ZYv9X1Ygb_0\/UKUsYy7CmJI\/AAAAAAAAA1Q\/S3zBouwUQrk\/s1600\/2012-10-31_02_ChampsDeMars.jpg\" target=\"_blank\"><img loading=\"lazy\" decoding=\"async\" title=\"Cliquer sur l'image pour l'agrandir\" src=\"http:\/\/4.bp.blogspot.com\/-ZYv9X1Ygb_0\/UKUsYy7CmJI\/AAAAAAAAA1Q\/S3zBouwUQrk\/s640\/2012-10-31_02_ChampsDeMars.jpg\" alt=\"\" width=\"640\" height=\"370\" border=\"0\" \/><\/a><\/td>\n<\/tr>\n<tr>\n<td style=\"text-align: center;\"><span style=\"font-family: Trebuchet MS, sans-serif;\">Juliana et Pedro &#8211; Champ de Mars et Esplanade du Trocad\u00e9ro<\/span><\/td>\n<\/tr>\n<\/tbody>\n<\/table>\n<p><span style=\"font-family: 'Trebuchet MS', sans-serif;\">Merci\u00a0Juliana et Pedro !<\/span><br \/>\n<span style=\"font-family: 'Trebuchet MS', sans-serif;\"><br \/>\n<\/span><b style=\"font-family: 'Trebuchet MS', sans-serif;\">Le circuit du tour :<\/b><\/p>\n<div>\n<div style=\"clear: both; text-align: center;\"><\/div>\n<div style=\"clear: both; text-align: center;\"><a style=\"clear: left; float: left; margin-bottom: 1em; margin-right: 1em;\" title=\"Cliquer sur l'image pour l'agrandir\" href=\"http:\/\/4.bp.blogspot.com\/-d1Es5MJo1p0\/UKUsDhs_U-I\/AAAAAAAAA1I\/C7N-nT0VbhQ\/s1600\/TourPedroJuliana.bmp\" target=\"_blank\"><img loading=\"lazy\" decoding=\"async\" src=\"http:\/\/4.bp.blogspot.com\/-d1Es5MJo1p0\/UKUsDhs_U-I\/AAAAAAAAA1I\/C7N-nT0VbhQ\/s640\/TourPedroJuliana.bmp\" width=\"640\" height=\"280\" border=\"0\" \/><\/a><\/div>\n<div style=\"clear: both; text-align: center;\"><\/div>\n<\/div>\n","protected":false},"excerpt":{"rendered":"<p>Pedro et Juliana &#8211; Sur l&rsquo;axe historique de Paris, au jardin des Tuileries 9h10 &#8211;\u00a0Juliana et Pedro sont des coureurs bien entra\u00een\u00e9s venus de Campinas, pr\u00e8s de Sao Paulo au Br\u00e9sil. Nous avons couru tout autour de la Seine et en bonne partie sur l&rsquo;axe historique de Paris. Axe historique ? Oui, c&rsquo;est le nom donn\u00e9 \u00e0 l&rsquo;axe qui part du centre de Paris et va vers l&rsquo;Ouest Parisien. L&rsquo;histoire de cet axe a d\u00e9but\u00e9 quand les rois Cap\u00e9tiens partaient du Louvre pour aller chasser dans la for\u00eat de Saint-Germain-en-Laye, tra\u00e7ant alors une voie en ligne droite. Le roi Henri IV en 1599 cr\u00e9a une route sur cet axe menant du Louvre au Ch\u00e2teau de Saint-Germain. Cet axe est successivement am\u00e9nag\u00e9 et embelli, par l&rsquo;extension du Louvre, le jardin des Tuileries, la place de la Concorde, les Champs-Elys\u00e9es, l&rsquo;Arc de Triomphe et maintenant le Centre d&rsquo;affaires de la D\u00e9fense avec la Grande Arche. D\u00e9couvrez en d\u00e9tail l&rsquo;axe historique de Paris. Cliquez sur l&rsquo;image suivante. Sur la page obtenue, vous pourrez encore agrandir l&rsquo;image. Ensuite, placez-vous sur la droite de l&rsquo;image et avec l&rsquo;ascenseur horizontal, d\u00e9placez-vous sur la gauche (bonne route !) Vous souvenez-vous de l&rsquo;article pr\u00e9c\u00e9dent, qui parle du Baron Haussman qui avait souhait\u00e9 agrandir l&rsquo;axe vers l&rsquo;Est ? Vous souvenez-vous aussi de cette course avec Amy, o\u00f9 nous avions fait une boucle sur la partie Ouest de l&rsquo;axe en partant de la D\u00e9fense ? Pedro et Juliana &#8211; Quai d&rsquo;Orsay &nbsp; Juliana et Pedro &#8211; Champ de Mars et Esplanade du Trocad\u00e9ro Merci\u00a0Juliana et Pedro ! Le circuit du tour :<\/p>\n","protected":false},"author":1,"featured_media":1331,"comment_status":"open","ping_status":"open","sticky":false,"template":"","format":"standard","meta":{"footnotes":""},"categories":[24,34,23,81,90,89,29,10,22],"tags":[],"class_list":["post-102","post","type-post","status-publish","format-standard","has-post-thumbnail","hentry","category-arc-de-triomphe","category-champs-elysees","category-concorde-place-de-la","category-defense-la","category-grande-arche","category-halles-les","category-seine-la","category-tour-eiffel","category-tuileries"],"yoast_head":"<!-- This site is optimized with the Yoast SEO plugin v27.5 - https:\/\/yoast.com\/product\/yoast-seo-wordpress\/ -->\n<title>Courir avec Pedro et Juliana sur l&#039;axe historique de Paris | Paris Running Tours<\/title>\n<meta name=\"robots\" content=\"noindex, follow, max-snippet:-1, max-image-preview:large, max-video-preview:-1\" \/>\n<meta property=\"og:locale\" content=\"fr_FR\" \/>\n<meta property=\"og:type\" content=\"article\" \/>\n<meta property=\"og:title\" content=\"Courir avec Pedro et Juliana sur l&#039;axe historique de Paris | Paris Running Tours\" \/>\n<meta property=\"og:description\" content=\"Pedro et Juliana &#8211; Sur l&rsquo;axe historique de Paris, au jardin des Tuileries 9h10 &#8211;\u00a0Juliana et Pedro sont des coureurs bien entra\u00een\u00e9s venus de Campinas, pr\u00e8s de Sao Paulo au Br\u00e9sil. Nous avons couru tout autour de la Seine et en bonne partie sur l&rsquo;axe historique de Paris. Axe historique ? Oui, c&rsquo;est le nom donn\u00e9 \u00e0 l&rsquo;axe qui part du centre de Paris et va vers l&rsquo;Ouest Parisien. L&rsquo;histoire de cet axe a d\u00e9but\u00e9 quand les rois Cap\u00e9tiens partaient du Louvre pour aller chasser dans la for\u00eat de Saint-Germain-en-Laye, tra\u00e7ant alors une voie en ligne droite. Le roi Henri IV en 1599 cr\u00e9a une route sur cet axe menant du Louvre au Ch\u00e2teau de Saint-Germain. Cet axe est successivement am\u00e9nag\u00e9 et embelli, par l&rsquo;extension du Louvre, le jardin des Tuileries, la place de la Concorde, les Champs-Elys\u00e9es, l&rsquo;Arc de Triomphe et maintenant le Centre d&rsquo;affaires de la D\u00e9fense avec la Grande Arche. D\u00e9couvrez en d\u00e9tail l&rsquo;axe historique de Paris. Cliquez sur l&rsquo;image suivante. Sur la page obtenue, vous pourrez encore agrandir l&rsquo;image. Ensuite, placez-vous sur la droite de l&rsquo;image et avec l&rsquo;ascenseur horizontal, d\u00e9placez-vous sur la gauche (bonne route !) Vous souvenez-vous de l&rsquo;article pr\u00e9c\u00e9dent, qui parle du Baron Haussman qui avait souhait\u00e9 agrandir l&rsquo;axe vers l&rsquo;Est ? Vous souvenez-vous aussi de cette course avec Amy, o\u00f9 nous avions fait une boucle sur la partie Ouest de l&rsquo;axe en partant de la D\u00e9fense ? Pedro et Juliana &#8211; Quai d&rsquo;Orsay &nbsp; Juliana et Pedro &#8211; Champ de Mars et Esplanade du Trocad\u00e9ro Merci\u00a0Juliana et Pedro ! Le circuit du tour :\" \/>\n<meta property=\"og:url\" content=\"https:\/\/test-parisrunningtour.laurieassemat.com\/fr\/courir-avec-pedro-et-juliana-sur-laxe-historique-de-paris\/\" \/>\n<meta property=\"og:site_name\" content=\"Paris Running Tours\" \/>\n<meta property=\"article:published_time\" content=\"2012-10-31T09:10:00+00:00\" \/>\n<meta property=\"article:modified_time\" content=\"2017-01-16T15:04:28+00:00\" \/>\n<meta property=\"og:image\" content=\"https:\/\/test-parisrunningtour.laurieassemat.com\/fr\/wp-content\/uploads\/sites\/1\/2012\/10\/PRT2012-10-31_10_JardinDesTuileries.jpg\" \/>\n\t<meta property=\"og:image:width\" content=\"847\" \/>\n\t<meta property=\"og:image:height\" content=\"847\" \/>\n\t<meta property=\"og:image:type\" content=\"image\/jpeg\" \/>\n<meta name=\"author\" content=\"Admin\" \/>\n<meta name=\"twitter:card\" content=\"summary_large_image\" \/>\n<meta name=\"twitter:label1\" content=\"\u00c9crit par\" \/>\n\t<meta name=\"twitter:data1\" content=\"Admin\" \/>\n\t<meta name=\"twitter:label2\" content=\"Dur\u00e9e de lecture estim\u00e9e\" \/>\n\t<meta name=\"twitter:data2\" content=\"1 minute\" \/>\n<script type=\"application\/ld+json\" class=\"yoast-schema-graph\">{\"@context\":\"https:\\\/\\\/schema.org\",\"@graph\":[{\"@type\":\"Article\",\"@id\":\"https:\\\/\\\/test-parisrunningtour.laurieassemat.com\\\/fr\\\/courir-avec-pedro-et-juliana-sur-laxe-historique-de-paris\\\/#article\",\"isPartOf\":{\"@id\":\"https:\\\/\\\/test-parisrunningtour.laurieassemat.com\\\/fr\\\/courir-avec-pedro-et-juliana-sur-laxe-historique-de-paris\\\/\"},\"author\":{\"name\":\"Admin\",\"@id\":\"https:\\\/\\\/test-parisrunningtour.laurieassemat.com\\\/fr\\\/#\\\/schema\\\/person\\\/75f0dc3c395ae2b4e14e29aff8f6a5af\"},\"headline\":\"Courir avec Pedro et Juliana sur l&rsquo;axe historique de Paris\",\"datePublished\":\"2012-10-31T09:10:00+00:00\",\"dateModified\":\"2017-01-16T15:04:28+00:00\",\"mainEntityOfPage\":{\"@id\":\"https:\\\/\\\/test-parisrunningtour.laurieassemat.com\\\/fr\\\/courir-avec-pedro-et-juliana-sur-laxe-historique-de-paris\\\/\"},\"wordCount\":306,\"commentCount\":1,\"publisher\":{\"@id\":\"https:\\\/\\\/test-parisrunningtour.laurieassemat.com\\\/fr\\\/#organization\"},\"image\":{\"@id\":\"https:\\\/\\\/test-parisrunningtour.laurieassemat.com\\\/fr\\\/courir-avec-pedro-et-juliana-sur-laxe-historique-de-paris\\\/#primaryimage\"},\"thumbnailUrl\":\"https:\\\/\\\/test-parisrunningtour.laurieassemat.com\\\/fr\\\/wp-content\\\/uploads\\\/sites\\\/1\\\/2012\\\/10\\\/PRT2012-10-31_10_JardinDesTuileries.jpg\",\"articleSection\":[\"Arc de Triomphe\",\"Champs-Elys\u00e9es\",\"Concorde (Place de la)\",\"D\u00e9fense (La)\",\"Grande Arche\",\"Halles (Les)\",\"Seine (La)\",\"Tour Eiffel\",\"Tuileries\"],\"inLanguage\":\"fr-FR\",\"potentialAction\":[{\"@type\":\"CommentAction\",\"name\":\"Comment\",\"target\":[\"https:\\\/\\\/test-parisrunningtour.laurieassemat.com\\\/fr\\\/courir-avec-pedro-et-juliana-sur-laxe-historique-de-paris\\\/#respond\"]}]},{\"@type\":\"WebPage\",\"@id\":\"https:\\\/\\\/test-parisrunningtour.laurieassemat.com\\\/fr\\\/courir-avec-pedro-et-juliana-sur-laxe-historique-de-paris\\\/\",\"url\":\"https:\\\/\\\/test-parisrunningtour.laurieassemat.com\\\/fr\\\/courir-avec-pedro-et-juliana-sur-laxe-historique-de-paris\\\/\",\"name\":\"Courir avec Pedro et Juliana sur l'axe historique de Paris | Paris Running Tours\",\"isPartOf\":{\"@id\":\"https:\\\/\\\/test-parisrunningtour.laurieassemat.com\\\/fr\\\/#website\"},\"primaryImageOfPage\":{\"@id\":\"https:\\\/\\\/test-parisrunningtour.laurieassemat.com\\\/fr\\\/courir-avec-pedro-et-juliana-sur-laxe-historique-de-paris\\\/#primaryimage\"},\"image\":{\"@id\":\"https:\\\/\\\/test-parisrunningtour.laurieassemat.com\\\/fr\\\/courir-avec-pedro-et-juliana-sur-laxe-historique-de-paris\\\/#primaryimage\"},\"thumbnailUrl\":\"https:\\\/\\\/test-parisrunningtour.laurieassemat.com\\\/fr\\\/wp-content\\\/uploads\\\/sites\\\/1\\\/2012\\\/10\\\/PRT2012-10-31_10_JardinDesTuileries.jpg\",\"datePublished\":\"2012-10-31T09:10:00+00:00\",\"dateModified\":\"2017-01-16T15:04:28+00:00\",\"breadcrumb\":{\"@id\":\"https:\\\/\\\/test-parisrunningtour.laurieassemat.com\\\/fr\\\/courir-avec-pedro-et-juliana-sur-laxe-historique-de-paris\\\/#breadcrumb\"},\"inLanguage\":\"fr-FR\",\"potentialAction\":[{\"@type\":\"ReadAction\",\"target\":[\"https:\\\/\\\/test-parisrunningtour.laurieassemat.com\\\/fr\\\/courir-avec-pedro-et-juliana-sur-laxe-historique-de-paris\\\/\"]}]},{\"@type\":\"ImageObject\",\"inLanguage\":\"fr-FR\",\"@id\":\"https:\\\/\\\/test-parisrunningtour.laurieassemat.com\\\/fr\\\/courir-avec-pedro-et-juliana-sur-laxe-historique-de-paris\\\/#primaryimage\",\"url\":\"https:\\\/\\\/test-parisrunningtour.laurieassemat.com\\\/fr\\\/wp-content\\\/uploads\\\/sites\\\/1\\\/2012\\\/10\\\/PRT2012-10-31_10_JardinDesTuileries.jpg\",\"contentUrl\":\"https:\\\/\\\/test-parisrunningtour.laurieassemat.com\\\/fr\\\/wp-content\\\/uploads\\\/sites\\\/1\\\/2012\\\/10\\\/PRT2012-10-31_10_JardinDesTuileries.jpg\",\"width\":847,\"height\":847},{\"@type\":\"BreadcrumbList\",\"@id\":\"https:\\\/\\\/test-parisrunningtour.laurieassemat.com\\\/fr\\\/courir-avec-pedro-et-juliana-sur-laxe-historique-de-paris\\\/#breadcrumb\",\"itemListElement\":[{\"@type\":\"ListItem\",\"position\":1,\"name\":\"Accueil\",\"item\":\"https:\\\/\\\/test-parisrunningtour.laurieassemat.com\\\/fr\\\/\"},{\"@type\":\"ListItem\",\"position\":2,\"name\":\"Courir avec Pedro et Juliana sur l&rsquo;axe historique de Paris\"}]},{\"@type\":\"WebSite\",\"@id\":\"https:\\\/\\\/test-parisrunningtour.laurieassemat.com\\\/fr\\\/#website\",\"url\":\"https:\\\/\\\/test-parisrunningtour.laurieassemat.com\\\/fr\\\/\",\"name\":\"Paris Running Tours\",\"description\":\"D\u00e9couvrir Paris en courant\",\"publisher\":{\"@id\":\"https:\\\/\\\/test-parisrunningtour.laurieassemat.com\\\/fr\\\/#organization\"},\"potentialAction\":[{\"@type\":\"SearchAction\",\"target\":{\"@type\":\"EntryPoint\",\"urlTemplate\":\"https:\\\/\\\/test-parisrunningtour.laurieassemat.com\\\/fr\\\/?s={search_term_string}\"},\"query-input\":{\"@type\":\"PropertyValueSpecification\",\"valueRequired\":true,\"valueName\":\"search_term_string\"}}],\"inLanguage\":\"fr-FR\"},{\"@type\":\"Organization\",\"@id\":\"https:\\\/\\\/test-parisrunningtour.laurieassemat.com\\\/fr\\\/#organization\",\"name\":\"Paris Running Tours\",\"url\":\"https:\\\/\\\/test-parisrunningtour.laurieassemat.com\\\/fr\\\/\",\"logo\":{\"@type\":\"ImageObject\",\"inLanguage\":\"fr-FR\",\"@id\":\"https:\\\/\\\/test-parisrunningtour.laurieassemat.com\\\/fr\\\/#\\\/schema\\\/logo\\\/image\\\/\",\"url\":\"https:\\\/\\\/test-parisrunningtour.laurieassemat.com\\\/fr\\\/wp-content\\\/uploads\\\/sites\\\/1\\\/2016\\\/12\\\/cropped-faviconPRT.png\",\"contentUrl\":\"https:\\\/\\\/test-parisrunningtour.laurieassemat.com\\\/fr\\\/wp-content\\\/uploads\\\/sites\\\/1\\\/2016\\\/12\\\/cropped-faviconPRT.png\",\"width\":512,\"height\":512,\"caption\":\"Paris Running Tours\"},\"image\":{\"@id\":\"https:\\\/\\\/test-parisrunningtour.laurieassemat.com\\\/fr\\\/#\\\/schema\\\/logo\\\/image\\\/\"}},{\"@type\":\"Person\",\"@id\":\"https:\\\/\\\/test-parisrunningtour.laurieassemat.com\\\/fr\\\/#\\\/schema\\\/person\\\/75f0dc3c395ae2b4e14e29aff8f6a5af\",\"name\":\"Admin\",\"image\":{\"@type\":\"ImageObject\",\"inLanguage\":\"fr-FR\",\"@id\":\"https:\\\/\\\/secure.gravatar.com\\\/avatar\\\/2980d1c79775d028873614111fac5ea2906175b9eba90c2fe773d875d19902e0?s=96&d=mm&r=g\",\"url\":\"https:\\\/\\\/secure.gravatar.com\\\/avatar\\\/2980d1c79775d028873614111fac5ea2906175b9eba90c2fe773d875d19902e0?s=96&d=mm&r=g\",\"contentUrl\":\"https:\\\/\\\/secure.gravatar.com\\\/avatar\\\/2980d1c79775d028873614111fac5ea2906175b9eba90c2fe773d875d19902e0?s=96&d=mm&r=g\",\"caption\":\"Admin\"},\"sameAs\":[\"https:\\\/\\\/www.parisrunningtour.com\"]}]}<\/script>\n<!-- \/ Yoast SEO plugin. -->","yoast_head_json":{"title":"Courir avec Pedro et Juliana sur l'axe historique de Paris | Paris Running Tours","robots":{"index":"noindex","follow":"follow","max-snippet":"max-snippet:-1","max-image-preview":"max-image-preview:large","max-video-preview":"max-video-preview:-1"},"og_locale":"fr_FR","og_type":"article","og_title":"Courir avec Pedro et Juliana sur l'axe historique de Paris | Paris Running Tours","og_description":"Pedro et Juliana &#8211; Sur l&rsquo;axe historique de Paris, au jardin des Tuileries 9h10 &#8211;\u00a0Juliana et Pedro sont des coureurs bien entra\u00een\u00e9s venus de Campinas, pr\u00e8s de Sao Paulo au Br\u00e9sil. Nous avons couru tout autour de la Seine et en bonne partie sur l&rsquo;axe historique de Paris. Axe historique ? Oui, c&rsquo;est le nom donn\u00e9 \u00e0 l&rsquo;axe qui part du centre de Paris et va vers l&rsquo;Ouest Parisien. L&rsquo;histoire de cet axe a d\u00e9but\u00e9 quand les rois Cap\u00e9tiens partaient du Louvre pour aller chasser dans la for\u00eat de Saint-Germain-en-Laye, tra\u00e7ant alors une voie en ligne droite. Le roi Henri IV en 1599 cr\u00e9a une route sur cet axe menant du Louvre au Ch\u00e2teau de Saint-Germain. Cet axe est successivement am\u00e9nag\u00e9 et embelli, par l&rsquo;extension du Louvre, le jardin des Tuileries, la place de la Concorde, les Champs-Elys\u00e9es, l&rsquo;Arc de Triomphe et maintenant le Centre d&rsquo;affaires de la D\u00e9fense avec la Grande Arche. D\u00e9couvrez en d\u00e9tail l&rsquo;axe historique de Paris. Cliquez sur l&rsquo;image suivante. Sur la page obtenue, vous pourrez encore agrandir l&rsquo;image. Ensuite, placez-vous sur la droite de l&rsquo;image et avec l&rsquo;ascenseur horizontal, d\u00e9placez-vous sur la gauche (bonne route !) Vous souvenez-vous de l&rsquo;article pr\u00e9c\u00e9dent, qui parle du Baron Haussman qui avait souhait\u00e9 agrandir l&rsquo;axe vers l&rsquo;Est ? Vous souvenez-vous aussi de cette course avec Amy, o\u00f9 nous avions fait une boucle sur la partie Ouest de l&rsquo;axe en partant de la D\u00e9fense ? Pedro et Juliana &#8211; Quai d&rsquo;Orsay &nbsp; Juliana et Pedro &#8211; Champ de Mars et Esplanade du Trocad\u00e9ro Merci\u00a0Juliana et Pedro ! Le circuit du tour :","og_url":"https:\/\/test-parisrunningtour.laurieassemat.com\/fr\/courir-avec-pedro-et-juliana-sur-laxe-historique-de-paris\/","og_site_name":"Paris Running Tours","article_published_time":"2012-10-31T09:10:00+00:00","article_modified_time":"2017-01-16T15:04:28+00:00","og_image":[{"width":847,"height":847,"url":"https:\/\/test-parisrunningtour.laurieassemat.com\/fr\/wp-content\/uploads\/sites\/1\/2012\/10\/PRT2012-10-31_10_JardinDesTuileries.jpg","type":"image\/jpeg"}],"author":"Admin","twitter_card":"summary_large_image","twitter_misc":{"\u00c9crit par":"Admin","Dur\u00e9e de lecture estim\u00e9e":"1 minute"},"schema":{"@context":"https:\/\/schema.org","@graph":[{"@type":"Article","@id":"https:\/\/test-parisrunningtour.laurieassemat.com\/fr\/courir-avec-pedro-et-juliana-sur-laxe-historique-de-paris\/#article","isPartOf":{"@id":"https:\/\/test-parisrunningtour.laurieassemat.com\/fr\/courir-avec-pedro-et-juliana-sur-laxe-historique-de-paris\/"},"author":{"name":"Admin","@id":"https:\/\/test-parisrunningtour.laurieassemat.com\/fr\/#\/schema\/person\/75f0dc3c395ae2b4e14e29aff8f6a5af"},"headline":"Courir avec Pedro et Juliana sur l&rsquo;axe historique de Paris","datePublished":"2012-10-31T09:10:00+00:00","dateModified":"2017-01-16T15:04:28+00:00","mainEntityOfPage":{"@id":"https:\/\/test-parisrunningtour.laurieassemat.com\/fr\/courir-avec-pedro-et-juliana-sur-laxe-historique-de-paris\/"},"wordCount":306,"commentCount":1,"publisher":{"@id":"https:\/\/test-parisrunningtour.laurieassemat.com\/fr\/#organization"},"image":{"@id":"https:\/\/test-parisrunningtour.laurieassemat.com\/fr\/courir-avec-pedro-et-juliana-sur-laxe-historique-de-paris\/#primaryimage"},"thumbnailUrl":"https:\/\/test-parisrunningtour.laurieassemat.com\/fr\/wp-content\/uploads\/sites\/1\/2012\/10\/PRT2012-10-31_10_JardinDesTuileries.jpg","articleSection":["Arc de Triomphe","Champs-Elys\u00e9es","Concorde (Place de la)","D\u00e9fense (La)","Grande Arche","Halles (Les)","Seine (La)","Tour Eiffel","Tuileries"],"inLanguage":"fr-FR","potentialAction":[{"@type":"CommentAction","name":"Comment","target":["https:\/\/test-parisrunningtour.laurieassemat.com\/fr\/courir-avec-pedro-et-juliana-sur-laxe-historique-de-paris\/#respond"]}]},{"@type":"WebPage","@id":"https:\/\/test-parisrunningtour.laurieassemat.com\/fr\/courir-avec-pedro-et-juliana-sur-laxe-historique-de-paris\/","url":"https:\/\/test-parisrunningtour.laurieassemat.com\/fr\/courir-avec-pedro-et-juliana-sur-laxe-historique-de-paris\/","name":"Courir avec Pedro et Juliana sur l'axe historique de Paris | Paris Running Tours","isPartOf":{"@id":"https:\/\/test-parisrunningtour.laurieassemat.com\/fr\/#website"},"primaryImageOfPage":{"@id":"https:\/\/test-parisrunningtour.laurieassemat.com\/fr\/courir-avec-pedro-et-juliana-sur-laxe-historique-de-paris\/#primaryimage"},"image":{"@id":"https:\/\/test-parisrunningtour.laurieassemat.com\/fr\/courir-avec-pedro-et-juliana-sur-laxe-historique-de-paris\/#primaryimage"},"thumbnailUrl":"https:\/\/test-parisrunningtour.laurieassemat.com\/fr\/wp-content\/uploads\/sites\/1\/2012\/10\/PRT2012-10-31_10_JardinDesTuileries.jpg","datePublished":"2012-10-31T09:10:00+00:00","dateModified":"2017-01-16T15:04:28+00:00","breadcrumb":{"@id":"https:\/\/test-parisrunningtour.laurieassemat.com\/fr\/courir-avec-pedro-et-juliana-sur-laxe-historique-de-paris\/#breadcrumb"},"inLanguage":"fr-FR","potentialAction":[{"@type":"ReadAction","target":["https:\/\/test-parisrunningtour.laurieassemat.com\/fr\/courir-avec-pedro-et-juliana-sur-laxe-historique-de-paris\/"]}]},{"@type":"ImageObject","inLanguage":"fr-FR","@id":"https:\/\/test-parisrunningtour.laurieassemat.com\/fr\/courir-avec-pedro-et-juliana-sur-laxe-historique-de-paris\/#primaryimage","url":"https:\/\/test-parisrunningtour.laurieassemat.com\/fr\/wp-content\/uploads\/sites\/1\/2012\/10\/PRT2012-10-31_10_JardinDesTuileries.jpg","contentUrl":"https:\/\/test-parisrunningtour.laurieassemat.com\/fr\/wp-content\/uploads\/sites\/1\/2012\/10\/PRT2012-10-31_10_JardinDesTuileries.jpg","width":847,"height":847},{"@type":"BreadcrumbList","@id":"https:\/\/test-parisrunningtour.laurieassemat.com\/fr\/courir-avec-pedro-et-juliana-sur-laxe-historique-de-paris\/#breadcrumb","itemListElement":[{"@type":"ListItem","position":1,"name":"Accueil","item":"https:\/\/test-parisrunningtour.laurieassemat.com\/fr\/"},{"@type":"ListItem","position":2,"name":"Courir avec Pedro et Juliana sur l&rsquo;axe historique de Paris"}]},{"@type":"WebSite","@id":"https:\/\/test-parisrunningtour.laurieassemat.com\/fr\/#website","url":"https:\/\/test-parisrunningtour.laurieassemat.com\/fr\/","name":"Paris Running Tours","description":"D\u00e9couvrir Paris en courant","publisher":{"@id":"https:\/\/test-parisrunningtour.laurieassemat.com\/fr\/#organization"},"potentialAction":[{"@type":"SearchAction","target":{"@type":"EntryPoint","urlTemplate":"https:\/\/test-parisrunningtour.laurieassemat.com\/fr\/?s={search_term_string}"},"query-input":{"@type":"PropertyValueSpecification","valueRequired":true,"valueName":"search_term_string"}}],"inLanguage":"fr-FR"},{"@type":"Organization","@id":"https:\/\/test-parisrunningtour.laurieassemat.com\/fr\/#organization","name":"Paris Running Tours","url":"https:\/\/test-parisrunningtour.laurieassemat.com\/fr\/","logo":{"@type":"ImageObject","inLanguage":"fr-FR","@id":"https:\/\/test-parisrunningtour.laurieassemat.com\/fr\/#\/schema\/logo\/image\/","url":"https:\/\/test-parisrunningtour.laurieassemat.com\/fr\/wp-content\/uploads\/sites\/1\/2016\/12\/cropped-faviconPRT.png","contentUrl":"https:\/\/test-parisrunningtour.laurieassemat.com\/fr\/wp-content\/uploads\/sites\/1\/2016\/12\/cropped-faviconPRT.png","width":512,"height":512,"caption":"Paris Running Tours"},"image":{"@id":"https:\/\/test-parisrunningtour.laurieassemat.com\/fr\/#\/schema\/logo\/image\/"}},{"@type":"Person","@id":"https:\/\/test-parisrunningtour.laurieassemat.com\/fr\/#\/schema\/person\/75f0dc3c395ae2b4e14e29aff8f6a5af","name":"Admin","image":{"@type":"ImageObject","inLanguage":"fr-FR","@id":"https:\/\/secure.gravatar.com\/avatar\/2980d1c79775d028873614111fac5ea2906175b9eba90c2fe773d875d19902e0?s=96&d=mm&r=g","url":"https:\/\/secure.gravatar.com\/avatar\/2980d1c79775d028873614111fac5ea2906175b9eba90c2fe773d875d19902e0?s=96&d=mm&r=g","contentUrl":"https:\/\/secure.gravatar.com\/avatar\/2980d1c79775d028873614111fac5ea2906175b9eba90c2fe773d875d19902e0?s=96&d=mm&r=g","caption":"Admin"},"sameAs":["https:\/\/www.parisrunningtour.com"]}]}},"_links":{"self":[{"href":"https:\/\/test-parisrunningtour.laurieassemat.com\/fr\/wp-json\/wp\/v2\/posts\/102","targetHints":{"allow":["GET"]}}],"collection":[{"href":"https:\/\/test-parisrunningtour.laurieassemat.com\/fr\/wp-json\/wp\/v2\/posts"}],"about":[{"href":"https:\/\/test-parisrunningtour.laurieassemat.com\/fr\/wp-json\/wp\/v2\/types\/post"}],"author":[{"embeddable":true,"href":"https:\/\/test-parisrunningtour.laurieassemat.com\/fr\/wp-json\/wp\/v2\/users\/1"}],"replies":[{"embeddable":true,"href":"https:\/\/test-parisrunningtour.laurieassemat.com\/fr\/wp-json\/wp\/v2\/comments?post=102"}],"version-history":[{"count":1,"href":"https:\/\/test-parisrunningtour.laurieassemat.com\/fr\/wp-json\/wp\/v2\/posts\/102\/revisions"}],"predecessor-version":[{"id":1332,"href":"https:\/\/test-parisrunningtour.laurieassemat.com\/fr\/wp-json\/wp\/v2\/posts\/102\/revisions\/1332"}],"wp:featuredmedia":[{"embeddable":true,"href":"https:\/\/test-parisrunningtour.laurieassemat.com\/fr\/wp-json\/wp\/v2\/media\/1331"}],"wp:attachment":[{"href":"https:\/\/test-parisrunningtour.laurieassemat.com\/fr\/wp-json\/wp\/v2\/media?parent=102"}],"wp:term":[{"taxonomy":"category","embeddable":true,"href":"https:\/\/test-parisrunningtour.laurieassemat.com\/fr\/wp-json\/wp\/v2\/categories?post=102"},{"taxonomy":"post_tag","embeddable":true,"href":"https:\/\/test-parisrunningtour.laurieassemat.com\/fr\/wp-json\/wp\/v2\/tags?post=102"}],"curies":[{"name":"wp","href":"https:\/\/api.w.org\/{rel}","templated":true}]}}