{"id":106,"date":"2012-09-22T08:59:00","date_gmt":"2012-09-22T06:59:00","guid":{"rendered":"http:\/\/runningtour.paris\/blog\/2012\/09\/22\/en-courant-dans-les-parcs-de-paris-avec-scott-et-kelly\/"},"modified":"2017-01-16T16:08:16","modified_gmt":"2017-01-16T15:08:16","slug":"en-courant-dans-les-parcs-de-paris-avec-scott-et-kelly","status":"publish","type":"post","link":"https:\/\/test-parisrunningtour.laurieassemat.com\/fr\/en-courant-dans-les-parcs-de-paris-avec-scott-et-kelly\/","title":{"rendered":"En courant dans les parcs de Paris avec Scott et Kelly"},"content":{"rendered":"<div style=\"clear: both; text-align: center;\"><\/div>\n<div style=\"clear: both; text-align: center;\"><\/div>\n<table style=\"margin-left: auto; margin-right: auto; text-align: center;\" cellspacing=\"0\" cellpadding=\"0\" align=\"center\">\n<tbody>\n<tr>\n<td style=\"text-align: center;\"><a style=\"margin-left: auto; margin-right: auto;\" href=\"http:\/\/2.bp.blogspot.com\/-DLEhRA0RH-M\/UGxaph_6KuI\/AAAAAAAAAuQ\/fB1IHB9rHbQ\/s1600\/2012-09-22_11_JardinDuLuxembourg.jpg\" target=\"_blank\"><img fetchpriority=\"high\" decoding=\"async\" title=\"\" src=\"http:\/\/2.bp.blogspot.com\/-DLEhRA0RH-M\/UGxaph_6KuI\/AAAAAAAAAuQ\/fB1IHB9rHbQ\/s640\/2012-09-22_11_JardinDuLuxembourg.jpg\" alt=\"Cliquer sur l'image pour l'agrandir\" width=\"640\" height=\"298\" border=\"0\" \/><\/a><\/td>\n<\/tr>\n<tr>\n<td style=\"text-align: center;\"><span style=\"font-family: Trebuchet MS, sans-serif;\">Kelly et Scott &#8211; Jardin du Luxembourg<\/span><\/td>\n<\/tr>\n<\/tbody>\n<\/table>\n<p><span style=\"font-family: 'Trebuchet MS', sans-serif;\"><b>8h59 &#8211;<\/b>\u00a0Kelly et Scott habitent New-York (USA) et ont l&rsquo;habitude de courir dans le magnifique parc de Central Park. Aujourd&rsquo;hui, nous avons d\u00e9couvert les splendides parcs du centre de Paris, entre autres le Jardin du Luxembourg, le Jardin des Tuileries et le Jardin du Palais Royal.<\/span><br \/>\n<span style=\"font-family: 'Trebuchet MS', sans-serif;\"><br \/>\n<\/span><span style=\"font-family: Trebuchet MS, sans-serif;\">Le Jardin et le Palais du Luxembourg (l&rsquo;actuel S\u00e9nat), doivent leur nom au Duc de Luxembourg, Fran\u00e7ois de Piney qui poss\u00e9dait un h\u00f4tel \u00e0 cet endroit, au 16\u00e8 si\u00e8cle. Marie de M\u00e9dicis, la R\u00e9gente de France, racheta l&rsquo;h\u00f4tel et y fit construire l&rsquo;actuel Palais en 1615.<\/span><br \/>\n<span style=\"font-family: Trebuchet MS, sans-serif;\">Avez-vous remarqu\u00e9 \u00e0 l&rsquo;arri\u00e8re de la photo ci-dessus, un petit d\u00f4me au loin ? C&rsquo;est l&rsquo;Observatoire de Paris, le plus vieil observatoire du monde toujours en fonction. Il fut cr\u00e9\u00e9 en 1667 par le roi Louis XIV.<\/span><\/p>\n<table style=\"margin-left: auto; margin-right: auto; text-align: center;\" cellspacing=\"0\" cellpadding=\"0\" align=\"center\">\n<tbody>\n<tr>\n<td style=\"text-align: center;\"><a style=\"margin-left: auto; margin-right: auto;\" href=\"http:\/\/1.bp.blogspot.com\/-0xKuXvcnHbg\/UGxfNAAvYhI\/AAAAAAAAAus\/S_zlMEIyJ8E\/s1600\/ObservatoireDeParis.jpg\" target=\"_blank\"><img decoding=\"async\" title=\"Cliquer sur l'image pour l'agrandir\" src=\"http:\/\/1.bp.blogspot.com\/-0xKuXvcnHbg\/UGxfNAAvYhI\/AAAAAAAAAus\/S_zlMEIyJ8E\/s640\/ObservatoireDeParis.jpg\" alt=\"\" width=\"640\" height=\"428\" border=\"0\" \/><\/a><\/td>\n<\/tr>\n<tr>\n<td style=\"text-align: center;\"><span style=\"font-family: Trebuchet MS, sans-serif;\">L&rsquo;Observatoire de Paris dans le prolongement du Jardin du Luxembourg<\/span><\/td>\n<\/tr>\n<\/tbody>\n<\/table>\n<p><span style=\"font-family: Trebuchet MS, sans-serif;\">Avec l&rsquo;am\u00e9ricain \u00ab\u00a0Center for Astrophysics\u00a0\u00bb, c&rsquo;est le plus important centre de recherche en astrophysique et en astronomie au monde.<\/span><br \/>\n<span style=\"font-family: Trebuchet MS, sans-serif;\">Tr\u00e8s prochainement, l&rsquo;Observatoire ouvrira une nouvelle fois ses portes au Public, du <a href=\"http:\/\/www.grandpublic.obspm.fr\/Fete-de-la-science-a-l\" target=\"_blank\">jeudi 11 au dimanche 14 octobre 2012<\/a> \u00e0 l&rsquo;occasion de la <a href=\"http:\/\/www.fetedelascience.fr\/\" target=\"_blank\">f\u00eate de la Science<\/a>.<\/span><br \/>\n<span style=\"font-family: Trebuchet MS, sans-serif;\"><br \/>\n<\/span><span style=\"font-family: Trebuchet MS, sans-serif;\">Quel est le plus beau des jardins du centre de Paris, le Jardin du Luxembourg, le discret Jardin du Palais Royal ou le Jardin des Tuileries plac\u00e9 sur l&rsquo;axe historique de Paris ?<\/span><br \/>\n<span style=\"font-family: Trebuchet MS, sans-serif;\">Impossible \u00e0 dire, ils sont superbes tous les trois !<\/span><span style=\"font-family: Trebuchet MS, sans-serif;\"><br \/>\n<\/span><br \/>\n<span style=\"font-family: Trebuchet MS, sans-serif;\">Retrouvons le Jardin des Tuileries, id\u00e9al pour courir :<\/span><\/p>\n<table style=\"margin-left: auto; margin-right: auto; text-align: center;\" cellspacing=\"0\" cellpadding=\"0\" align=\"center\">\n<tbody>\n<tr>\n<td style=\"text-align: center;\"><a style=\"margin-left: auto; margin-right: auto;\" href=\"http:\/\/3.bp.blogspot.com\/-t9T4-epqWLM\/UGxh-n-skLI\/AAAAAAAAAvI\/Oy6BOCTnp8A\/s1600\/2012-09-22_02_JardinDesTuileries.jpg\" target=\"_blank\"><img decoding=\"async\" title=\"Cliquer sur l'image pour l'agrandir\" src=\"http:\/\/3.bp.blogspot.com\/-t9T4-epqWLM\/UGxh-n-skLI\/AAAAAAAAAvI\/Oy6BOCTnp8A\/s640\/2012-09-22_02_JardinDesTuileries.jpg\" alt=\"\" width=\"640\" height=\"366\" border=\"0\" \/><\/a><\/td>\n<\/tr>\n<tr>\n<td style=\"text-align: center;\"><span style=\"font-family: Trebuchet MS, sans-serif;\">Scott et Kelly &#8211; Jardin des Tuileries<\/span><\/td>\n<\/tr>\n<\/tbody>\n<\/table>\n<p><span style=\"font-family: Trebuchet MS, sans-serif;\">et le Jardin du Palais Royal, plus petit, bien isol\u00e9 par le Palais Royal et les Galeries attenantes :<\/span><\/p>\n<table style=\"margin-left: auto; margin-right: auto; text-align: center;\" cellspacing=\"0\" cellpadding=\"0\" align=\"center\">\n<tbody>\n<tr>\n<td style=\"text-align: center;\"><a style=\"margin-left: auto; margin-right: auto;\" href=\"http:\/\/4.bp.blogspot.com\/-mQFTgfbB1Dw\/UGxis4_8nkI\/AAAAAAAAAvQ\/7-raWZzSkNg\/s1600\/2012-09-22_05_JardinDuPalaisRoyal.jpg\" target=\"_blank\"><img loading=\"lazy\" decoding=\"async\" title=\"Cliquer sur l'image pour l'agrandir\" src=\"http:\/\/4.bp.blogspot.com\/-mQFTgfbB1Dw\/UGxis4_8nkI\/AAAAAAAAAvQ\/7-raWZzSkNg\/s640\/2012-09-22_05_JardinDuPalaisRoyal.jpg\" alt=\"\" width=\"640\" height=\"398\" border=\"0\" \/><\/a><\/td>\n<\/tr>\n<tr>\n<td style=\"text-align: center;\"><span style=\"font-family: Trebuchet MS, sans-serif;\">Scott et Kelly &#8211; Jardin du Palais Royal<\/span><\/td>\n<\/tr>\n<\/tbody>\n<\/table>\n<p><span style=\"font-family: 'Trebuchet MS', sans-serif;\">Sur notre route, au moment de d\u00e9couvrir une partie du <a title=\"Cliquer sur ce lien pour obtenir l'article qui en parle\" href=\"http:\/\/parisrunningtour-fr.blogspot.fr\/2011\/09\/deux-matinees-la-decouverte-de-paris.html\" target=\"_blank\">mur d&rsquo;enceinte de Philippe Auguste<\/a>, un coureur sympathique nous a propos\u00e9 de faire une photo de groupe :<\/span><\/p>\n<table style=\"margin-left: auto; margin-right: auto; text-align: center;\" cellspacing=\"0\" cellpadding=\"0\" align=\"center\">\n<tbody>\n<tr>\n<td style=\"text-align: center;\"><a style=\"margin-left: auto; margin-right: auto;\" title=\"Cliquer sur l'image pour l'agrandir\" href=\"http:\/\/2.bp.blogspot.com\/-g943sa3gUUo\/UGxmIvNUJTI\/AAAAAAAAAv4\/zsHv2_YHgA0\/s1600\/2012-09-22_10_EnceintePhilippeAuguste.jpg\" target=\"_blank\"><img loading=\"lazy\" decoding=\"async\" src=\"http:\/\/2.bp.blogspot.com\/-g943sa3gUUo\/UGxmIvNUJTI\/AAAAAAAAAv4\/zsHv2_YHgA0\/s640\/2012-09-22_10_EnceintePhilippeAuguste.jpg\" width=\"640\" height=\"516\" border=\"0\" \/><\/a><\/td>\n<\/tr>\n<tr>\n<td style=\"text-align: center;\"><span style=\"font-family: Trebuchet MS, sans-serif;\">Paris Running Tour, Scott, Kelly &#8211; Le Mur d&rsquo;enceinte de Philippe Auguste (13\u00e8 si\u00e8cle)<\/span><\/td>\n<\/tr>\n<\/tbody>\n<\/table>\n<p><span style=\"font-family: 'Trebuchet MS', sans-serif;\">Merci \u00e0 lui. Un bon souvenir !<\/span><br \/>\n<span style=\"font-family: 'Trebuchet MS', sans-serif;\"><br \/>\n<\/span><span style=\"font-family: 'Trebuchet MS', sans-serif;\">Bonnes courses \u00e0 Central Park alors!<\/span><br \/>\n<span style=\"font-family: 'Trebuchet MS', sans-serif;\">Merci\u00a0Kelly ! Merci Scott !<\/span><br \/>\n<span style=\"font-family: 'Trebuchet MS', sans-serif;\"><br \/>\n<\/span><b style=\"font-family: 'Trebuchet MS', sans-serif;\">Le circuit du tour :<\/b><\/p>\n<div>\n<div style=\"clear: both; text-align: center;\"><\/div>\n<div style=\"clear: both; text-align: center;\"><img loading=\"lazy\" decoding=\"async\" src=\"http:\/\/3.bp.blogspot.com\/-s1Mq6st64nw\/UGxjWhQuFcI\/AAAAAAAAAvc\/geLgh_a7FBo\/s640\/ParisRunningTour20120922.jpg\" alt=\"\" width=\"640\" height=\"562\" border=\"0\" \/><\/div>\n<div style=\"clear: both; text-align: center;\"><\/div>\n<\/div>\n","protected":false},"excerpt":{"rendered":"<p>Kelly et Scott &#8211; Jardin du Luxembourg 8h59 &#8211;\u00a0Kelly et Scott habitent New-York (USA) et ont l&rsquo;habitude de courir dans le magnifique parc de Central Park. Aujourd&rsquo;hui, nous avons d\u00e9couvert les splendides parcs du centre de Paris, entre autres le Jardin du Luxembourg, le Jardin des Tuileries et le Jardin du Palais Royal. Le Jardin et le Palais du Luxembourg (l&rsquo;actuel S\u00e9nat), doivent leur nom au Duc de Luxembourg, Fran\u00e7ois de Piney qui poss\u00e9dait un h\u00f4tel \u00e0 cet endroit, au 16\u00e8 si\u00e8cle. Marie de M\u00e9dicis, la R\u00e9gente de France, racheta l&rsquo;h\u00f4tel et y fit construire l&rsquo;actuel Palais en 1615. Avez-vous remarqu\u00e9 \u00e0 l&rsquo;arri\u00e8re de la photo ci-dessus, un petit d\u00f4me au loin ? C&rsquo;est l&rsquo;Observatoire de Paris, le plus vieil observatoire du monde toujours en fonction. Il fut cr\u00e9\u00e9 en 1667 par le roi Louis XIV. L&rsquo;Observatoire de Paris dans le prolongement du Jardin du Luxembourg Avec l&rsquo;am\u00e9ricain \u00ab\u00a0Center for Astrophysics\u00a0\u00bb, c&rsquo;est le plus important centre de recherche en astrophysique et en astronomie au monde. Tr\u00e8s prochainement, l&rsquo;Observatoire ouvrira une nouvelle fois ses portes au Public, du jeudi 11 au dimanche 14 octobre 2012 \u00e0 l&rsquo;occasion de la f\u00eate de la Science. Quel est le plus beau des jardins du centre de Paris, le Jardin du Luxembourg, le discret Jardin du Palais Royal ou le Jardin des Tuileries plac\u00e9 sur l&rsquo;axe historique de Paris ? Impossible \u00e0 dire, ils sont superbes tous les trois ! Retrouvons le Jardin des Tuileries, id\u00e9al pour courir : Scott et Kelly &#8211; Jardin des Tuileries et le Jardin du Palais Royal, plus petit, bien isol\u00e9 par le Palais Royal et les Galeries attenantes : Scott et Kelly &#8211; Jardin du Palais Royal Sur notre route, au moment de d\u00e9couvrir une partie du mur d&rsquo;enceinte de Philippe Auguste, un coureur sympathique nous a propos\u00e9 de faire une photo de groupe : Paris Running Tour, Scott, Kelly &#8211; Le Mur d&rsquo;enceinte de Philippe Auguste (13\u00e8 si\u00e8cle) Merci \u00e0 lui. Un bon souvenir ! Bonnes courses \u00e0 Central Park alors! Merci\u00a0Kelly ! Merci Scott ! Le circuit du tour :<\/p>\n","protected":false},"author":1,"featured_media":1339,"comment_status":"open","ping_status":"open","sticky":false,"template":"","format":"standard","meta":{"footnotes":""},"categories":[7,35,92,17,22],"tags":[],"class_list":["post-106","post","type-post","status-publish","format-standard","has-post-thumbnail","hentry","category-luxembourg-jardin-du","category-mur-de-philippe-auguste","category-observatoire-de-paris","category-palais-royal","category-tuileries"],"yoast_head":"<!-- This site is optimized with the Yoast SEO plugin v27.5 - https:\/\/yoast.com\/product\/yoast-seo-wordpress\/ -->\n<title>En courant dans les parcs de Paris avec Scott et Kelly | Paris Running Tours<\/title>\n<meta name=\"robots\" content=\"noindex, follow, max-snippet:-1, max-image-preview:large, max-video-preview:-1\" \/>\n<meta property=\"og:locale\" content=\"fr_FR\" \/>\n<meta property=\"og:type\" content=\"article\" \/>\n<meta property=\"og:title\" content=\"En courant dans les parcs de Paris avec Scott et Kelly | Paris Running Tours\" \/>\n<meta property=\"og:description\" content=\"Kelly et Scott &#8211; Jardin du Luxembourg 8h59 &#8211;\u00a0Kelly et Scott habitent New-York (USA) et ont l&rsquo;habitude de courir dans le magnifique parc de Central Park. Aujourd&rsquo;hui, nous avons d\u00e9couvert les splendides parcs du centre de Paris, entre autres le Jardin du Luxembourg, le Jardin des Tuileries et le Jardin du Palais Royal. Le Jardin et le Palais du Luxembourg (l&rsquo;actuel S\u00e9nat), doivent leur nom au Duc de Luxembourg, Fran\u00e7ois de Piney qui poss\u00e9dait un h\u00f4tel \u00e0 cet endroit, au 16\u00e8 si\u00e8cle. Marie de M\u00e9dicis, la R\u00e9gente de France, racheta l&rsquo;h\u00f4tel et y fit construire l&rsquo;actuel Palais en 1615. Avez-vous remarqu\u00e9 \u00e0 l&rsquo;arri\u00e8re de la photo ci-dessus, un petit d\u00f4me au loin ? C&rsquo;est l&rsquo;Observatoire de Paris, le plus vieil observatoire du monde toujours en fonction. Il fut cr\u00e9\u00e9 en 1667 par le roi Louis XIV. L&rsquo;Observatoire de Paris dans le prolongement du Jardin du Luxembourg Avec l&rsquo;am\u00e9ricain \u00ab\u00a0Center for Astrophysics\u00a0\u00bb, c&rsquo;est le plus important centre de recherche en astrophysique et en astronomie au monde. Tr\u00e8s prochainement, l&rsquo;Observatoire ouvrira une nouvelle fois ses portes au Public, du jeudi 11 au dimanche 14 octobre 2012 \u00e0 l&rsquo;occasion de la f\u00eate de la Science. Quel est le plus beau des jardins du centre de Paris, le Jardin du Luxembourg, le discret Jardin du Palais Royal ou le Jardin des Tuileries plac\u00e9 sur l&rsquo;axe historique de Paris ? Impossible \u00e0 dire, ils sont superbes tous les trois ! Retrouvons le Jardin des Tuileries, id\u00e9al pour courir : Scott et Kelly &#8211; Jardin des Tuileries et le Jardin du Palais Royal, plus petit, bien isol\u00e9 par le Palais Royal et les Galeries attenantes : Scott et Kelly &#8211; Jardin du Palais Royal Sur notre route, au moment de d\u00e9couvrir une partie du mur d&rsquo;enceinte de Philippe Auguste, un coureur sympathique nous a propos\u00e9 de faire une photo de groupe : Paris Running Tour, Scott, Kelly &#8211; Le Mur d&rsquo;enceinte de Philippe Auguste (13\u00e8 si\u00e8cle) Merci \u00e0 lui. Un bon souvenir ! Bonnes courses \u00e0 Central Park alors! Merci\u00a0Kelly ! Merci Scott ! Le circuit du tour :\" \/>\n<meta property=\"og:url\" content=\"https:\/\/test-parisrunningtour.laurieassemat.com\/fr\/en-courant-dans-les-parcs-de-paris-avec-scott-et-kelly\/\" \/>\n<meta property=\"og:site_name\" content=\"Paris Running Tours\" \/>\n<meta property=\"article:published_time\" content=\"2012-09-22T06:59:00+00:00\" \/>\n<meta property=\"article:modified_time\" content=\"2017-01-16T15:08:16+00:00\" \/>\n<meta property=\"og:image\" content=\"https:\/\/test-parisrunningtour.laurieassemat.com\/fr\/wp-content\/uploads\/sites\/1\/2012\/09\/PRT2012-09-22_11_JardinDuLuxembourg.jpg\" \/>\n\t<meta property=\"og:image:width\" content=\"1708\" \/>\n\t<meta property=\"og:image:height\" content=\"1708\" \/>\n\t<meta property=\"og:image:type\" content=\"image\/jpeg\" \/>\n<meta name=\"author\" content=\"Admin\" \/>\n<meta name=\"twitter:card\" content=\"summary_large_image\" \/>\n<meta name=\"twitter:label1\" content=\"\u00c9crit par\" \/>\n\t<meta name=\"twitter:data1\" content=\"Admin\" \/>\n\t<meta name=\"twitter:label2\" content=\"Dur\u00e9e de lecture estim\u00e9e\" \/>\n\t<meta name=\"twitter:data2\" content=\"2 minutes\" \/>\n<script type=\"application\/ld+json\" class=\"yoast-schema-graph\">{\"@context\":\"https:\\\/\\\/schema.org\",\"@graph\":[{\"@type\":\"Article\",\"@id\":\"https:\\\/\\\/test-parisrunningtour.laurieassemat.com\\\/fr\\\/en-courant-dans-les-parcs-de-paris-avec-scott-et-kelly\\\/#article\",\"isPartOf\":{\"@id\":\"https:\\\/\\\/test-parisrunningtour.laurieassemat.com\\\/fr\\\/en-courant-dans-les-parcs-de-paris-avec-scott-et-kelly\\\/\"},\"author\":{\"name\":\"Admin\",\"@id\":\"https:\\\/\\\/test-parisrunningtour.laurieassemat.com\\\/fr\\\/#\\\/schema\\\/person\\\/75f0dc3c395ae2b4e14e29aff8f6a5af\"},\"headline\":\"En courant dans les parcs de Paris avec Scott et Kelly\",\"datePublished\":\"2012-09-22T06:59:00+00:00\",\"dateModified\":\"2017-01-16T15:08:16+00:00\",\"mainEntityOfPage\":{\"@id\":\"https:\\\/\\\/test-parisrunningtour.laurieassemat.com\\\/fr\\\/en-courant-dans-les-parcs-de-paris-avec-scott-et-kelly\\\/\"},\"wordCount\":366,\"commentCount\":0,\"publisher\":{\"@id\":\"https:\\\/\\\/test-parisrunningtour.laurieassemat.com\\\/fr\\\/#organization\"},\"image\":{\"@id\":\"https:\\\/\\\/test-parisrunningtour.laurieassemat.com\\\/fr\\\/en-courant-dans-les-parcs-de-paris-avec-scott-et-kelly\\\/#primaryimage\"},\"thumbnailUrl\":\"https:\\\/\\\/test-parisrunningtour.laurieassemat.com\\\/fr\\\/wp-content\\\/uploads\\\/sites\\\/1\\\/2012\\\/09\\\/PRT2012-09-22_11_JardinDuLuxembourg.jpg\",\"articleSection\":[\"Luxembourg (Jardin du)\",\"Mur de Philippe Auguste\",\"Observatoire de Paris\",\"Palais Royal\",\"Tuileries\"],\"inLanguage\":\"fr-FR\",\"potentialAction\":[{\"@type\":\"CommentAction\",\"name\":\"Comment\",\"target\":[\"https:\\\/\\\/test-parisrunningtour.laurieassemat.com\\\/fr\\\/en-courant-dans-les-parcs-de-paris-avec-scott-et-kelly\\\/#respond\"]}]},{\"@type\":\"WebPage\",\"@id\":\"https:\\\/\\\/test-parisrunningtour.laurieassemat.com\\\/fr\\\/en-courant-dans-les-parcs-de-paris-avec-scott-et-kelly\\\/\",\"url\":\"https:\\\/\\\/test-parisrunningtour.laurieassemat.com\\\/fr\\\/en-courant-dans-les-parcs-de-paris-avec-scott-et-kelly\\\/\",\"name\":\"En courant dans les parcs de Paris avec Scott et Kelly | Paris Running Tours\",\"isPartOf\":{\"@id\":\"https:\\\/\\\/test-parisrunningtour.laurieassemat.com\\\/fr\\\/#website\"},\"primaryImageOfPage\":{\"@id\":\"https:\\\/\\\/test-parisrunningtour.laurieassemat.com\\\/fr\\\/en-courant-dans-les-parcs-de-paris-avec-scott-et-kelly\\\/#primaryimage\"},\"image\":{\"@id\":\"https:\\\/\\\/test-parisrunningtour.laurieassemat.com\\\/fr\\\/en-courant-dans-les-parcs-de-paris-avec-scott-et-kelly\\\/#primaryimage\"},\"thumbnailUrl\":\"https:\\\/\\\/test-parisrunningtour.laurieassemat.com\\\/fr\\\/wp-content\\\/uploads\\\/sites\\\/1\\\/2012\\\/09\\\/PRT2012-09-22_11_JardinDuLuxembourg.jpg\",\"datePublished\":\"2012-09-22T06:59:00+00:00\",\"dateModified\":\"2017-01-16T15:08:16+00:00\",\"breadcrumb\":{\"@id\":\"https:\\\/\\\/test-parisrunningtour.laurieassemat.com\\\/fr\\\/en-courant-dans-les-parcs-de-paris-avec-scott-et-kelly\\\/#breadcrumb\"},\"inLanguage\":\"fr-FR\",\"potentialAction\":[{\"@type\":\"ReadAction\",\"target\":[\"https:\\\/\\\/test-parisrunningtour.laurieassemat.com\\\/fr\\\/en-courant-dans-les-parcs-de-paris-avec-scott-et-kelly\\\/\"]}]},{\"@type\":\"ImageObject\",\"inLanguage\":\"fr-FR\",\"@id\":\"https:\\\/\\\/test-parisrunningtour.laurieassemat.com\\\/fr\\\/en-courant-dans-les-parcs-de-paris-avec-scott-et-kelly\\\/#primaryimage\",\"url\":\"https:\\\/\\\/test-parisrunningtour.laurieassemat.com\\\/fr\\\/wp-content\\\/uploads\\\/sites\\\/1\\\/2012\\\/09\\\/PRT2012-09-22_11_JardinDuLuxembourg.jpg\",\"contentUrl\":\"https:\\\/\\\/test-parisrunningtour.laurieassemat.com\\\/fr\\\/wp-content\\\/uploads\\\/sites\\\/1\\\/2012\\\/09\\\/PRT2012-09-22_11_JardinDuLuxembourg.jpg\",\"width\":1708,\"height\":1708},{\"@type\":\"BreadcrumbList\",\"@id\":\"https:\\\/\\\/test-parisrunningtour.laurieassemat.com\\\/fr\\\/en-courant-dans-les-parcs-de-paris-avec-scott-et-kelly\\\/#breadcrumb\",\"itemListElement\":[{\"@type\":\"ListItem\",\"position\":1,\"name\":\"Accueil\",\"item\":\"https:\\\/\\\/test-parisrunningtour.laurieassemat.com\\\/fr\\\/\"},{\"@type\":\"ListItem\",\"position\":2,\"name\":\"En courant dans les parcs de Paris avec Scott et Kelly\"}]},{\"@type\":\"WebSite\",\"@id\":\"https:\\\/\\\/test-parisrunningtour.laurieassemat.com\\\/fr\\\/#website\",\"url\":\"https:\\\/\\\/test-parisrunningtour.laurieassemat.com\\\/fr\\\/\",\"name\":\"Paris Running Tours\",\"description\":\"D\u00e9couvrir Paris en courant\",\"publisher\":{\"@id\":\"https:\\\/\\\/test-parisrunningtour.laurieassemat.com\\\/fr\\\/#organization\"},\"potentialAction\":[{\"@type\":\"SearchAction\",\"target\":{\"@type\":\"EntryPoint\",\"urlTemplate\":\"https:\\\/\\\/test-parisrunningtour.laurieassemat.com\\\/fr\\\/?s={search_term_string}\"},\"query-input\":{\"@type\":\"PropertyValueSpecification\",\"valueRequired\":true,\"valueName\":\"search_term_string\"}}],\"inLanguage\":\"fr-FR\"},{\"@type\":\"Organization\",\"@id\":\"https:\\\/\\\/test-parisrunningtour.laurieassemat.com\\\/fr\\\/#organization\",\"name\":\"Paris Running Tours\",\"url\":\"https:\\\/\\\/test-parisrunningtour.laurieassemat.com\\\/fr\\\/\",\"logo\":{\"@type\":\"ImageObject\",\"inLanguage\":\"fr-FR\",\"@id\":\"https:\\\/\\\/test-parisrunningtour.laurieassemat.com\\\/fr\\\/#\\\/schema\\\/logo\\\/image\\\/\",\"url\":\"https:\\\/\\\/test-parisrunningtour.laurieassemat.com\\\/fr\\\/wp-content\\\/uploads\\\/sites\\\/1\\\/2016\\\/12\\\/cropped-faviconPRT.png\",\"contentUrl\":\"https:\\\/\\\/test-parisrunningtour.laurieassemat.com\\\/fr\\\/wp-content\\\/uploads\\\/sites\\\/1\\\/2016\\\/12\\\/cropped-faviconPRT.png\",\"width\":512,\"height\":512,\"caption\":\"Paris Running Tours\"},\"image\":{\"@id\":\"https:\\\/\\\/test-parisrunningtour.laurieassemat.com\\\/fr\\\/#\\\/schema\\\/logo\\\/image\\\/\"}},{\"@type\":\"Person\",\"@id\":\"https:\\\/\\\/test-parisrunningtour.laurieassemat.com\\\/fr\\\/#\\\/schema\\\/person\\\/75f0dc3c395ae2b4e14e29aff8f6a5af\",\"name\":\"Admin\",\"image\":{\"@type\":\"ImageObject\",\"inLanguage\":\"fr-FR\",\"@id\":\"https:\\\/\\\/secure.gravatar.com\\\/avatar\\\/2980d1c79775d028873614111fac5ea2906175b9eba90c2fe773d875d19902e0?s=96&d=mm&r=g\",\"url\":\"https:\\\/\\\/secure.gravatar.com\\\/avatar\\\/2980d1c79775d028873614111fac5ea2906175b9eba90c2fe773d875d19902e0?s=96&d=mm&r=g\",\"contentUrl\":\"https:\\\/\\\/secure.gravatar.com\\\/avatar\\\/2980d1c79775d028873614111fac5ea2906175b9eba90c2fe773d875d19902e0?s=96&d=mm&r=g\",\"caption\":\"Admin\"},\"sameAs\":[\"https:\\\/\\\/www.parisrunningtour.com\"]}]}<\/script>\n<!-- \/ Yoast SEO plugin. -->","yoast_head_json":{"title":"En courant dans les parcs de Paris avec Scott et Kelly | Paris Running Tours","robots":{"index":"noindex","follow":"follow","max-snippet":"max-snippet:-1","max-image-preview":"max-image-preview:large","max-video-preview":"max-video-preview:-1"},"og_locale":"fr_FR","og_type":"article","og_title":"En courant dans les parcs de Paris avec Scott et Kelly | Paris Running Tours","og_description":"Kelly et Scott &#8211; Jardin du Luxembourg 8h59 &#8211;\u00a0Kelly et Scott habitent New-York (USA) et ont l&rsquo;habitude de courir dans le magnifique parc de Central Park. Aujourd&rsquo;hui, nous avons d\u00e9couvert les splendides parcs du centre de Paris, entre autres le Jardin du Luxembourg, le Jardin des Tuileries et le Jardin du Palais Royal. Le Jardin et le Palais du Luxembourg (l&rsquo;actuel S\u00e9nat), doivent leur nom au Duc de Luxembourg, Fran\u00e7ois de Piney qui poss\u00e9dait un h\u00f4tel \u00e0 cet endroit, au 16\u00e8 si\u00e8cle. Marie de M\u00e9dicis, la R\u00e9gente de France, racheta l&rsquo;h\u00f4tel et y fit construire l&rsquo;actuel Palais en 1615. Avez-vous remarqu\u00e9 \u00e0 l&rsquo;arri\u00e8re de la photo ci-dessus, un petit d\u00f4me au loin ? C&rsquo;est l&rsquo;Observatoire de Paris, le plus vieil observatoire du monde toujours en fonction. Il fut cr\u00e9\u00e9 en 1667 par le roi Louis XIV. L&rsquo;Observatoire de Paris dans le prolongement du Jardin du Luxembourg Avec l&rsquo;am\u00e9ricain \u00ab\u00a0Center for Astrophysics\u00a0\u00bb, c&rsquo;est le plus important centre de recherche en astrophysique et en astronomie au monde. Tr\u00e8s prochainement, l&rsquo;Observatoire ouvrira une nouvelle fois ses portes au Public, du jeudi 11 au dimanche 14 octobre 2012 \u00e0 l&rsquo;occasion de la f\u00eate de la Science. Quel est le plus beau des jardins du centre de Paris, le Jardin du Luxembourg, le discret Jardin du Palais Royal ou le Jardin des Tuileries plac\u00e9 sur l&rsquo;axe historique de Paris ? Impossible \u00e0 dire, ils sont superbes tous les trois ! Retrouvons le Jardin des Tuileries, id\u00e9al pour courir : Scott et Kelly &#8211; Jardin des Tuileries et le Jardin du Palais Royal, plus petit, bien isol\u00e9 par le Palais Royal et les Galeries attenantes : Scott et Kelly &#8211; Jardin du Palais Royal Sur notre route, au moment de d\u00e9couvrir une partie du mur d&rsquo;enceinte de Philippe Auguste, un coureur sympathique nous a propos\u00e9 de faire une photo de groupe : Paris Running Tour, Scott, Kelly &#8211; Le Mur d&rsquo;enceinte de Philippe Auguste (13\u00e8 si\u00e8cle) Merci \u00e0 lui. Un bon souvenir ! Bonnes courses \u00e0 Central Park alors! Merci\u00a0Kelly ! Merci Scott ! Le circuit du tour :","og_url":"https:\/\/test-parisrunningtour.laurieassemat.com\/fr\/en-courant-dans-les-parcs-de-paris-avec-scott-et-kelly\/","og_site_name":"Paris Running Tours","article_published_time":"2012-09-22T06:59:00+00:00","article_modified_time":"2017-01-16T15:08:16+00:00","og_image":[{"width":1708,"height":1708,"url":"https:\/\/test-parisrunningtour.laurieassemat.com\/fr\/wp-content\/uploads\/sites\/1\/2012\/09\/PRT2012-09-22_11_JardinDuLuxembourg.jpg","type":"image\/jpeg"}],"author":"Admin","twitter_card":"summary_large_image","twitter_misc":{"\u00c9crit par":"Admin","Dur\u00e9e de lecture estim\u00e9e":"2 minutes"},"schema":{"@context":"https:\/\/schema.org","@graph":[{"@type":"Article","@id":"https:\/\/test-parisrunningtour.laurieassemat.com\/fr\/en-courant-dans-les-parcs-de-paris-avec-scott-et-kelly\/#article","isPartOf":{"@id":"https:\/\/test-parisrunningtour.laurieassemat.com\/fr\/en-courant-dans-les-parcs-de-paris-avec-scott-et-kelly\/"},"author":{"name":"Admin","@id":"https:\/\/test-parisrunningtour.laurieassemat.com\/fr\/#\/schema\/person\/75f0dc3c395ae2b4e14e29aff8f6a5af"},"headline":"En courant dans les parcs de Paris avec Scott et Kelly","datePublished":"2012-09-22T06:59:00+00:00","dateModified":"2017-01-16T15:08:16+00:00","mainEntityOfPage":{"@id":"https:\/\/test-parisrunningtour.laurieassemat.com\/fr\/en-courant-dans-les-parcs-de-paris-avec-scott-et-kelly\/"},"wordCount":366,"commentCount":0,"publisher":{"@id":"https:\/\/test-parisrunningtour.laurieassemat.com\/fr\/#organization"},"image":{"@id":"https:\/\/test-parisrunningtour.laurieassemat.com\/fr\/en-courant-dans-les-parcs-de-paris-avec-scott-et-kelly\/#primaryimage"},"thumbnailUrl":"https:\/\/test-parisrunningtour.laurieassemat.com\/fr\/wp-content\/uploads\/sites\/1\/2012\/09\/PRT2012-09-22_11_JardinDuLuxembourg.jpg","articleSection":["Luxembourg (Jardin du)","Mur de Philippe Auguste","Observatoire de Paris","Palais Royal","Tuileries"],"inLanguage":"fr-FR","potentialAction":[{"@type":"CommentAction","name":"Comment","target":["https:\/\/test-parisrunningtour.laurieassemat.com\/fr\/en-courant-dans-les-parcs-de-paris-avec-scott-et-kelly\/#respond"]}]},{"@type":"WebPage","@id":"https:\/\/test-parisrunningtour.laurieassemat.com\/fr\/en-courant-dans-les-parcs-de-paris-avec-scott-et-kelly\/","url":"https:\/\/test-parisrunningtour.laurieassemat.com\/fr\/en-courant-dans-les-parcs-de-paris-avec-scott-et-kelly\/","name":"En courant dans les parcs de Paris avec Scott et Kelly | Paris Running Tours","isPartOf":{"@id":"https:\/\/test-parisrunningtour.laurieassemat.com\/fr\/#website"},"primaryImageOfPage":{"@id":"https:\/\/test-parisrunningtour.laurieassemat.com\/fr\/en-courant-dans-les-parcs-de-paris-avec-scott-et-kelly\/#primaryimage"},"image":{"@id":"https:\/\/test-parisrunningtour.laurieassemat.com\/fr\/en-courant-dans-les-parcs-de-paris-avec-scott-et-kelly\/#primaryimage"},"thumbnailUrl":"https:\/\/test-parisrunningtour.laurieassemat.com\/fr\/wp-content\/uploads\/sites\/1\/2012\/09\/PRT2012-09-22_11_JardinDuLuxembourg.jpg","datePublished":"2012-09-22T06:59:00+00:00","dateModified":"2017-01-16T15:08:16+00:00","breadcrumb":{"@id":"https:\/\/test-parisrunningtour.laurieassemat.com\/fr\/en-courant-dans-les-parcs-de-paris-avec-scott-et-kelly\/#breadcrumb"},"inLanguage":"fr-FR","potentialAction":[{"@type":"ReadAction","target":["https:\/\/test-parisrunningtour.laurieassemat.com\/fr\/en-courant-dans-les-parcs-de-paris-avec-scott-et-kelly\/"]}]},{"@type":"ImageObject","inLanguage":"fr-FR","@id":"https:\/\/test-parisrunningtour.laurieassemat.com\/fr\/en-courant-dans-les-parcs-de-paris-avec-scott-et-kelly\/#primaryimage","url":"https:\/\/test-parisrunningtour.laurieassemat.com\/fr\/wp-content\/uploads\/sites\/1\/2012\/09\/PRT2012-09-22_11_JardinDuLuxembourg.jpg","contentUrl":"https:\/\/test-parisrunningtour.laurieassemat.com\/fr\/wp-content\/uploads\/sites\/1\/2012\/09\/PRT2012-09-22_11_JardinDuLuxembourg.jpg","width":1708,"height":1708},{"@type":"BreadcrumbList","@id":"https:\/\/test-parisrunningtour.laurieassemat.com\/fr\/en-courant-dans-les-parcs-de-paris-avec-scott-et-kelly\/#breadcrumb","itemListElement":[{"@type":"ListItem","position":1,"name":"Accueil","item":"https:\/\/test-parisrunningtour.laurieassemat.com\/fr\/"},{"@type":"ListItem","position":2,"name":"En courant dans les parcs de Paris avec Scott et Kelly"}]},{"@type":"WebSite","@id":"https:\/\/test-parisrunningtour.laurieassemat.com\/fr\/#website","url":"https:\/\/test-parisrunningtour.laurieassemat.com\/fr\/","name":"Paris Running Tours","description":"D\u00e9couvrir Paris en courant","publisher":{"@id":"https:\/\/test-parisrunningtour.laurieassemat.com\/fr\/#organization"},"potentialAction":[{"@type":"SearchAction","target":{"@type":"EntryPoint","urlTemplate":"https:\/\/test-parisrunningtour.laurieassemat.com\/fr\/?s={search_term_string}"},"query-input":{"@type":"PropertyValueSpecification","valueRequired":true,"valueName":"search_term_string"}}],"inLanguage":"fr-FR"},{"@type":"Organization","@id":"https:\/\/test-parisrunningtour.laurieassemat.com\/fr\/#organization","name":"Paris Running Tours","url":"https:\/\/test-parisrunningtour.laurieassemat.com\/fr\/","logo":{"@type":"ImageObject","inLanguage":"fr-FR","@id":"https:\/\/test-parisrunningtour.laurieassemat.com\/fr\/#\/schema\/logo\/image\/","url":"https:\/\/test-parisrunningtour.laurieassemat.com\/fr\/wp-content\/uploads\/sites\/1\/2016\/12\/cropped-faviconPRT.png","contentUrl":"https:\/\/test-parisrunningtour.laurieassemat.com\/fr\/wp-content\/uploads\/sites\/1\/2016\/12\/cropped-faviconPRT.png","width":512,"height":512,"caption":"Paris Running Tours"},"image":{"@id":"https:\/\/test-parisrunningtour.laurieassemat.com\/fr\/#\/schema\/logo\/image\/"}},{"@type":"Person","@id":"https:\/\/test-parisrunningtour.laurieassemat.com\/fr\/#\/schema\/person\/75f0dc3c395ae2b4e14e29aff8f6a5af","name":"Admin","image":{"@type":"ImageObject","inLanguage":"fr-FR","@id":"https:\/\/secure.gravatar.com\/avatar\/2980d1c79775d028873614111fac5ea2906175b9eba90c2fe773d875d19902e0?s=96&d=mm&r=g","url":"https:\/\/secure.gravatar.com\/avatar\/2980d1c79775d028873614111fac5ea2906175b9eba90c2fe773d875d19902e0?s=96&d=mm&r=g","contentUrl":"https:\/\/secure.gravatar.com\/avatar\/2980d1c79775d028873614111fac5ea2906175b9eba90c2fe773d875d19902e0?s=96&d=mm&r=g","caption":"Admin"},"sameAs":["https:\/\/www.parisrunningtour.com"]}]}},"_links":{"self":[{"href":"https:\/\/test-parisrunningtour.laurieassemat.com\/fr\/wp-json\/wp\/v2\/posts\/106","targetHints":{"allow":["GET"]}}],"collection":[{"href":"https:\/\/test-parisrunningtour.laurieassemat.com\/fr\/wp-json\/wp\/v2\/posts"}],"about":[{"href":"https:\/\/test-parisrunningtour.laurieassemat.com\/fr\/wp-json\/wp\/v2\/types\/post"}],"author":[{"embeddable":true,"href":"https:\/\/test-parisrunningtour.laurieassemat.com\/fr\/wp-json\/wp\/v2\/users\/1"}],"replies":[{"embeddable":true,"href":"https:\/\/test-parisrunningtour.laurieassemat.com\/fr\/wp-json\/wp\/v2\/comments?post=106"}],"version-history":[{"count":1,"href":"https:\/\/test-parisrunningtour.laurieassemat.com\/fr\/wp-json\/wp\/v2\/posts\/106\/revisions"}],"predecessor-version":[{"id":1340,"href":"https:\/\/test-parisrunningtour.laurieassemat.com\/fr\/wp-json\/wp\/v2\/posts\/106\/revisions\/1340"}],"wp:featuredmedia":[{"embeddable":true,"href":"https:\/\/test-parisrunningtour.laurieassemat.com\/fr\/wp-json\/wp\/v2\/media\/1339"}],"wp:attachment":[{"href":"https:\/\/test-parisrunningtour.laurieassemat.com\/fr\/wp-json\/wp\/v2\/media?parent=106"}],"wp:term":[{"taxonomy":"category","embeddable":true,"href":"https:\/\/test-parisrunningtour.laurieassemat.com\/fr\/wp-json\/wp\/v2\/categories?post=106"},{"taxonomy":"post_tag","embeddable":true,"href":"https:\/\/test-parisrunningtour.laurieassemat.com\/fr\/wp-json\/wp\/v2\/tags?post=106"}],"curies":[{"name":"wp","href":"https:\/\/api.w.org\/{rel}","templated":true}]}}