{"id":112,"date":"2012-07-05T07:03:00","date_gmt":"2012-07-05T05:03:00","guid":{"rendered":"http:\/\/runningtour.paris\/blog\/2012\/07\/05\/de-la-bastille-au-pont-de-la-concorde-avec-jessica\/"},"modified":"2017-01-16T16:13:07","modified_gmt":"2017-01-16T15:13:07","slug":"de-la-bastille-au-pont-de-la-concorde-avec-jessica","status":"publish","type":"post","link":"https:\/\/test-parisrunningtour.laurieassemat.com\/fr\/de-la-bastille-au-pont-de-la-concorde-avec-jessica\/","title":{"rendered":"De la Bastille au pont de la Concorde avec Jessica"},"content":{"rendered":"<div style=\"clear: both; text-align: center;\"><\/div>\n<table style=\"margin-left: auto; margin-right: auto; text-align: center;\" cellspacing=\"0\" cellpadding=\"0\" align=\"center\">\n<tbody>\n<tr>\n<td style=\"text-align: center;\"><a style=\"margin-left: auto; margin-right: auto;\" title=\"Cliquer sur l'image pour l'agrandir\" href=\"http:\/\/1.bp.blogspot.com\/-r8QE425Samc\/T_hz3_BGNkI\/AAAAAAAAAk0\/S7bK1Peetzc\/s1600\/2012-07-05_08_PontDeLaConcorde.jpg\" target=\"_blank\"><img fetchpriority=\"high\" decoding=\"async\" src=\"http:\/\/1.bp.blogspot.com\/-r8QE425Samc\/T_hz3_BGNkI\/AAAAAAAAAk0\/S7bK1Peetzc\/s640\/2012-07-05_08_PontDeLaConcorde.jpg\" width=\"640\" height=\"358\" border=\"0\" \/><\/a><\/td>\n<\/tr>\n<tr>\n<td style=\"text-align: center;\"><span style=\"font-family: 'Trebuchet MS', sans-serif;\">Jessica &#8211; Pont de la Concorde<\/span><\/td>\n<\/tr>\n<\/tbody>\n<\/table>\n<p><span style=\"font-family: 'Trebuchet MS', sans-serif;\"><b>7h03 &#8211;<\/b>\u00a0Profitant d&rsquo;une matin\u00e9e ensoleill\u00e9e avec Jessica de Los Angeles (USA), nous avons travers\u00e9 Paris depuis la Bastille jusqu&rsquo;\u00e0 la place Concorde.<\/span><br \/>\n<span style=\"font-family: 'Trebuchet MS', sans-serif;\">Connaissiez-vous l&rsquo;<a href=\"http:\/\/parisrunningtour-fr.blogspot.fr\/2012\/03\/reminiscences-de-la-revolution.html\" target=\"_blank\">anecdote<\/a> qui lie les deux endroits ? Des pierres du fort de la Bastille d\u00e9truit par les r\u00e9volutionnaires ont servi \u00e0 construire le Pont de la Concorde. Les parisiens pouvaient ainsi marcher sur un des symboles forts de la Monarchie !<\/span><\/p>\n<p><span style=\"font-family: 'Trebuchet MS', sans-serif;\">Apr\u00e8s \u00eatre pass\u00e9s place de la Bastille o\u00f9 nous avons d\u00e9couvert sur le sol les traces du fort d\u00e9truit (\u00e0 la fin de la rue Saint-Antoine), nous avons rejoint la Mairie de Paris :<\/span><\/p>\n<div style=\"text-align: left;\"><\/div>\n<div style=\"clear: both; text-align: center;\"><\/div>\n<table style=\"margin-left: auto; margin-right: auto; text-align: center;\" cellspacing=\"0\" cellpadding=\"0\" align=\"center\">\n<tbody>\n<tr>\n<td style=\"text-align: center;\"><a style=\"margin-left: auto; margin-right: auto;\" title=\"Cliquer sur l'image pour l'agrandir\" href=\"http:\/\/1.bp.blogspot.com\/-cvWKII5y7_k\/T_h0KZ4YnOI\/AAAAAAAAAk8\/F95ERKOLO4A\/s1600\/2012-07-05_02_HotelDeVilleDeParis(ParisTownHall).jpg\" target=\"_blank\"><img decoding=\"async\" src=\"http:\/\/1.bp.blogspot.com\/-cvWKII5y7_k\/T_h0KZ4YnOI\/AAAAAAAAAk8\/F95ERKOLO4A\/s640\/2012-07-05_02_HotelDeVilleDeParis(ParisTownHall).jpg\" width=\"640\" height=\"480\" border=\"0\" \/><\/a><\/td>\n<\/tr>\n<tr>\n<td style=\"text-align: center;\"><span style=\"font-family: 'Trebuchet MS', sans-serif;\">Jessica &#8211; L&rsquo;H\u00f4tel de Ville<\/span><\/td>\n<\/tr>\n<\/tbody>\n<\/table>\n<p><span style=\"font-family: 'Trebuchet MS', sans-serif;\">C&rsquo;est la \u00ab\u00a0version\u00a0\u00bb de l&rsquo;H\u00f4tel de Ville de 1882 que nous pouvons contempler, la pr\u00e9c\u00e9dente ayant \u00e9t\u00e9\u00a0br\u00fbl\u00e9e\u00a0lors des\u00a0\u00e9v\u00e8nements\u00a0de la \u00ab\u00a0Commune\u00a0\u00bb en 1871.\u00a0<\/span><br \/>\n<span style=\"font-family: 'Trebuchet MS', sans-serif;\">Sur la photo, on peut remarquer des drapeaux am\u00e9ricains et fran\u00e7ais, ayant sans doute \u00e9t\u00e9 ici r\u00e9unis pour honorer la f\u00eate nationale des Etats Unis du 4 juillet.<\/span><\/p>\n<p><span style=\"font-family: 'Trebuchet MS', sans-serif;\">Un peu plus loin, pr\u00e8s des Halles, nous avons interrompu notre course un moment pour pouvoir appr\u00e9cier le toit en verre et les fresques du plafond de la Bourse du commerce. Ancienne Halle aux bl\u00e9s o\u00f9 les c\u00e9r\u00e9ales \u00e9taient stock\u00e9es et vendues, puis bourse du commerce, elle est maintenant occup\u00e9e par la\u00a0<\/span><span style=\"font-family: 'Trebuchet MS', sans-serif;\">Chambre de commerce et d&rsquo;industrie de Paris, d\u00e9di\u00e9e principalement \u00e0 la cr\u00e9ation d&rsquo;entreprises :<\/span><\/p>\n<table style=\"margin-left: auto; margin-right: auto; text-align: center;\" cellspacing=\"0\" cellpadding=\"0\" align=\"center\">\n<tbody>\n<tr>\n<td style=\"text-align: center;\"><a style=\"margin-left: auto; margin-right: auto;\" title=\"Cliquer sur l'image pour l'agrandir\" href=\"http:\/\/1.bp.blogspot.com\/-vNgmo4IyQDo\/T_h0byURKrI\/AAAAAAAAAlE\/1OUL5d7cGNA\/s1600\/BourseDuCommerce.jpg\" target=\"_blank\"><img decoding=\"async\" src=\"http:\/\/1.bp.blogspot.com\/-vNgmo4IyQDo\/T_h0byURKrI\/AAAAAAAAAlE\/1OUL5d7cGNA\/s640\/BourseDuCommerce.jpg\" width=\"640\" height=\"162\" border=\"0\" \/><\/a><\/td>\n<\/tr>\n<tr>\n<td style=\"text-align: center;\"><span style=\"font-family: 'Trebuchet MS', sans-serif;\">La Bourse du Commerce &#8211; Paris<\/span><\/td>\n<\/tr>\n<\/tbody>\n<\/table>\n<p><span style=\"font-family: 'Trebuchet MS', sans-serif;\">Notre parcours nous a ensuite conduits place de la Concorde. Les pr\u00e9paratifs de la F\u00eate Nationale, le 14 juillet, sont bien avanc\u00e9s. On peut voir sur la photo la tribune o\u00f9 si\u00e9geront le Pr\u00e9sident de la R\u00e9publique et les membres du gouvernement, tribune situ\u00e9e en face des Champs Elys\u00e9es d&rsquo;o\u00f9 descendra la parade militaire. Remarquez le toit aux couleurs du drapeau fran\u00e7ais&#8230;<\/span><\/p>\n<table style=\"margin-left: auto; margin-right: auto; text-align: center;\" cellspacing=\"0\" cellpadding=\"0\" align=\"center\">\n<tbody>\n<tr>\n<td style=\"text-align: center;\"><a style=\"margin-left: auto; margin-right: auto;\" title=\"Cliquer sur l'image pour l'agrandir\" href=\"http:\/\/4.bp.blogspot.com\/-oMFPJ9jAVMI\/T_h0y8yivcI\/AAAAAAAAAlM\/cy7E7zfYlV8\/s1600\/2012-07-05_07_ObelisqueDeLaConcorde.jpg\" target=\"_blank\"><img loading=\"lazy\" decoding=\"async\" src=\"http:\/\/4.bp.blogspot.com\/-oMFPJ9jAVMI\/T_h0y8yivcI\/AAAAAAAAAlM\/cy7E7zfYlV8\/s640\/2012-07-05_07_ObelisqueDeLaConcorde.jpg\" width=\"582\" height=\"640\" border=\"0\" \/><\/a><\/td>\n<\/tr>\n<tr>\n<td style=\"text-align: center;\"><span style=\"font-family: 'Trebuchet MS', sans-serif;\">Jessica &#8211; Place de la Concorde<\/span><\/td>\n<\/tr>\n<\/tbody>\n<\/table>\n<p><span style=\"font-family: 'Trebuchet MS', sans-serif;\">Nous avons termin\u00e9 notre course dans le quartier du Marais o\u00f9 nous avons pu admirer le superbe h\u00f4tel de Sens :<\/span><\/p>\n<div style=\"clear: both; text-align: center;\"><\/div>\n<div style=\"clear: both; text-align: center;\"><\/div>\n<table style=\"margin-left: auto; margin-right: auto; text-align: center;\" cellspacing=\"0\" cellpadding=\"0\" align=\"center\">\n<tbody>\n<tr>\n<td style=\"text-align: center;\"><a style=\"margin-left: auto; margin-right: auto;\" title=\"Cliquer sur l'image pour l'agrandir\" href=\"http:\/\/3.bp.blogspot.com\/-RsbacIUOha4\/T_h09T5tJCI\/AAAAAAAAAlU\/JQwWQMTBT8o\/s1600\/2012-07-05_09_HotelDeSens.jpg\" target=\"_blank\"><img loading=\"lazy\" decoding=\"async\" src=\"http:\/\/3.bp.blogspot.com\/-RsbacIUOha4\/T_h09T5tJCI\/AAAAAAAAAlU\/JQwWQMTBT8o\/s640\/2012-07-05_09_HotelDeSens.jpg\" width=\"640\" height=\"536\" border=\"0\" \/><\/a><\/td>\n<\/tr>\n<tr>\n<td style=\"text-align: center;\"><span style=\"font-family: 'Trebuchet MS', sans-serif;\">H\u00f4tel de Sens<\/span><\/td>\n<\/tr>\n<\/tbody>\n<\/table>\n<p><span style=\"font-family: 'Trebuchet MS', sans-serif;\">Jessica est une coureuse r\u00e9guli\u00e8re, amatrice de nourriture saine mais aussi compositrice et chanteuse : <a href=\"http:\/\/www.raeluxmusic.com\/\" target=\"_blank\">Raelux !<\/a><\/span><\/p>\n<p><span style=\"font-family: 'Trebuchet MS', sans-serif;\">Merci\u00a0Jessica !<\/span><\/p>\n<div>\n<div><span style=\"font-family: 'Trebuchet MS', sans-serif;\"><b><br \/>\n<\/b><\/span><span style=\"font-family: 'Trebuchet MS', sans-serif;\"><b>Le circuit du tour :<\/b><\/span><\/p>\n<div style=\"clear: both; text-align: center;\"><a style=\"clear: left; float: left; margin-bottom: 1em; margin-right: 1em;\" title=\"Cliquer sur l'image pour l'agrandir\" href=\"http:\/\/3.bp.blogspot.com\/-GuAIl8vtnY8\/T_h1u-HAjCI\/AAAAAAAAAlo\/zIFcEaD1trg\/s1600\/ParcoursJessica.jpg\" target=\"_blank\"><img loading=\"lazy\" decoding=\"async\" src=\"http:\/\/3.bp.blogspot.com\/-GuAIl8vtnY8\/T_h1u-HAjCI\/AAAAAAAAAlo\/zIFcEaD1trg\/s640\/ParcoursJessica.jpg\" width=\"640\" height=\"272\" border=\"0\" \/><\/a><\/div>\n<p><span style=\"font-family: 'Trebuchet MS', sans-serif;\"><b><br \/>\n<\/b><\/span><\/p>\n<div style=\"clear: both; text-align: center;\"><\/div>\n<div style=\"clear: both; text-align: center;\"><\/div>\n<div style=\"clear: both; text-align: center;\"><\/div>\n<\/div>\n<\/div>\n","protected":false},"excerpt":{"rendered":"<p>Jessica &#8211; Pont de la Concorde 7h03 &#8211;\u00a0Profitant d&rsquo;une matin\u00e9e ensoleill\u00e9e avec Jessica de Los Angeles (USA), nous avons travers\u00e9 Paris depuis la Bastille jusqu&rsquo;\u00e0 la place Concorde. Connaissiez-vous l&rsquo;anecdote qui lie les deux endroits ? Des pierres du fort de la Bastille d\u00e9truit par les r\u00e9volutionnaires ont servi \u00e0 construire le Pont de la Concorde. Les parisiens pouvaient ainsi marcher sur un des symboles forts de la Monarchie ! Apr\u00e8s \u00eatre pass\u00e9s place de la Bastille o\u00f9 nous avons d\u00e9couvert sur le sol les traces du fort d\u00e9truit (\u00e0 la fin de la rue Saint-Antoine), nous avons rejoint la Mairie de Paris : Jessica &#8211; L&rsquo;H\u00f4tel de Ville C&rsquo;est la \u00ab\u00a0version\u00a0\u00bb de l&rsquo;H\u00f4tel de Ville de 1882 que nous pouvons contempler, la pr\u00e9c\u00e9dente ayant \u00e9t\u00e9\u00a0br\u00fbl\u00e9e\u00a0lors des\u00a0\u00e9v\u00e8nements\u00a0de la \u00ab\u00a0Commune\u00a0\u00bb en 1871.\u00a0 Sur la photo, on peut remarquer des drapeaux am\u00e9ricains et fran\u00e7ais, ayant sans doute \u00e9t\u00e9 ici r\u00e9unis pour honorer la f\u00eate nationale des Etats Unis du 4 juillet. Un peu plus loin, pr\u00e8s des Halles, nous avons interrompu notre course un moment pour pouvoir appr\u00e9cier le toit en verre et les fresques du plafond de la Bourse du commerce. Ancienne Halle aux bl\u00e9s o\u00f9 les c\u00e9r\u00e9ales \u00e9taient stock\u00e9es et vendues, puis bourse du commerce, elle est maintenant occup\u00e9e par la\u00a0Chambre de commerce et d&rsquo;industrie de Paris, d\u00e9di\u00e9e principalement \u00e0 la cr\u00e9ation d&rsquo;entreprises : La Bourse du Commerce &#8211; Paris Notre parcours nous a ensuite conduits place de la Concorde. Les pr\u00e9paratifs de la F\u00eate Nationale, le 14 juillet, sont bien avanc\u00e9s. On peut voir sur la photo la tribune o\u00f9 si\u00e9geront le Pr\u00e9sident de la R\u00e9publique et les membres du gouvernement, tribune situ\u00e9e en face des Champs Elys\u00e9es d&rsquo;o\u00f9 descendra la parade militaire. Remarquez le toit aux couleurs du drapeau fran\u00e7ais&#8230; Jessica &#8211; Place de la Concorde Nous avons termin\u00e9 notre course dans le quartier du Marais o\u00f9 nous avons pu admirer le superbe h\u00f4tel de Sens : H\u00f4tel de Sens Jessica est une coureuse r\u00e9guli\u00e8re, amatrice de nourriture saine mais aussi compositrice et chanteuse : Raelux ! Merci\u00a0Jessica ! Le circuit du tour :<\/p>\n","protected":false},"author":1,"featured_media":1351,"comment_status":"open","ping_status":"open","sticky":false,"template":"","format":"standard","meta":{"footnotes":""},"categories":[82,96,23,53,8,30],"tags":[],"class_list":["post-112","post","type-post","status-publish","format-standard","has-post-thumbnail","hentry","category-bastille","category-bourse-du-commerce","category-concorde-place-de-la","category-concorde-pont-de-la","category-hotel-de-sens","category-hotel-de-ville"],"yoast_head":"<!-- This site is optimized with the Yoast SEO plugin v27.5 - https:\/\/yoast.com\/product\/yoast-seo-wordpress\/ -->\n<title>De la Bastille au pont de la Concorde avec Jessica | Paris Running Tours<\/title>\n<meta name=\"robots\" content=\"noindex, follow, max-snippet:-1, max-image-preview:large, max-video-preview:-1\" \/>\n<meta property=\"og:locale\" content=\"fr_FR\" \/>\n<meta property=\"og:type\" content=\"article\" \/>\n<meta property=\"og:title\" content=\"De la Bastille au pont de la Concorde avec Jessica | Paris Running Tours\" \/>\n<meta property=\"og:description\" content=\"Jessica &#8211; Pont de la Concorde 7h03 &#8211;\u00a0Profitant d&rsquo;une matin\u00e9e ensoleill\u00e9e avec Jessica de Los Angeles (USA), nous avons travers\u00e9 Paris depuis la Bastille jusqu&rsquo;\u00e0 la place Concorde. Connaissiez-vous l&rsquo;anecdote qui lie les deux endroits ? Des pierres du fort de la Bastille d\u00e9truit par les r\u00e9volutionnaires ont servi \u00e0 construire le Pont de la Concorde. Les parisiens pouvaient ainsi marcher sur un des symboles forts de la Monarchie ! Apr\u00e8s \u00eatre pass\u00e9s place de la Bastille o\u00f9 nous avons d\u00e9couvert sur le sol les traces du fort d\u00e9truit (\u00e0 la fin de la rue Saint-Antoine), nous avons rejoint la Mairie de Paris : Jessica &#8211; L&rsquo;H\u00f4tel de Ville C&rsquo;est la \u00ab\u00a0version\u00a0\u00bb de l&rsquo;H\u00f4tel de Ville de 1882 que nous pouvons contempler, la pr\u00e9c\u00e9dente ayant \u00e9t\u00e9\u00a0br\u00fbl\u00e9e\u00a0lors des\u00a0\u00e9v\u00e8nements\u00a0de la \u00ab\u00a0Commune\u00a0\u00bb en 1871.\u00a0 Sur la photo, on peut remarquer des drapeaux am\u00e9ricains et fran\u00e7ais, ayant sans doute \u00e9t\u00e9 ici r\u00e9unis pour honorer la f\u00eate nationale des Etats Unis du 4 juillet. Un peu plus loin, pr\u00e8s des Halles, nous avons interrompu notre course un moment pour pouvoir appr\u00e9cier le toit en verre et les fresques du plafond de la Bourse du commerce. Ancienne Halle aux bl\u00e9s o\u00f9 les c\u00e9r\u00e9ales \u00e9taient stock\u00e9es et vendues, puis bourse du commerce, elle est maintenant occup\u00e9e par la\u00a0Chambre de commerce et d&rsquo;industrie de Paris, d\u00e9di\u00e9e principalement \u00e0 la cr\u00e9ation d&rsquo;entreprises : La Bourse du Commerce &#8211; Paris Notre parcours nous a ensuite conduits place de la Concorde. Les pr\u00e9paratifs de la F\u00eate Nationale, le 14 juillet, sont bien avanc\u00e9s. On peut voir sur la photo la tribune o\u00f9 si\u00e9geront le Pr\u00e9sident de la R\u00e9publique et les membres du gouvernement, tribune situ\u00e9e en face des Champs Elys\u00e9es d&rsquo;o\u00f9 descendra la parade militaire. Remarquez le toit aux couleurs du drapeau fran\u00e7ais&#8230; Jessica &#8211; Place de la Concorde Nous avons termin\u00e9 notre course dans le quartier du Marais o\u00f9 nous avons pu admirer le superbe h\u00f4tel de Sens : H\u00f4tel de Sens Jessica est une coureuse r\u00e9guli\u00e8re, amatrice de nourriture saine mais aussi compositrice et chanteuse : Raelux ! Merci\u00a0Jessica ! Le circuit du tour :\" \/>\n<meta property=\"og:url\" content=\"https:\/\/test-parisrunningtour.laurieassemat.com\/fr\/de-la-bastille-au-pont-de-la-concorde-avec-jessica\/\" \/>\n<meta property=\"og:site_name\" content=\"Paris Running Tours\" \/>\n<meta property=\"article:published_time\" content=\"2012-07-05T05:03:00+00:00\" \/>\n<meta property=\"article:modified_time\" content=\"2017-01-16T15:13:07+00:00\" \/>\n<meta property=\"og:image\" content=\"https:\/\/test-parisrunningtour.laurieassemat.com\/fr\/wp-content\/uploads\/sites\/1\/2012\/07\/PRT2012-07-05_08_PontDeLaConcorde.jpg\" \/>\n\t<meta property=\"og:image:width\" content=\"900\" \/>\n\t<meta property=\"og:image:height\" content=\"900\" \/>\n\t<meta property=\"og:image:type\" content=\"image\/jpeg\" \/>\n<meta name=\"author\" content=\"Admin\" \/>\n<meta name=\"twitter:card\" content=\"summary_large_image\" \/>\n<meta name=\"twitter:label1\" content=\"\u00c9crit par\" \/>\n\t<meta name=\"twitter:data1\" content=\"Admin\" \/>\n\t<meta name=\"twitter:label2\" content=\"Dur\u00e9e de lecture estim\u00e9e\" \/>\n\t<meta name=\"twitter:data2\" content=\"2 minutes\" \/>\n<script type=\"application\/ld+json\" class=\"yoast-schema-graph\">{\"@context\":\"https:\\\/\\\/schema.org\",\"@graph\":[{\"@type\":\"Article\",\"@id\":\"https:\\\/\\\/test-parisrunningtour.laurieassemat.com\\\/fr\\\/de-la-bastille-au-pont-de-la-concorde-avec-jessica\\\/#article\",\"isPartOf\":{\"@id\":\"https:\\\/\\\/test-parisrunningtour.laurieassemat.com\\\/fr\\\/de-la-bastille-au-pont-de-la-concorde-avec-jessica\\\/\"},\"author\":{\"name\":\"Admin\",\"@id\":\"https:\\\/\\\/test-parisrunningtour.laurieassemat.com\\\/fr\\\/#\\\/schema\\\/person\\\/75f0dc3c395ae2b4e14e29aff8f6a5af\"},\"headline\":\"De la Bastille au pont de la Concorde avec Jessica\",\"datePublished\":\"2012-07-05T05:03:00+00:00\",\"dateModified\":\"2017-01-16T15:13:07+00:00\",\"mainEntityOfPage\":{\"@id\":\"https:\\\/\\\/test-parisrunningtour.laurieassemat.com\\\/fr\\\/de-la-bastille-au-pont-de-la-concorde-avec-jessica\\\/\"},\"wordCount\":397,\"commentCount\":0,\"publisher\":{\"@id\":\"https:\\\/\\\/test-parisrunningtour.laurieassemat.com\\\/fr\\\/#organization\"},\"image\":{\"@id\":\"https:\\\/\\\/test-parisrunningtour.laurieassemat.com\\\/fr\\\/de-la-bastille-au-pont-de-la-concorde-avec-jessica\\\/#primaryimage\"},\"thumbnailUrl\":\"https:\\\/\\\/test-parisrunningtour.laurieassemat.com\\\/fr\\\/wp-content\\\/uploads\\\/sites\\\/1\\\/2012\\\/07\\\/PRT2012-07-05_08_PontDeLaConcorde.jpg\",\"articleSection\":[\"Bastille\",\"Bourse du Commerce\",\"Concorde (Place de la)\",\"Concorde (Pont de la)\",\"H\u00f4tel de Sens\",\"H\u00f4tel de Ville\"],\"inLanguage\":\"fr-FR\",\"potentialAction\":[{\"@type\":\"CommentAction\",\"name\":\"Comment\",\"target\":[\"https:\\\/\\\/test-parisrunningtour.laurieassemat.com\\\/fr\\\/de-la-bastille-au-pont-de-la-concorde-avec-jessica\\\/#respond\"]}]},{\"@type\":\"WebPage\",\"@id\":\"https:\\\/\\\/test-parisrunningtour.laurieassemat.com\\\/fr\\\/de-la-bastille-au-pont-de-la-concorde-avec-jessica\\\/\",\"url\":\"https:\\\/\\\/test-parisrunningtour.laurieassemat.com\\\/fr\\\/de-la-bastille-au-pont-de-la-concorde-avec-jessica\\\/\",\"name\":\"De la Bastille au pont de la Concorde avec Jessica | Paris Running Tours\",\"isPartOf\":{\"@id\":\"https:\\\/\\\/test-parisrunningtour.laurieassemat.com\\\/fr\\\/#website\"},\"primaryImageOfPage\":{\"@id\":\"https:\\\/\\\/test-parisrunningtour.laurieassemat.com\\\/fr\\\/de-la-bastille-au-pont-de-la-concorde-avec-jessica\\\/#primaryimage\"},\"image\":{\"@id\":\"https:\\\/\\\/test-parisrunningtour.laurieassemat.com\\\/fr\\\/de-la-bastille-au-pont-de-la-concorde-avec-jessica\\\/#primaryimage\"},\"thumbnailUrl\":\"https:\\\/\\\/test-parisrunningtour.laurieassemat.com\\\/fr\\\/wp-content\\\/uploads\\\/sites\\\/1\\\/2012\\\/07\\\/PRT2012-07-05_08_PontDeLaConcorde.jpg\",\"datePublished\":\"2012-07-05T05:03:00+00:00\",\"dateModified\":\"2017-01-16T15:13:07+00:00\",\"breadcrumb\":{\"@id\":\"https:\\\/\\\/test-parisrunningtour.laurieassemat.com\\\/fr\\\/de-la-bastille-au-pont-de-la-concorde-avec-jessica\\\/#breadcrumb\"},\"inLanguage\":\"fr-FR\",\"potentialAction\":[{\"@type\":\"ReadAction\",\"target\":[\"https:\\\/\\\/test-parisrunningtour.laurieassemat.com\\\/fr\\\/de-la-bastille-au-pont-de-la-concorde-avec-jessica\\\/\"]}]},{\"@type\":\"ImageObject\",\"inLanguage\":\"fr-FR\",\"@id\":\"https:\\\/\\\/test-parisrunningtour.laurieassemat.com\\\/fr\\\/de-la-bastille-au-pont-de-la-concorde-avec-jessica\\\/#primaryimage\",\"url\":\"https:\\\/\\\/test-parisrunningtour.laurieassemat.com\\\/fr\\\/wp-content\\\/uploads\\\/sites\\\/1\\\/2012\\\/07\\\/PRT2012-07-05_08_PontDeLaConcorde.jpg\",\"contentUrl\":\"https:\\\/\\\/test-parisrunningtour.laurieassemat.com\\\/fr\\\/wp-content\\\/uploads\\\/sites\\\/1\\\/2012\\\/07\\\/PRT2012-07-05_08_PontDeLaConcorde.jpg\",\"width\":900,\"height\":900},{\"@type\":\"BreadcrumbList\",\"@id\":\"https:\\\/\\\/test-parisrunningtour.laurieassemat.com\\\/fr\\\/de-la-bastille-au-pont-de-la-concorde-avec-jessica\\\/#breadcrumb\",\"itemListElement\":[{\"@type\":\"ListItem\",\"position\":1,\"name\":\"Accueil\",\"item\":\"https:\\\/\\\/test-parisrunningtour.laurieassemat.com\\\/fr\\\/\"},{\"@type\":\"ListItem\",\"position\":2,\"name\":\"De la Bastille au pont de la Concorde avec Jessica\"}]},{\"@type\":\"WebSite\",\"@id\":\"https:\\\/\\\/test-parisrunningtour.laurieassemat.com\\\/fr\\\/#website\",\"url\":\"https:\\\/\\\/test-parisrunningtour.laurieassemat.com\\\/fr\\\/\",\"name\":\"Paris Running Tours\",\"description\":\"D\u00e9couvrir Paris en courant\",\"publisher\":{\"@id\":\"https:\\\/\\\/test-parisrunningtour.laurieassemat.com\\\/fr\\\/#organization\"},\"potentialAction\":[{\"@type\":\"SearchAction\",\"target\":{\"@type\":\"EntryPoint\",\"urlTemplate\":\"https:\\\/\\\/test-parisrunningtour.laurieassemat.com\\\/fr\\\/?s={search_term_string}\"},\"query-input\":{\"@type\":\"PropertyValueSpecification\",\"valueRequired\":true,\"valueName\":\"search_term_string\"}}],\"inLanguage\":\"fr-FR\"},{\"@type\":\"Organization\",\"@id\":\"https:\\\/\\\/test-parisrunningtour.laurieassemat.com\\\/fr\\\/#organization\",\"name\":\"Paris Running Tours\",\"url\":\"https:\\\/\\\/test-parisrunningtour.laurieassemat.com\\\/fr\\\/\",\"logo\":{\"@type\":\"ImageObject\",\"inLanguage\":\"fr-FR\",\"@id\":\"https:\\\/\\\/test-parisrunningtour.laurieassemat.com\\\/fr\\\/#\\\/schema\\\/logo\\\/image\\\/\",\"url\":\"https:\\\/\\\/test-parisrunningtour.laurieassemat.com\\\/fr\\\/wp-content\\\/uploads\\\/sites\\\/1\\\/2016\\\/12\\\/cropped-faviconPRT.png\",\"contentUrl\":\"https:\\\/\\\/test-parisrunningtour.laurieassemat.com\\\/fr\\\/wp-content\\\/uploads\\\/sites\\\/1\\\/2016\\\/12\\\/cropped-faviconPRT.png\",\"width\":512,\"height\":512,\"caption\":\"Paris Running Tours\"},\"image\":{\"@id\":\"https:\\\/\\\/test-parisrunningtour.laurieassemat.com\\\/fr\\\/#\\\/schema\\\/logo\\\/image\\\/\"}},{\"@type\":\"Person\",\"@id\":\"https:\\\/\\\/test-parisrunningtour.laurieassemat.com\\\/fr\\\/#\\\/schema\\\/person\\\/75f0dc3c395ae2b4e14e29aff8f6a5af\",\"name\":\"Admin\",\"image\":{\"@type\":\"ImageObject\",\"inLanguage\":\"fr-FR\",\"@id\":\"https:\\\/\\\/secure.gravatar.com\\\/avatar\\\/2980d1c79775d028873614111fac5ea2906175b9eba90c2fe773d875d19902e0?s=96&d=mm&r=g\",\"url\":\"https:\\\/\\\/secure.gravatar.com\\\/avatar\\\/2980d1c79775d028873614111fac5ea2906175b9eba90c2fe773d875d19902e0?s=96&d=mm&r=g\",\"contentUrl\":\"https:\\\/\\\/secure.gravatar.com\\\/avatar\\\/2980d1c79775d028873614111fac5ea2906175b9eba90c2fe773d875d19902e0?s=96&d=mm&r=g\",\"caption\":\"Admin\"},\"sameAs\":[\"https:\\\/\\\/www.parisrunningtour.com\"]}]}<\/script>\n<!-- \/ Yoast SEO plugin. -->","yoast_head_json":{"title":"De la Bastille au pont de la Concorde avec Jessica | Paris Running Tours","robots":{"index":"noindex","follow":"follow","max-snippet":"max-snippet:-1","max-image-preview":"max-image-preview:large","max-video-preview":"max-video-preview:-1"},"og_locale":"fr_FR","og_type":"article","og_title":"De la Bastille au pont de la Concorde avec Jessica | Paris Running Tours","og_description":"Jessica &#8211; Pont de la Concorde 7h03 &#8211;\u00a0Profitant d&rsquo;une matin\u00e9e ensoleill\u00e9e avec Jessica de Los Angeles (USA), nous avons travers\u00e9 Paris depuis la Bastille jusqu&rsquo;\u00e0 la place Concorde. Connaissiez-vous l&rsquo;anecdote qui lie les deux endroits ? Des pierres du fort de la Bastille d\u00e9truit par les r\u00e9volutionnaires ont servi \u00e0 construire le Pont de la Concorde. Les parisiens pouvaient ainsi marcher sur un des symboles forts de la Monarchie ! Apr\u00e8s \u00eatre pass\u00e9s place de la Bastille o\u00f9 nous avons d\u00e9couvert sur le sol les traces du fort d\u00e9truit (\u00e0 la fin de la rue Saint-Antoine), nous avons rejoint la Mairie de Paris : Jessica &#8211; L&rsquo;H\u00f4tel de Ville C&rsquo;est la \u00ab\u00a0version\u00a0\u00bb de l&rsquo;H\u00f4tel de Ville de 1882 que nous pouvons contempler, la pr\u00e9c\u00e9dente ayant \u00e9t\u00e9\u00a0br\u00fbl\u00e9e\u00a0lors des\u00a0\u00e9v\u00e8nements\u00a0de la \u00ab\u00a0Commune\u00a0\u00bb en 1871.\u00a0 Sur la photo, on peut remarquer des drapeaux am\u00e9ricains et fran\u00e7ais, ayant sans doute \u00e9t\u00e9 ici r\u00e9unis pour honorer la f\u00eate nationale des Etats Unis du 4 juillet. Un peu plus loin, pr\u00e8s des Halles, nous avons interrompu notre course un moment pour pouvoir appr\u00e9cier le toit en verre et les fresques du plafond de la Bourse du commerce. Ancienne Halle aux bl\u00e9s o\u00f9 les c\u00e9r\u00e9ales \u00e9taient stock\u00e9es et vendues, puis bourse du commerce, elle est maintenant occup\u00e9e par la\u00a0Chambre de commerce et d&rsquo;industrie de Paris, d\u00e9di\u00e9e principalement \u00e0 la cr\u00e9ation d&rsquo;entreprises : La Bourse du Commerce &#8211; Paris Notre parcours nous a ensuite conduits place de la Concorde. Les pr\u00e9paratifs de la F\u00eate Nationale, le 14 juillet, sont bien avanc\u00e9s. On peut voir sur la photo la tribune o\u00f9 si\u00e9geront le Pr\u00e9sident de la R\u00e9publique et les membres du gouvernement, tribune situ\u00e9e en face des Champs Elys\u00e9es d&rsquo;o\u00f9 descendra la parade militaire. Remarquez le toit aux couleurs du drapeau fran\u00e7ais&#8230; Jessica &#8211; Place de la Concorde Nous avons termin\u00e9 notre course dans le quartier du Marais o\u00f9 nous avons pu admirer le superbe h\u00f4tel de Sens : H\u00f4tel de Sens Jessica est une coureuse r\u00e9guli\u00e8re, amatrice de nourriture saine mais aussi compositrice et chanteuse : Raelux ! Merci\u00a0Jessica ! Le circuit du tour :","og_url":"https:\/\/test-parisrunningtour.laurieassemat.com\/fr\/de-la-bastille-au-pont-de-la-concorde-avec-jessica\/","og_site_name":"Paris Running Tours","article_published_time":"2012-07-05T05:03:00+00:00","article_modified_time":"2017-01-16T15:13:07+00:00","og_image":[{"width":900,"height":900,"url":"https:\/\/test-parisrunningtour.laurieassemat.com\/fr\/wp-content\/uploads\/sites\/1\/2012\/07\/PRT2012-07-05_08_PontDeLaConcorde.jpg","type":"image\/jpeg"}],"author":"Admin","twitter_card":"summary_large_image","twitter_misc":{"\u00c9crit par":"Admin","Dur\u00e9e de lecture estim\u00e9e":"2 minutes"},"schema":{"@context":"https:\/\/schema.org","@graph":[{"@type":"Article","@id":"https:\/\/test-parisrunningtour.laurieassemat.com\/fr\/de-la-bastille-au-pont-de-la-concorde-avec-jessica\/#article","isPartOf":{"@id":"https:\/\/test-parisrunningtour.laurieassemat.com\/fr\/de-la-bastille-au-pont-de-la-concorde-avec-jessica\/"},"author":{"name":"Admin","@id":"https:\/\/test-parisrunningtour.laurieassemat.com\/fr\/#\/schema\/person\/75f0dc3c395ae2b4e14e29aff8f6a5af"},"headline":"De la Bastille au pont de la Concorde avec Jessica","datePublished":"2012-07-05T05:03:00+00:00","dateModified":"2017-01-16T15:13:07+00:00","mainEntityOfPage":{"@id":"https:\/\/test-parisrunningtour.laurieassemat.com\/fr\/de-la-bastille-au-pont-de-la-concorde-avec-jessica\/"},"wordCount":397,"commentCount":0,"publisher":{"@id":"https:\/\/test-parisrunningtour.laurieassemat.com\/fr\/#organization"},"image":{"@id":"https:\/\/test-parisrunningtour.laurieassemat.com\/fr\/de-la-bastille-au-pont-de-la-concorde-avec-jessica\/#primaryimage"},"thumbnailUrl":"https:\/\/test-parisrunningtour.laurieassemat.com\/fr\/wp-content\/uploads\/sites\/1\/2012\/07\/PRT2012-07-05_08_PontDeLaConcorde.jpg","articleSection":["Bastille","Bourse du Commerce","Concorde (Place de la)","Concorde (Pont de la)","H\u00f4tel de Sens","H\u00f4tel de Ville"],"inLanguage":"fr-FR","potentialAction":[{"@type":"CommentAction","name":"Comment","target":["https:\/\/test-parisrunningtour.laurieassemat.com\/fr\/de-la-bastille-au-pont-de-la-concorde-avec-jessica\/#respond"]}]},{"@type":"WebPage","@id":"https:\/\/test-parisrunningtour.laurieassemat.com\/fr\/de-la-bastille-au-pont-de-la-concorde-avec-jessica\/","url":"https:\/\/test-parisrunningtour.laurieassemat.com\/fr\/de-la-bastille-au-pont-de-la-concorde-avec-jessica\/","name":"De la Bastille au pont de la Concorde avec Jessica | Paris Running Tours","isPartOf":{"@id":"https:\/\/test-parisrunningtour.laurieassemat.com\/fr\/#website"},"primaryImageOfPage":{"@id":"https:\/\/test-parisrunningtour.laurieassemat.com\/fr\/de-la-bastille-au-pont-de-la-concorde-avec-jessica\/#primaryimage"},"image":{"@id":"https:\/\/test-parisrunningtour.laurieassemat.com\/fr\/de-la-bastille-au-pont-de-la-concorde-avec-jessica\/#primaryimage"},"thumbnailUrl":"https:\/\/test-parisrunningtour.laurieassemat.com\/fr\/wp-content\/uploads\/sites\/1\/2012\/07\/PRT2012-07-05_08_PontDeLaConcorde.jpg","datePublished":"2012-07-05T05:03:00+00:00","dateModified":"2017-01-16T15:13:07+00:00","breadcrumb":{"@id":"https:\/\/test-parisrunningtour.laurieassemat.com\/fr\/de-la-bastille-au-pont-de-la-concorde-avec-jessica\/#breadcrumb"},"inLanguage":"fr-FR","potentialAction":[{"@type":"ReadAction","target":["https:\/\/test-parisrunningtour.laurieassemat.com\/fr\/de-la-bastille-au-pont-de-la-concorde-avec-jessica\/"]}]},{"@type":"ImageObject","inLanguage":"fr-FR","@id":"https:\/\/test-parisrunningtour.laurieassemat.com\/fr\/de-la-bastille-au-pont-de-la-concorde-avec-jessica\/#primaryimage","url":"https:\/\/test-parisrunningtour.laurieassemat.com\/fr\/wp-content\/uploads\/sites\/1\/2012\/07\/PRT2012-07-05_08_PontDeLaConcorde.jpg","contentUrl":"https:\/\/test-parisrunningtour.laurieassemat.com\/fr\/wp-content\/uploads\/sites\/1\/2012\/07\/PRT2012-07-05_08_PontDeLaConcorde.jpg","width":900,"height":900},{"@type":"BreadcrumbList","@id":"https:\/\/test-parisrunningtour.laurieassemat.com\/fr\/de-la-bastille-au-pont-de-la-concorde-avec-jessica\/#breadcrumb","itemListElement":[{"@type":"ListItem","position":1,"name":"Accueil","item":"https:\/\/test-parisrunningtour.laurieassemat.com\/fr\/"},{"@type":"ListItem","position":2,"name":"De la Bastille au pont de la Concorde avec Jessica"}]},{"@type":"WebSite","@id":"https:\/\/test-parisrunningtour.laurieassemat.com\/fr\/#website","url":"https:\/\/test-parisrunningtour.laurieassemat.com\/fr\/","name":"Paris Running Tours","description":"D\u00e9couvrir Paris en courant","publisher":{"@id":"https:\/\/test-parisrunningtour.laurieassemat.com\/fr\/#organization"},"potentialAction":[{"@type":"SearchAction","target":{"@type":"EntryPoint","urlTemplate":"https:\/\/test-parisrunningtour.laurieassemat.com\/fr\/?s={search_term_string}"},"query-input":{"@type":"PropertyValueSpecification","valueRequired":true,"valueName":"search_term_string"}}],"inLanguage":"fr-FR"},{"@type":"Organization","@id":"https:\/\/test-parisrunningtour.laurieassemat.com\/fr\/#organization","name":"Paris Running Tours","url":"https:\/\/test-parisrunningtour.laurieassemat.com\/fr\/","logo":{"@type":"ImageObject","inLanguage":"fr-FR","@id":"https:\/\/test-parisrunningtour.laurieassemat.com\/fr\/#\/schema\/logo\/image\/","url":"https:\/\/test-parisrunningtour.laurieassemat.com\/fr\/wp-content\/uploads\/sites\/1\/2016\/12\/cropped-faviconPRT.png","contentUrl":"https:\/\/test-parisrunningtour.laurieassemat.com\/fr\/wp-content\/uploads\/sites\/1\/2016\/12\/cropped-faviconPRT.png","width":512,"height":512,"caption":"Paris Running Tours"},"image":{"@id":"https:\/\/test-parisrunningtour.laurieassemat.com\/fr\/#\/schema\/logo\/image\/"}},{"@type":"Person","@id":"https:\/\/test-parisrunningtour.laurieassemat.com\/fr\/#\/schema\/person\/75f0dc3c395ae2b4e14e29aff8f6a5af","name":"Admin","image":{"@type":"ImageObject","inLanguage":"fr-FR","@id":"https:\/\/secure.gravatar.com\/avatar\/2980d1c79775d028873614111fac5ea2906175b9eba90c2fe773d875d19902e0?s=96&d=mm&r=g","url":"https:\/\/secure.gravatar.com\/avatar\/2980d1c79775d028873614111fac5ea2906175b9eba90c2fe773d875d19902e0?s=96&d=mm&r=g","contentUrl":"https:\/\/secure.gravatar.com\/avatar\/2980d1c79775d028873614111fac5ea2906175b9eba90c2fe773d875d19902e0?s=96&d=mm&r=g","caption":"Admin"},"sameAs":["https:\/\/www.parisrunningtour.com"]}]}},"_links":{"self":[{"href":"https:\/\/test-parisrunningtour.laurieassemat.com\/fr\/wp-json\/wp\/v2\/posts\/112","targetHints":{"allow":["GET"]}}],"collection":[{"href":"https:\/\/test-parisrunningtour.laurieassemat.com\/fr\/wp-json\/wp\/v2\/posts"}],"about":[{"href":"https:\/\/test-parisrunningtour.laurieassemat.com\/fr\/wp-json\/wp\/v2\/types\/post"}],"author":[{"embeddable":true,"href":"https:\/\/test-parisrunningtour.laurieassemat.com\/fr\/wp-json\/wp\/v2\/users\/1"}],"replies":[{"embeddable":true,"href":"https:\/\/test-parisrunningtour.laurieassemat.com\/fr\/wp-json\/wp\/v2\/comments?post=112"}],"version-history":[{"count":1,"href":"https:\/\/test-parisrunningtour.laurieassemat.com\/fr\/wp-json\/wp\/v2\/posts\/112\/revisions"}],"predecessor-version":[{"id":1352,"href":"https:\/\/test-parisrunningtour.laurieassemat.com\/fr\/wp-json\/wp\/v2\/posts\/112\/revisions\/1352"}],"wp:featuredmedia":[{"embeddable":true,"href":"https:\/\/test-parisrunningtour.laurieassemat.com\/fr\/wp-json\/wp\/v2\/media\/1351"}],"wp:attachment":[{"href":"https:\/\/test-parisrunningtour.laurieassemat.com\/fr\/wp-json\/wp\/v2\/media?parent=112"}],"wp:term":[{"taxonomy":"category","embeddable":true,"href":"https:\/\/test-parisrunningtour.laurieassemat.com\/fr\/wp-json\/wp\/v2\/categories?post=112"},{"taxonomy":"post_tag","embeddable":true,"href":"https:\/\/test-parisrunningtour.laurieassemat.com\/fr\/wp-json\/wp\/v2\/tags?post=112"}],"curies":[{"name":"wp","href":"https:\/\/api.w.org\/{rel}","templated":true}]}}