{"id":115,"date":"2012-05-05T06:48:00","date_gmt":"2012-05-05T04:48:00","guid":{"rendered":"http:\/\/runningtour.paris\/blog\/2012\/05\/05\/au-palais-royal-avec-ray\/"},"modified":"2017-01-16T16:29:29","modified_gmt":"2017-01-16T15:29:29","slug":"au-palais-royal-avec-ray","status":"publish","type":"post","link":"https:\/\/test-parisrunningtour.laurieassemat.com\/fr\/au-palais-royal-avec-ray\/","title":{"rendered":"Au Palais Royal avec Ray"},"content":{"rendered":"<div style=\"clear: both; text-align: center;\"><\/div>\n<table style=\"margin-left: auto; margin-right: auto; text-align: center;\" cellspacing=\"0\" cellpadding=\"0\" align=\"center\">\n<tbody>\n<tr>\n<td style=\"text-align: center;\"><a style=\"margin-left: auto; margin-right: auto;\" title=\"Cliquer sur l'image pour l'agrandir\" href=\"http:\/\/1.bp.blogspot.com\/-tUAtzpKSWnA\/T7JJvSgdNKI\/AAAAAAAAAiM\/LqhOQV_Fqpk\/s1600\/2012-05-05_09_PontDesArtsIleDeLaCite.JPG\" target=\"_blank\"><img fetchpriority=\"high\" decoding=\"async\" src=\"http:\/\/1.bp.blogspot.com\/-tUAtzpKSWnA\/T7JJvSgdNKI\/AAAAAAAAAiM\/LqhOQV_Fqpk\/s640\/2012-05-05_09_PontDesArtsIleDeLaCite.JPG\" width=\"640\" height=\"402\" border=\"0\" \/><\/a><\/td>\n<\/tr>\n<tr>\n<td style=\"text-align: center;\"><span style=\"font-family: 'Trebuchet MS', sans-serif;\">Ray &#8211; Pont des Arts<\/span><\/td>\n<\/tr>\n<\/tbody>\n<\/table>\n<p><b style=\"font-family: 'Trebuchet MS', sans-serif;\">6h48 &#8211;<\/b><span style=\"font-family: 'Trebuchet MS', sans-serif;\"> Ray, qui vit pr\u00e8s de Sydney (Australie), en voyage d&rsquo;affaires en France, a profit\u00e9 de ce samedi matin pour faire une visite de Paris en courant. Ray est un coach exp\u00e9riment\u00e9 qui entra\u00eene des sportifs de haut niveau (Voir le\u00a0<a title=\"Cliquer sur ce lien pour acc\u00e9der au site\" href=\"http:\/\/www.raykellyfitness.com\/\" target=\"_blank\">site de Ray<\/a>). C&rsquo;est donc \u00e0 un bon rythme que nous sommes partis d\u00e9couvrir la ville.<\/span><\/p>\n<p><span style=\"font-family: 'Trebuchet MS', sans-serif;\">Apr\u00e8s avoir couru sur la rive gauche, nous avons travers\u00e9 la Seine par l&rsquo;Ile de la Cit\u00e9 puis rejoint le Palais Royal, tr\u00e8s calme \u00e0 cette heure matinale.<\/span><\/p>\n<table style=\"float: left; margin-right: 1em; text-align: left;\" cellspacing=\"0\" cellpadding=\"0\">\n<tbody>\n<tr>\n<td style=\"text-align: center;\"><a style=\"margin-left: auto; margin-right: auto;\" title=\"Cliquer sur l'image pour l'agrandir\" href=\"http:\/\/4.bp.blogspot.com\/-zpjcjmkvhss\/T7JNS0E_29I\/AAAAAAAAAig\/pGe0q4Cr4b8\/s1600\/2012-05-05_04_JardinDuPalaisRoyal.JPG\" target=\"_blank\"><img decoding=\"async\" src=\"http:\/\/4.bp.blogspot.com\/-zpjcjmkvhss\/T7JNS0E_29I\/AAAAAAAAAig\/pGe0q4Cr4b8\/s640\/2012-05-05_04_JardinDuPalaisRoyal.JPG\" width=\"640\" height=\"336\" border=\"0\" \/><\/a><\/td>\n<\/tr>\n<tr>\n<td style=\"text-align: center;\"><span style=\"font-family: 'Trebuchet MS', sans-serif;\">Ray &#8211; Jardin du Palais Royal<\/span><\/td>\n<\/tr>\n<\/tbody>\n<\/table>\n<p><span style=\"font-family: 'Trebuchet MS', sans-serif;\"><br \/>\n<\/span><br \/>\n<span style=\"font-family: 'Trebuchet MS', sans-serif;\">Le Palais Royal fut construit par le Cardinal de Richelieu en 1628. Le Palais s&rsquo;appelait alors le Palais Cardinal. A la mort de Richelieu, la R\u00e9gente Anne d&rsquo;Autriche s&rsquo;y installe. Ses fils, le roi Louis XIV et son fr\u00e8re y passent leurs premi\u00e8res ann\u00e9es. Les troubles, li\u00e9s \u00e0 la p\u00e9riode de la Fronde o\u00f9 le parlement et les nobles contestent l&rsquo;autorit\u00e9 royale, entra\u00eenent le d\u00e9part du roi Louis XIV hors de Paris. Le ch\u00e2teau de Versailles fut l&rsquo;une de ses plus grandes r\u00e9alisations hors de la capitale.<\/span><\/p>\n<table style=\"margin-left: auto; margin-right: auto; text-align: center;\" cellspacing=\"0\" cellpadding=\"0\" align=\"center\">\n<tbody>\n<tr>\n<td style=\"text-align: center;\"><a style=\"margin-left: auto; margin-right: auto;\" title=\"Cliquer sur l'image pour l'agrandir\" href=\"http:\/\/1.bp.blogspot.com\/-jOB6KZ-HS8I\/T7JfQahQcjI\/AAAAAAAAAi0\/rlNcnpXZGZo\/s1600\/PalaisRoyal_PRT_JCS.jpg\" target=\"_blank\"><img decoding=\"async\" src=\"http:\/\/1.bp.blogspot.com\/-jOB6KZ-HS8I\/T7JfQahQcjI\/AAAAAAAAAi0\/rlNcnpXZGZo\/s640\/PalaisRoyal_PRT_JCS.jpg\" width=\"640\" height=\"294\" border=\"0\" \/><\/a><\/td>\n<\/tr>\n<tr>\n<td style=\"text-align: center;\"><span style=\"font-family: 'Trebuchet MS', sans-serif;\">Palais Royal et jardin du Palais Royal<\/span><\/td>\n<\/tr>\n<\/tbody>\n<\/table>\n<p><span style=\"font-family: 'Trebuchet MS', sans-serif;\">Apr\u00e8s la Fronde et la fuite nocturne du jeune roi Louis XIV, le Palais Royal vit d\u00e9filer de nombreuses p\u00e9riodes historiques, les f\u00eates de la R\u00e9gence au d\u00e9but du 18\u00e8 si\u00e8cle par exemple, les d\u00e9bats d&rsquo;id\u00e9es et le commencement de la R\u00e9volution de 1789, puis au 19\u00e8 si\u00e8cle, le monde des Caf\u00e9s, des maisons de jeu et de la prostitution (jeu et racolage furent interdits dans les ann\u00e9es 1830), &#8230;<\/span><\/p>\n<p><span style=\"font-family: 'Trebuchet MS', sans-serif;\">Vous souvenez vous du petit canon du Palais Royal dont nous avions parl\u00e9 <a title=\"Cliquer sur ce lien pour acc\u00e9der \u00e0 l'article\" href=\"http:\/\/parisrunningtour-fr.blogspot.fr\/2011\/07\/test.html\" target=\"_blank\">ici<\/a>\u00a0?<\/span><\/p>\n<p><span style=\"font-family: 'Trebuchet MS', sans-serif;\">Plus r\u00e9cemment, en 1986, le Palais Royal a vu appara\u00eetre une composition d&rsquo;Art moderne, les \u00ab\u00a0Deux plateaux\u00a0\u00bb de l&rsquo;artiste Daniel Buren, aussi appel\u00e9e les \u00ab\u00a0Colonnes de Buren\u00a0\u00bb :<\/span><\/p>\n<div style=\"clear: both; text-align: center;\"><\/div>\n<table style=\"margin-left: auto; margin-right: auto; text-align: center;\" cellspacing=\"0\" cellpadding=\"0\" align=\"center\">\n<tbody>\n<tr>\n<td style=\"text-align: center;\"><a style=\"margin-left: auto; margin-right: auto;\" title=\"Cliquer sur l'image pour l'agrandir\" href=\"http:\/\/1.bp.blogspot.com\/-_QfPUlD9Yhs\/T7JNhfJEAFI\/AAAAAAAAAio\/F2RJKONwfnM\/s1600\/2012-05-05_03_PalaisRoyal_ColonnesDeBUREN.JPG\" target=\"_blank\"><img loading=\"lazy\" decoding=\"async\" src=\"http:\/\/1.bp.blogspot.com\/-_QfPUlD9Yhs\/T7JNhfJEAFI\/AAAAAAAAAio\/F2RJKONwfnM\/s640\/2012-05-05_03_PalaisRoyal_ColonnesDeBUREN.JPG\" width=\"640\" height=\"410\" border=\"0\" \/><\/a><\/td>\n<\/tr>\n<tr>\n<td style=\"text-align: center;\"><span style=\"font-family: 'Trebuchet MS', sans-serif;\">Ray &#8211; Palais Royal &#8211; Les colonnes de Buren<\/span><\/td>\n<\/tr>\n<\/tbody>\n<\/table>\n<p><span style=\"font-family: 'Trebuchet MS', sans-serif;\">Ces colonnes suscit\u00e8rent une importante pol\u00e9mique au sein de la population et dans les m\u00e9dias. L&rsquo;\u0153uvre d&rsquo;Art faillit m\u00eame \u00eatre d\u00e9molie.<\/span><\/p>\n<p><span style=\"font-family: 'Trebuchet MS', sans-serif;\">Tr\u00e8s r\u00e9cemment, comme on le voit \u00e0 gauche sur la photo ci-dessus, tout en bois, un nouveau th\u00e9\u00e2tre est apparu, le Th\u00e9\u00e2tre \u00c9ph\u00e9m\u00e8re, qui remplace temporairement le b\u00e2timent de la Com\u00e9die Fran\u00e7aise, actuellement en travaux.<\/span><\/p>\n<p><span style=\"font-family: 'Trebuchet MS', sans-serif;\">Merci Ray !<\/span><\/p>\n<div>\n<div><span style=\"font-family: 'Trebuchet MS', sans-serif;\"><b><br \/>\n<\/b><\/span><span style=\"font-family: 'Trebuchet MS', sans-serif;\"><b>Le circuit du tour :<\/b><\/span><\/p>\n<div style=\"clear: both; text-align: center;\"><\/div>\n<div style=\"clear: both; text-align: center;\"><\/div>\n<div style=\"clear: both; text-align: center;\"><img loading=\"lazy\" decoding=\"async\" src=\"http:\/\/2.bp.blogspot.com\/-29cr2em-luY\/T7JNK738XCI\/AAAAAAAAAiY\/JsZcAOOKY8w\/s640\/Paris+Running+Tour+-+Running+05-05-2012-image.jpg\" width=\"640\" height=\"516\" border=\"0\" \/><\/div>\n<p><span style=\"color: red; font-family: 'Trebuchet MS', sans-serif;\"><i><br \/>\n<\/i><\/span><\/div>\n<div style=\"clear: both; text-align: left;\"><\/div>\n<div style=\"text-align: center;\"><\/div>\n<\/div>\n","protected":false},"excerpt":{"rendered":"<p>Ray &#8211; Pont des Arts 6h48 &#8211; Ray, qui vit pr\u00e8s de Sydney (Australie), en voyage d&rsquo;affaires en France, a profit\u00e9 de ce samedi matin pour faire une visite de Paris en courant. Ray est un coach exp\u00e9riment\u00e9 qui entra\u00eene des sportifs de haut niveau (Voir le\u00a0site de Ray). C&rsquo;est donc \u00e0 un bon rythme que nous sommes partis d\u00e9couvrir la ville. Apr\u00e8s avoir couru sur la rive gauche, nous avons travers\u00e9 la Seine par l&rsquo;Ile de la Cit\u00e9 puis rejoint le Palais Royal, tr\u00e8s calme \u00e0 cette heure matinale. Ray &#8211; Jardin du Palais Royal Le Palais Royal fut construit par le Cardinal de Richelieu en 1628. Le Palais s&rsquo;appelait alors le Palais Cardinal. A la mort de Richelieu, la R\u00e9gente Anne d&rsquo;Autriche s&rsquo;y installe. Ses fils, le roi Louis XIV et son fr\u00e8re y passent leurs premi\u00e8res ann\u00e9es. Les troubles, li\u00e9s \u00e0 la p\u00e9riode de la Fronde o\u00f9 le parlement et les nobles contestent l&rsquo;autorit\u00e9 royale, entra\u00eenent le d\u00e9part du roi Louis XIV hors de Paris. Le ch\u00e2teau de Versailles fut l&rsquo;une de ses plus grandes r\u00e9alisations hors de la capitale. Palais Royal et jardin du Palais Royal Apr\u00e8s la Fronde et la fuite nocturne du jeune roi Louis XIV, le Palais Royal vit d\u00e9filer de nombreuses p\u00e9riodes historiques, les f\u00eates de la R\u00e9gence au d\u00e9but du 18\u00e8 si\u00e8cle par exemple, les d\u00e9bats d&rsquo;id\u00e9es et le commencement de la R\u00e9volution de 1789, puis au 19\u00e8 si\u00e8cle, le monde des Caf\u00e9s, des maisons de jeu et de la prostitution (jeu et racolage furent interdits dans les ann\u00e9es 1830), &#8230; Vous souvenez vous du petit canon du Palais Royal dont nous avions parl\u00e9 ici\u00a0? Plus r\u00e9cemment, en 1986, le Palais Royal a vu appara\u00eetre une composition d&rsquo;Art moderne, les \u00ab\u00a0Deux plateaux\u00a0\u00bb de l&rsquo;artiste Daniel Buren, aussi appel\u00e9e les \u00ab\u00a0Colonnes de Buren\u00a0\u00bb : Ray &#8211; Palais Royal &#8211; Les colonnes de Buren Ces colonnes suscit\u00e8rent une importante pol\u00e9mique au sein de la population et dans les m\u00e9dias. L&rsquo;\u0153uvre d&rsquo;Art faillit m\u00eame \u00eatre d\u00e9molie. Tr\u00e8s r\u00e9cemment, comme on le voit \u00e0 gauche sur la photo ci-dessus, tout en bois, un nouveau th\u00e9\u00e2tre est apparu, le Th\u00e9\u00e2tre \u00c9ph\u00e9m\u00e8re, qui remplace temporairement le b\u00e2timent de la Com\u00e9die Fran\u00e7aise, actuellement en travaux. Merci Ray ! Le circuit du tour :<\/p>\n","protected":false},"author":1,"featured_media":1360,"comment_status":"open","ping_status":"open","sticky":false,"template":"","format":"standard","meta":{"footnotes":""},"categories":[17,15],"tags":[],"class_list":["post-115","post","type-post","status-publish","format-standard","has-post-thumbnail","hentry","category-palais-royal","category-pont-des-arts"],"yoast_head":"<!-- This site is optimized with the Yoast SEO plugin v27.5 - https:\/\/yoast.com\/product\/yoast-seo-wordpress\/ -->\n<title>Au Palais Royal avec Ray | Paris Running Tours<\/title>\n<meta name=\"robots\" content=\"noindex, follow, max-snippet:-1, max-image-preview:large, max-video-preview:-1\" \/>\n<meta property=\"og:locale\" content=\"fr_FR\" \/>\n<meta property=\"og:type\" content=\"article\" \/>\n<meta property=\"og:title\" content=\"Au Palais Royal avec Ray | Paris Running Tours\" \/>\n<meta property=\"og:description\" content=\"Ray &#8211; Pont des Arts 6h48 &#8211; Ray, qui vit pr\u00e8s de Sydney (Australie), en voyage d&rsquo;affaires en France, a profit\u00e9 de ce samedi matin pour faire une visite de Paris en courant. Ray est un coach exp\u00e9riment\u00e9 qui entra\u00eene des sportifs de haut niveau (Voir le\u00a0site de Ray). C&rsquo;est donc \u00e0 un bon rythme que nous sommes partis d\u00e9couvrir la ville. Apr\u00e8s avoir couru sur la rive gauche, nous avons travers\u00e9 la Seine par l&rsquo;Ile de la Cit\u00e9 puis rejoint le Palais Royal, tr\u00e8s calme \u00e0 cette heure matinale. Ray &#8211; Jardin du Palais Royal Le Palais Royal fut construit par le Cardinal de Richelieu en 1628. Le Palais s&rsquo;appelait alors le Palais Cardinal. A la mort de Richelieu, la R\u00e9gente Anne d&rsquo;Autriche s&rsquo;y installe. Ses fils, le roi Louis XIV et son fr\u00e8re y passent leurs premi\u00e8res ann\u00e9es. Les troubles, li\u00e9s \u00e0 la p\u00e9riode de la Fronde o\u00f9 le parlement et les nobles contestent l&rsquo;autorit\u00e9 royale, entra\u00eenent le d\u00e9part du roi Louis XIV hors de Paris. Le ch\u00e2teau de Versailles fut l&rsquo;une de ses plus grandes r\u00e9alisations hors de la capitale. Palais Royal et jardin du Palais Royal Apr\u00e8s la Fronde et la fuite nocturne du jeune roi Louis XIV, le Palais Royal vit d\u00e9filer de nombreuses p\u00e9riodes historiques, les f\u00eates de la R\u00e9gence au d\u00e9but du 18\u00e8 si\u00e8cle par exemple, les d\u00e9bats d&rsquo;id\u00e9es et le commencement de la R\u00e9volution de 1789, puis au 19\u00e8 si\u00e8cle, le monde des Caf\u00e9s, des maisons de jeu et de la prostitution (jeu et racolage furent interdits dans les ann\u00e9es 1830), &#8230; Vous souvenez vous du petit canon du Palais Royal dont nous avions parl\u00e9 ici\u00a0? Plus r\u00e9cemment, en 1986, le Palais Royal a vu appara\u00eetre une composition d&rsquo;Art moderne, les \u00ab\u00a0Deux plateaux\u00a0\u00bb de l&rsquo;artiste Daniel Buren, aussi appel\u00e9e les \u00ab\u00a0Colonnes de Buren\u00a0\u00bb : Ray &#8211; Palais Royal &#8211; Les colonnes de Buren Ces colonnes suscit\u00e8rent une importante pol\u00e9mique au sein de la population et dans les m\u00e9dias. L&rsquo;\u0153uvre d&rsquo;Art faillit m\u00eame \u00eatre d\u00e9molie. Tr\u00e8s r\u00e9cemment, comme on le voit \u00e0 gauche sur la photo ci-dessus, tout en bois, un nouveau th\u00e9\u00e2tre est apparu, le Th\u00e9\u00e2tre \u00c9ph\u00e9m\u00e8re, qui remplace temporairement le b\u00e2timent de la Com\u00e9die Fran\u00e7aise, actuellement en travaux. Merci Ray ! Le circuit du tour :\" \/>\n<meta property=\"og:url\" content=\"https:\/\/test-parisrunningtour.laurieassemat.com\/fr\/au-palais-royal-avec-ray\/\" \/>\n<meta property=\"og:site_name\" content=\"Paris Running Tours\" \/>\n<meta property=\"article:published_time\" content=\"2012-05-05T04:48:00+00:00\" \/>\n<meta property=\"article:modified_time\" content=\"2017-01-16T15:29:29+00:00\" \/>\n<meta property=\"og:image\" content=\"https:\/\/test-parisrunningtour.laurieassemat.com\/fr\/wp-content\/uploads\/sites\/1\/2012\/05\/PRT2012-05-05_09_PontDesArtsIleDeLaCite.jpg\" \/>\n\t<meta property=\"og:image:width\" content=\"900\" \/>\n\t<meta property=\"og:image:height\" content=\"900\" \/>\n\t<meta property=\"og:image:type\" content=\"image\/jpeg\" \/>\n<meta name=\"author\" content=\"Admin\" \/>\n<meta name=\"twitter:card\" content=\"summary_large_image\" \/>\n<meta name=\"twitter:label1\" content=\"\u00c9crit par\" \/>\n\t<meta name=\"twitter:data1\" content=\"Admin\" \/>\n\t<meta name=\"twitter:label2\" content=\"Dur\u00e9e de lecture estim\u00e9e\" \/>\n\t<meta name=\"twitter:data2\" content=\"2 minutes\" \/>\n<script type=\"application\/ld+json\" class=\"yoast-schema-graph\">{\"@context\":\"https:\\\/\\\/schema.org\",\"@graph\":[{\"@type\":\"Article\",\"@id\":\"https:\\\/\\\/test-parisrunningtour.laurieassemat.com\\\/fr\\\/au-palais-royal-avec-ray\\\/#article\",\"isPartOf\":{\"@id\":\"https:\\\/\\\/test-parisrunningtour.laurieassemat.com\\\/fr\\\/au-palais-royal-avec-ray\\\/\"},\"author\":{\"name\":\"Admin\",\"@id\":\"https:\\\/\\\/test-parisrunningtour.laurieassemat.com\\\/fr\\\/#\\\/schema\\\/person\\\/75f0dc3c395ae2b4e14e29aff8f6a5af\"},\"headline\":\"Au Palais Royal avec Ray\",\"datePublished\":\"2012-05-05T04:48:00+00:00\",\"dateModified\":\"2017-01-16T15:29:29+00:00\",\"mainEntityOfPage\":{\"@id\":\"https:\\\/\\\/test-parisrunningtour.laurieassemat.com\\\/fr\\\/au-palais-royal-avec-ray\\\/\"},\"wordCount\":426,\"commentCount\":0,\"publisher\":{\"@id\":\"https:\\\/\\\/test-parisrunningtour.laurieassemat.com\\\/fr\\\/#organization\"},\"image\":{\"@id\":\"https:\\\/\\\/test-parisrunningtour.laurieassemat.com\\\/fr\\\/au-palais-royal-avec-ray\\\/#primaryimage\"},\"thumbnailUrl\":\"https:\\\/\\\/test-parisrunningtour.laurieassemat.com\\\/fr\\\/wp-content\\\/uploads\\\/sites\\\/1\\\/2012\\\/05\\\/PRT2012-05-05_09_PontDesArtsIleDeLaCite.jpg\",\"articleSection\":[\"Palais Royal\",\"Pont des Arts\"],\"inLanguage\":\"fr-FR\",\"potentialAction\":[{\"@type\":\"CommentAction\",\"name\":\"Comment\",\"target\":[\"https:\\\/\\\/test-parisrunningtour.laurieassemat.com\\\/fr\\\/au-palais-royal-avec-ray\\\/#respond\"]}]},{\"@type\":\"WebPage\",\"@id\":\"https:\\\/\\\/test-parisrunningtour.laurieassemat.com\\\/fr\\\/au-palais-royal-avec-ray\\\/\",\"url\":\"https:\\\/\\\/test-parisrunningtour.laurieassemat.com\\\/fr\\\/au-palais-royal-avec-ray\\\/\",\"name\":\"Au Palais Royal avec Ray | Paris Running Tours\",\"isPartOf\":{\"@id\":\"https:\\\/\\\/test-parisrunningtour.laurieassemat.com\\\/fr\\\/#website\"},\"primaryImageOfPage\":{\"@id\":\"https:\\\/\\\/test-parisrunningtour.laurieassemat.com\\\/fr\\\/au-palais-royal-avec-ray\\\/#primaryimage\"},\"image\":{\"@id\":\"https:\\\/\\\/test-parisrunningtour.laurieassemat.com\\\/fr\\\/au-palais-royal-avec-ray\\\/#primaryimage\"},\"thumbnailUrl\":\"https:\\\/\\\/test-parisrunningtour.laurieassemat.com\\\/fr\\\/wp-content\\\/uploads\\\/sites\\\/1\\\/2012\\\/05\\\/PRT2012-05-05_09_PontDesArtsIleDeLaCite.jpg\",\"datePublished\":\"2012-05-05T04:48:00+00:00\",\"dateModified\":\"2017-01-16T15:29:29+00:00\",\"breadcrumb\":{\"@id\":\"https:\\\/\\\/test-parisrunningtour.laurieassemat.com\\\/fr\\\/au-palais-royal-avec-ray\\\/#breadcrumb\"},\"inLanguage\":\"fr-FR\",\"potentialAction\":[{\"@type\":\"ReadAction\",\"target\":[\"https:\\\/\\\/test-parisrunningtour.laurieassemat.com\\\/fr\\\/au-palais-royal-avec-ray\\\/\"]}]},{\"@type\":\"ImageObject\",\"inLanguage\":\"fr-FR\",\"@id\":\"https:\\\/\\\/test-parisrunningtour.laurieassemat.com\\\/fr\\\/au-palais-royal-avec-ray\\\/#primaryimage\",\"url\":\"https:\\\/\\\/test-parisrunningtour.laurieassemat.com\\\/fr\\\/wp-content\\\/uploads\\\/sites\\\/1\\\/2012\\\/05\\\/PRT2012-05-05_09_PontDesArtsIleDeLaCite.jpg\",\"contentUrl\":\"https:\\\/\\\/test-parisrunningtour.laurieassemat.com\\\/fr\\\/wp-content\\\/uploads\\\/sites\\\/1\\\/2012\\\/05\\\/PRT2012-05-05_09_PontDesArtsIleDeLaCite.jpg\",\"width\":900,\"height\":900},{\"@type\":\"BreadcrumbList\",\"@id\":\"https:\\\/\\\/test-parisrunningtour.laurieassemat.com\\\/fr\\\/au-palais-royal-avec-ray\\\/#breadcrumb\",\"itemListElement\":[{\"@type\":\"ListItem\",\"position\":1,\"name\":\"Accueil\",\"item\":\"https:\\\/\\\/test-parisrunningtour.laurieassemat.com\\\/fr\\\/\"},{\"@type\":\"ListItem\",\"position\":2,\"name\":\"Au Palais Royal avec Ray\"}]},{\"@type\":\"WebSite\",\"@id\":\"https:\\\/\\\/test-parisrunningtour.laurieassemat.com\\\/fr\\\/#website\",\"url\":\"https:\\\/\\\/test-parisrunningtour.laurieassemat.com\\\/fr\\\/\",\"name\":\"Paris Running Tours\",\"description\":\"D\u00e9couvrir Paris en courant\",\"publisher\":{\"@id\":\"https:\\\/\\\/test-parisrunningtour.laurieassemat.com\\\/fr\\\/#organization\"},\"potentialAction\":[{\"@type\":\"SearchAction\",\"target\":{\"@type\":\"EntryPoint\",\"urlTemplate\":\"https:\\\/\\\/test-parisrunningtour.laurieassemat.com\\\/fr\\\/?s={search_term_string}\"},\"query-input\":{\"@type\":\"PropertyValueSpecification\",\"valueRequired\":true,\"valueName\":\"search_term_string\"}}],\"inLanguage\":\"fr-FR\"},{\"@type\":\"Organization\",\"@id\":\"https:\\\/\\\/test-parisrunningtour.laurieassemat.com\\\/fr\\\/#organization\",\"name\":\"Paris Running Tours\",\"url\":\"https:\\\/\\\/test-parisrunningtour.laurieassemat.com\\\/fr\\\/\",\"logo\":{\"@type\":\"ImageObject\",\"inLanguage\":\"fr-FR\",\"@id\":\"https:\\\/\\\/test-parisrunningtour.laurieassemat.com\\\/fr\\\/#\\\/schema\\\/logo\\\/image\\\/\",\"url\":\"https:\\\/\\\/test-parisrunningtour.laurieassemat.com\\\/fr\\\/wp-content\\\/uploads\\\/sites\\\/1\\\/2016\\\/12\\\/cropped-faviconPRT.png\",\"contentUrl\":\"https:\\\/\\\/test-parisrunningtour.laurieassemat.com\\\/fr\\\/wp-content\\\/uploads\\\/sites\\\/1\\\/2016\\\/12\\\/cropped-faviconPRT.png\",\"width\":512,\"height\":512,\"caption\":\"Paris Running Tours\"},\"image\":{\"@id\":\"https:\\\/\\\/test-parisrunningtour.laurieassemat.com\\\/fr\\\/#\\\/schema\\\/logo\\\/image\\\/\"}},{\"@type\":\"Person\",\"@id\":\"https:\\\/\\\/test-parisrunningtour.laurieassemat.com\\\/fr\\\/#\\\/schema\\\/person\\\/75f0dc3c395ae2b4e14e29aff8f6a5af\",\"name\":\"Admin\",\"image\":{\"@type\":\"ImageObject\",\"inLanguage\":\"fr-FR\",\"@id\":\"https:\\\/\\\/secure.gravatar.com\\\/avatar\\\/2980d1c79775d028873614111fac5ea2906175b9eba90c2fe773d875d19902e0?s=96&d=mm&r=g\",\"url\":\"https:\\\/\\\/secure.gravatar.com\\\/avatar\\\/2980d1c79775d028873614111fac5ea2906175b9eba90c2fe773d875d19902e0?s=96&d=mm&r=g\",\"contentUrl\":\"https:\\\/\\\/secure.gravatar.com\\\/avatar\\\/2980d1c79775d028873614111fac5ea2906175b9eba90c2fe773d875d19902e0?s=96&d=mm&r=g\",\"caption\":\"Admin\"},\"sameAs\":[\"https:\\\/\\\/www.parisrunningtour.com\"]}]}<\/script>\n<!-- \/ Yoast SEO plugin. -->","yoast_head_json":{"title":"Au Palais Royal avec Ray | Paris Running Tours","robots":{"index":"noindex","follow":"follow","max-snippet":"max-snippet:-1","max-image-preview":"max-image-preview:large","max-video-preview":"max-video-preview:-1"},"og_locale":"fr_FR","og_type":"article","og_title":"Au Palais Royal avec Ray | Paris Running Tours","og_description":"Ray &#8211; Pont des Arts 6h48 &#8211; Ray, qui vit pr\u00e8s de Sydney (Australie), en voyage d&rsquo;affaires en France, a profit\u00e9 de ce samedi matin pour faire une visite de Paris en courant. Ray est un coach exp\u00e9riment\u00e9 qui entra\u00eene des sportifs de haut niveau (Voir le\u00a0site de Ray). C&rsquo;est donc \u00e0 un bon rythme que nous sommes partis d\u00e9couvrir la ville. Apr\u00e8s avoir couru sur la rive gauche, nous avons travers\u00e9 la Seine par l&rsquo;Ile de la Cit\u00e9 puis rejoint le Palais Royal, tr\u00e8s calme \u00e0 cette heure matinale. Ray &#8211; Jardin du Palais Royal Le Palais Royal fut construit par le Cardinal de Richelieu en 1628. Le Palais s&rsquo;appelait alors le Palais Cardinal. A la mort de Richelieu, la R\u00e9gente Anne d&rsquo;Autriche s&rsquo;y installe. Ses fils, le roi Louis XIV et son fr\u00e8re y passent leurs premi\u00e8res ann\u00e9es. Les troubles, li\u00e9s \u00e0 la p\u00e9riode de la Fronde o\u00f9 le parlement et les nobles contestent l&rsquo;autorit\u00e9 royale, entra\u00eenent le d\u00e9part du roi Louis XIV hors de Paris. Le ch\u00e2teau de Versailles fut l&rsquo;une de ses plus grandes r\u00e9alisations hors de la capitale. Palais Royal et jardin du Palais Royal Apr\u00e8s la Fronde et la fuite nocturne du jeune roi Louis XIV, le Palais Royal vit d\u00e9filer de nombreuses p\u00e9riodes historiques, les f\u00eates de la R\u00e9gence au d\u00e9but du 18\u00e8 si\u00e8cle par exemple, les d\u00e9bats d&rsquo;id\u00e9es et le commencement de la R\u00e9volution de 1789, puis au 19\u00e8 si\u00e8cle, le monde des Caf\u00e9s, des maisons de jeu et de la prostitution (jeu et racolage furent interdits dans les ann\u00e9es 1830), &#8230; Vous souvenez vous du petit canon du Palais Royal dont nous avions parl\u00e9 ici\u00a0? Plus r\u00e9cemment, en 1986, le Palais Royal a vu appara\u00eetre une composition d&rsquo;Art moderne, les \u00ab\u00a0Deux plateaux\u00a0\u00bb de l&rsquo;artiste Daniel Buren, aussi appel\u00e9e les \u00ab\u00a0Colonnes de Buren\u00a0\u00bb : Ray &#8211; Palais Royal &#8211; Les colonnes de Buren Ces colonnes suscit\u00e8rent une importante pol\u00e9mique au sein de la population et dans les m\u00e9dias. L&rsquo;\u0153uvre d&rsquo;Art faillit m\u00eame \u00eatre d\u00e9molie. Tr\u00e8s r\u00e9cemment, comme on le voit \u00e0 gauche sur la photo ci-dessus, tout en bois, un nouveau th\u00e9\u00e2tre est apparu, le Th\u00e9\u00e2tre \u00c9ph\u00e9m\u00e8re, qui remplace temporairement le b\u00e2timent de la Com\u00e9die Fran\u00e7aise, actuellement en travaux. Merci Ray ! Le circuit du tour :","og_url":"https:\/\/test-parisrunningtour.laurieassemat.com\/fr\/au-palais-royal-avec-ray\/","og_site_name":"Paris Running Tours","article_published_time":"2012-05-05T04:48:00+00:00","article_modified_time":"2017-01-16T15:29:29+00:00","og_image":[{"width":900,"height":900,"url":"https:\/\/test-parisrunningtour.laurieassemat.com\/fr\/wp-content\/uploads\/sites\/1\/2012\/05\/PRT2012-05-05_09_PontDesArtsIleDeLaCite.jpg","type":"image\/jpeg"}],"author":"Admin","twitter_card":"summary_large_image","twitter_misc":{"\u00c9crit par":"Admin","Dur\u00e9e de lecture estim\u00e9e":"2 minutes"},"schema":{"@context":"https:\/\/schema.org","@graph":[{"@type":"Article","@id":"https:\/\/test-parisrunningtour.laurieassemat.com\/fr\/au-palais-royal-avec-ray\/#article","isPartOf":{"@id":"https:\/\/test-parisrunningtour.laurieassemat.com\/fr\/au-palais-royal-avec-ray\/"},"author":{"name":"Admin","@id":"https:\/\/test-parisrunningtour.laurieassemat.com\/fr\/#\/schema\/person\/75f0dc3c395ae2b4e14e29aff8f6a5af"},"headline":"Au Palais Royal avec Ray","datePublished":"2012-05-05T04:48:00+00:00","dateModified":"2017-01-16T15:29:29+00:00","mainEntityOfPage":{"@id":"https:\/\/test-parisrunningtour.laurieassemat.com\/fr\/au-palais-royal-avec-ray\/"},"wordCount":426,"commentCount":0,"publisher":{"@id":"https:\/\/test-parisrunningtour.laurieassemat.com\/fr\/#organization"},"image":{"@id":"https:\/\/test-parisrunningtour.laurieassemat.com\/fr\/au-palais-royal-avec-ray\/#primaryimage"},"thumbnailUrl":"https:\/\/test-parisrunningtour.laurieassemat.com\/fr\/wp-content\/uploads\/sites\/1\/2012\/05\/PRT2012-05-05_09_PontDesArtsIleDeLaCite.jpg","articleSection":["Palais Royal","Pont des Arts"],"inLanguage":"fr-FR","potentialAction":[{"@type":"CommentAction","name":"Comment","target":["https:\/\/test-parisrunningtour.laurieassemat.com\/fr\/au-palais-royal-avec-ray\/#respond"]}]},{"@type":"WebPage","@id":"https:\/\/test-parisrunningtour.laurieassemat.com\/fr\/au-palais-royal-avec-ray\/","url":"https:\/\/test-parisrunningtour.laurieassemat.com\/fr\/au-palais-royal-avec-ray\/","name":"Au Palais Royal avec Ray | Paris Running Tours","isPartOf":{"@id":"https:\/\/test-parisrunningtour.laurieassemat.com\/fr\/#website"},"primaryImageOfPage":{"@id":"https:\/\/test-parisrunningtour.laurieassemat.com\/fr\/au-palais-royal-avec-ray\/#primaryimage"},"image":{"@id":"https:\/\/test-parisrunningtour.laurieassemat.com\/fr\/au-palais-royal-avec-ray\/#primaryimage"},"thumbnailUrl":"https:\/\/test-parisrunningtour.laurieassemat.com\/fr\/wp-content\/uploads\/sites\/1\/2012\/05\/PRT2012-05-05_09_PontDesArtsIleDeLaCite.jpg","datePublished":"2012-05-05T04:48:00+00:00","dateModified":"2017-01-16T15:29:29+00:00","breadcrumb":{"@id":"https:\/\/test-parisrunningtour.laurieassemat.com\/fr\/au-palais-royal-avec-ray\/#breadcrumb"},"inLanguage":"fr-FR","potentialAction":[{"@type":"ReadAction","target":["https:\/\/test-parisrunningtour.laurieassemat.com\/fr\/au-palais-royal-avec-ray\/"]}]},{"@type":"ImageObject","inLanguage":"fr-FR","@id":"https:\/\/test-parisrunningtour.laurieassemat.com\/fr\/au-palais-royal-avec-ray\/#primaryimage","url":"https:\/\/test-parisrunningtour.laurieassemat.com\/fr\/wp-content\/uploads\/sites\/1\/2012\/05\/PRT2012-05-05_09_PontDesArtsIleDeLaCite.jpg","contentUrl":"https:\/\/test-parisrunningtour.laurieassemat.com\/fr\/wp-content\/uploads\/sites\/1\/2012\/05\/PRT2012-05-05_09_PontDesArtsIleDeLaCite.jpg","width":900,"height":900},{"@type":"BreadcrumbList","@id":"https:\/\/test-parisrunningtour.laurieassemat.com\/fr\/au-palais-royal-avec-ray\/#breadcrumb","itemListElement":[{"@type":"ListItem","position":1,"name":"Accueil","item":"https:\/\/test-parisrunningtour.laurieassemat.com\/fr\/"},{"@type":"ListItem","position":2,"name":"Au Palais Royal avec Ray"}]},{"@type":"WebSite","@id":"https:\/\/test-parisrunningtour.laurieassemat.com\/fr\/#website","url":"https:\/\/test-parisrunningtour.laurieassemat.com\/fr\/","name":"Paris Running Tours","description":"D\u00e9couvrir Paris en courant","publisher":{"@id":"https:\/\/test-parisrunningtour.laurieassemat.com\/fr\/#organization"},"potentialAction":[{"@type":"SearchAction","target":{"@type":"EntryPoint","urlTemplate":"https:\/\/test-parisrunningtour.laurieassemat.com\/fr\/?s={search_term_string}"},"query-input":{"@type":"PropertyValueSpecification","valueRequired":true,"valueName":"search_term_string"}}],"inLanguage":"fr-FR"},{"@type":"Organization","@id":"https:\/\/test-parisrunningtour.laurieassemat.com\/fr\/#organization","name":"Paris Running Tours","url":"https:\/\/test-parisrunningtour.laurieassemat.com\/fr\/","logo":{"@type":"ImageObject","inLanguage":"fr-FR","@id":"https:\/\/test-parisrunningtour.laurieassemat.com\/fr\/#\/schema\/logo\/image\/","url":"https:\/\/test-parisrunningtour.laurieassemat.com\/fr\/wp-content\/uploads\/sites\/1\/2016\/12\/cropped-faviconPRT.png","contentUrl":"https:\/\/test-parisrunningtour.laurieassemat.com\/fr\/wp-content\/uploads\/sites\/1\/2016\/12\/cropped-faviconPRT.png","width":512,"height":512,"caption":"Paris Running Tours"},"image":{"@id":"https:\/\/test-parisrunningtour.laurieassemat.com\/fr\/#\/schema\/logo\/image\/"}},{"@type":"Person","@id":"https:\/\/test-parisrunningtour.laurieassemat.com\/fr\/#\/schema\/person\/75f0dc3c395ae2b4e14e29aff8f6a5af","name":"Admin","image":{"@type":"ImageObject","inLanguage":"fr-FR","@id":"https:\/\/secure.gravatar.com\/avatar\/2980d1c79775d028873614111fac5ea2906175b9eba90c2fe773d875d19902e0?s=96&d=mm&r=g","url":"https:\/\/secure.gravatar.com\/avatar\/2980d1c79775d028873614111fac5ea2906175b9eba90c2fe773d875d19902e0?s=96&d=mm&r=g","contentUrl":"https:\/\/secure.gravatar.com\/avatar\/2980d1c79775d028873614111fac5ea2906175b9eba90c2fe773d875d19902e0?s=96&d=mm&r=g","caption":"Admin"},"sameAs":["https:\/\/www.parisrunningtour.com"]}]}},"_links":{"self":[{"href":"https:\/\/test-parisrunningtour.laurieassemat.com\/fr\/wp-json\/wp\/v2\/posts\/115","targetHints":{"allow":["GET"]}}],"collection":[{"href":"https:\/\/test-parisrunningtour.laurieassemat.com\/fr\/wp-json\/wp\/v2\/posts"}],"about":[{"href":"https:\/\/test-parisrunningtour.laurieassemat.com\/fr\/wp-json\/wp\/v2\/types\/post"}],"author":[{"embeddable":true,"href":"https:\/\/test-parisrunningtour.laurieassemat.com\/fr\/wp-json\/wp\/v2\/users\/1"}],"replies":[{"embeddable":true,"href":"https:\/\/test-parisrunningtour.laurieassemat.com\/fr\/wp-json\/wp\/v2\/comments?post=115"}],"version-history":[{"count":1,"href":"https:\/\/test-parisrunningtour.laurieassemat.com\/fr\/wp-json\/wp\/v2\/posts\/115\/revisions"}],"predecessor-version":[{"id":1361,"href":"https:\/\/test-parisrunningtour.laurieassemat.com\/fr\/wp-json\/wp\/v2\/posts\/115\/revisions\/1361"}],"wp:featuredmedia":[{"embeddable":true,"href":"https:\/\/test-parisrunningtour.laurieassemat.com\/fr\/wp-json\/wp\/v2\/media\/1360"}],"wp:attachment":[{"href":"https:\/\/test-parisrunningtour.laurieassemat.com\/fr\/wp-json\/wp\/v2\/media?parent=115"}],"wp:term":[{"taxonomy":"category","embeddable":true,"href":"https:\/\/test-parisrunningtour.laurieassemat.com\/fr\/wp-json\/wp\/v2\/categories?post=115"},{"taxonomy":"post_tag","embeddable":true,"href":"https:\/\/test-parisrunningtour.laurieassemat.com\/fr\/wp-json\/wp\/v2\/tags?post=115"}],"curies":[{"name":"wp","href":"https:\/\/api.w.org\/{rel}","templated":true}]}}