{"id":119,"date":"2012-03-24T09:00:00","date_gmt":"2012-03-24T08:00:00","guid":{"rendered":"http:\/\/runningtour.paris\/blog\/2012\/03\/24\/un-grand-tour-ensoleille-avec-colin\/"},"modified":"2017-01-16T16:31:47","modified_gmt":"2017-01-16T15:31:47","slug":"un-grand-tour-ensoleille-avec-colin","status":"publish","type":"post","link":"https:\/\/test-parisrunningtour.laurieassemat.com\/fr\/un-grand-tour-ensoleille-avec-colin\/","title":{"rendered":"Un grand tour ensoleill\u00e9 avec Colin"},"content":{"rendered":"<div style=\"clear: both; text-align: center;\"><\/div>\n<table style=\"margin-left: auto; margin-right: auto; text-align: center;\" cellspacing=\"0\" cellpadding=\"0\" align=\"center\">\n<tbody>\n<tr>\n<td style=\"text-align: center;\"><img fetchpriority=\"high\" decoding=\"async\" style=\"margin-left: auto; margin-right: auto;\" src=\"http:\/\/4.bp.blogspot.com\/-0X3o8hcKEkc\/T3rtav_gLII\/AAAAAAAAAeE\/SbART3DZTKU\/s640\/2012-03-24_08_PlaceDeL'Alma.jpg\" width=\"506\" height=\"640\" border=\"0\" \/><\/td>\n<\/tr>\n<tr>\n<td style=\"text-align: center;\"><span style=\"font-family: 'Trebuchet MS', sans-serif;\">Colin &#8211; Place de l&rsquo;Alma<\/span><\/td>\n<\/tr>\n<\/tbody>\n<\/table>\n<div style=\"clear: both; text-align: center;\"><\/div>\n<p><b style=\"font-family: 'Trebuchet MS', sans-serif;\">8h00 &#8211;<\/b><span style=\"font-family: 'Trebuchet MS', sans-serif;\"> Avec Colin, nous avions d\u00e9cid\u00e9 de faire un grand tour le long de la Seine. Une belle matin\u00e9e, le soleil \u00e9tait avec nous. Colin vient d&rsquo;Australie mais travaille en Inde. Adepte des longues sorties, il envisage de courir son premier marathon \u00e0 Bombay, un marathon assez difficile du fait de la chaleur et de l&rsquo;humidit\u00e9.<\/span><\/p>\n<p><span style=\"font-family: 'Trebuchet MS', sans-serif;\">Nous sommes donc partis en longeant la Seine c\u00f4t\u00e9 rive gauche, en saluant une premi\u00e8re fois la tour Eiffel. Nous avons ensuite travers\u00e9 le fleuve par l&rsquo;Ile de la Cit\u00e9, admir\u00e9 Notre Dame et rejoint la rive droite pour faire une petite halte au Louvre.<\/span><\/p>\n<table style=\"margin-left: auto; margin-right: auto; text-align: center;\" cellspacing=\"0\" cellpadding=\"0\" align=\"center\">\n<tbody>\n<tr>\n<td style=\"text-align: center;\"><a style=\"margin-left: auto; margin-right: auto;\" title=\"Cliquer sur l'image pour l'agrandir\" href=\"http:\/\/2.bp.blogspot.com\/-2j_kL6Fx3-k\/T3rur52CR2I\/AAAAAAAAAeU\/Isba74_kN-c\/s1600\/2012-03-24_01_Colin1.jpg\" target=\"_blank\"><img decoding=\"async\" src=\"http:\/\/2.bp.blogspot.com\/-2j_kL6Fx3-k\/T3rur52CR2I\/AAAAAAAAAeU\/Isba74_kN-c\/s640\/2012-03-24_01_Colin1.jpg\" width=\"640\" height=\"240\" border=\"0\" \/><\/a><\/td>\n<\/tr>\n<tr>\n<td style=\"text-align: center;\"><span style=\"font-family: 'Trebuchet MS', sans-serif;\">Colin &#8211; Rue de l&rsquo;Universit\u00e9, Notre Dame, Le Louvre<\/span><\/td>\n<\/tr>\n<\/tbody>\n<\/table>\n<p><span style=\"font-family: 'Trebuchet MS', sans-serif;\">Apr\u00e8s avoir travers\u00e9 le jardin des Tuileries, arriv\u00e9s devant l&rsquo;Ob\u00e9lisque de la place de la Concorde, nous avons \u00e9voqu\u00e9 l&rsquo;\u00e9poque du pharaon Ramses II. Avec une telle lumi\u00e8re, nous nous devions de faire des petites pauses pour photographier la tour Eiffel, et c&rsquo;est par le pont de Bir-Hakeim que nous sommes revenus sur la rive gauche.<\/span><\/p>\n<div><span style=\"font-family: 'Trebuchet MS', sans-serif;\"><br \/>\n<\/span><\/p>\n<table style=\"margin-left: auto; margin-right: auto; text-align: center;\" cellspacing=\"0\" cellpadding=\"0\" align=\"center\">\n<tbody>\n<tr>\n<td style=\"text-align: center;\"><a style=\"margin-left: auto; margin-right: auto;\" title=\"Cliquer sur l'image pour l'agrandir\" href=\"http:\/\/3.bp.blogspot.com\/-iRzZ3TAgctA\/T3rwMs1KcaI\/AAAAAAAAAek\/3YFc9wm21lk\/s1600\/2012-03-24_07_Obelisque.jpg\" target=\"_blank\"><img decoding=\"async\" src=\"http:\/\/3.bp.blogspot.com\/-iRzZ3TAgctA\/T3rwMs1KcaI\/AAAAAAAAAek\/3YFc9wm21lk\/s640\/2012-03-24_07_Obelisque.jpg\" width=\"640\" height=\"294\" border=\"0\" \/><\/a><\/td>\n<\/tr>\n<tr>\n<td style=\"text-align: center;\"><span style=\"font-family: 'Trebuchet MS', sans-serif;\">Colin &#8211; Ob\u00e9lisque de la Concorde, Trocad\u00e9ro, Pont de Bir-Hakeim<\/span><\/td>\n<\/tr>\n<\/tbody>\n<\/table>\n<p><span style=\"font-family: 'Trebuchet MS', sans-serif;\">Mais, quelle est cette flamme, place de l&rsquo;Alma, que l&rsquo;on voit sur la photo en t\u00eate de l&rsquo;article ?<\/span><\/p>\n<p><span style=\"font-family: 'Trebuchet MS', sans-serif;\">La plaque indique : \u00ab\u00a0<\/span><span style=\"font-family: 'Trebuchet MS', sans-serif;\"><i>\u00a0Flamme de la Libert\u00e9. R\u00e9plique exacte de la flamme de la statue de la Libert\u00e9 offerte au peuple fran\u00e7ais par des donateurs du monde entier en symbole de l&rsquo;amiti\u00e9 franco-am\u00e9ricaine. \u00c0 l&rsquo;occasion du centenaire de l&rsquo;International Herald Tribune. Paris 1887-1987. <\/i>\u00ab\u00a0<\/span><br \/>\n<span style=\"font-family: 'Trebuchet MS', sans-serif;\"><br \/>\n<\/span><span style=\"font-family: 'Trebuchet MS', sans-serif;\">En 1989,\u00a0<\/span><span style=\"font-family: 'Trebuchet MS', sans-serif;\">les Etats-Unis offrirent cette flamme \u00e0 la France,\u00a0<\/span><span style=\"font-family: 'Trebuchet MS', sans-serif;\">pour remercier les entreprises fran\u00e7aises qui r\u00e9alis\u00e8rent la restauration de la Statue de la Libert\u00e9 \u00e0 l&rsquo;occasion de son centenaire. Comme sa r\u00e9plique, la Flamme \u00e0 New-York, \u00e9clair\u00e9e \u00e0 l&rsquo;origine de l&rsquo;int\u00e9rieur, est maintenant dor\u00e9e et \u00e9clair\u00e9e de l&rsquo;ext\u00e9rieur.<\/span><br \/>\n<span style=\"font-family: 'Trebuchet MS', sans-serif;\"><br \/>\n<\/span><span style=\"font-family: 'Trebuchet MS', sans-serif;\">De nombreux visiteurs pensent que cette flamme a \u00e9t\u00e9 construite en hommage \u00e0 Lady Diana, d\u00e9c\u00e9d\u00e9e lors de son accident dans le tunnel de l&rsquo;Alma, situ\u00e9 sous le monument.<br \/>\nLa flamme peut effectivement faire penser \u00e0 la chanson d&rsquo;Elton John \u00e9crite en hommage \u00e0 la princesse : \u00ab\u00a0Candle in the wind\u00a0\u00bb.<br \/>\nM\u00eame si Lady Diana est comm\u00e9mor\u00e9e officiellement dans un petit jardin du Marais, on peut souvent voir autour de la Flamme de la Libert\u00e9, de nombreux bouquets, des photos ou des messages inscrits \u00e0 la main.<\/span><span style=\"font-family: 'Trebuchet MS', sans-serif;\"><br \/>\n<\/span><br \/>\n<span style=\"font-family: 'Trebuchet MS', sans-serif;\">Le tunnel de l&rsquo;Alma est aussi le passage du <b>Marathon de Paris<\/b> (bient\u00f4t, le <b>15 avril<\/b> !). A cet endroit, la course se rapproche du 29\u00e8 km (~18 miles) ! Bonne course \u00e0 toutes les coureuses et tous les coureurs qui feront le Marathon de Paris !<\/span><span style=\"font-family: 'Trebuchet MS', sans-serif;\"><br \/>\n<\/span><br \/>\n<span style=\"font-family: 'Trebuchet MS', sans-serif;\">Merci Colin !<\/span><\/p>\n<div><span style=\"font-family: 'Trebuchet MS', sans-serif;\"><b><br \/>\n<\/b><\/span><span style=\"font-family: 'Trebuchet MS', sans-serif;\"><b>Le circuit du tour :<\/b><\/span><\/p>\n<div style=\"clear: both; text-align: center;\"><\/div>\n<div style=\"clear: both; text-align: center;\"><\/div>\n<div style=\"clear: both; text-align: center;\"><a style=\"clear: left; float: left; margin-bottom: 1em; margin-right: 1em;\" title=\"Cliquer sur l'image pour l'agrandir\" href=\"http:\/\/4.bp.blogspot.com\/-QXS97nAnJpk\/T3rcc7rquzI\/AAAAAAAAAd0\/-DyNnyMI_LM\/s1600\/Paris+Running+Tour+-+Running+24-03-2012-image.jpg\" target=\"_blank\"><img loading=\"lazy\" decoding=\"async\" src=\"http:\/\/4.bp.blogspot.com\/-QXS97nAnJpk\/T3rcc7rquzI\/AAAAAAAAAd0\/-DyNnyMI_LM\/s640\/Paris+Running+Tour+-+Running+24-03-2012-image.jpg\" width=\"640\" height=\"282\" border=\"0\" \/><\/a><\/div>\n<p><span style=\"color: red; font-family: 'Trebuchet MS', sans-serif;\"><i><br \/>\n<\/i><\/span><\/div>\n<div style=\"clear: both; text-align: left;\"><\/div>\n<div style=\"text-align: center;\"><\/div>\n<\/div>\n","protected":false},"excerpt":{"rendered":"<p>Colin &#8211; Place de l&rsquo;Alma 8h00 &#8211; Avec Colin, nous avions d\u00e9cid\u00e9 de faire un grand tour le long de la Seine. Une belle matin\u00e9e, le soleil \u00e9tait avec nous. Colin vient d&rsquo;Australie mais travaille en Inde. Adepte des longues sorties, il envisage de courir son premier marathon \u00e0 Bombay, un marathon assez difficile du fait de la chaleur et de l&rsquo;humidit\u00e9. Nous sommes donc partis en longeant la Seine c\u00f4t\u00e9 rive gauche, en saluant une premi\u00e8re fois la tour Eiffel. Nous avons ensuite travers\u00e9 le fleuve par l&rsquo;Ile de la Cit\u00e9, admir\u00e9 Notre Dame et rejoint la rive droite pour faire une petite halte au Louvre. Colin &#8211; Rue de l&rsquo;Universit\u00e9, Notre Dame, Le Louvre Apr\u00e8s avoir travers\u00e9 le jardin des Tuileries, arriv\u00e9s devant l&rsquo;Ob\u00e9lisque de la place de la Concorde, nous avons \u00e9voqu\u00e9 l&rsquo;\u00e9poque du pharaon Ramses II. Avec une telle lumi\u00e8re, nous nous devions de faire des petites pauses pour photographier la tour Eiffel, et c&rsquo;est par le pont de Bir-Hakeim que nous sommes revenus sur la rive gauche. Colin &#8211; Ob\u00e9lisque de la Concorde, Trocad\u00e9ro, Pont de Bir-Hakeim Mais, quelle est cette flamme, place de l&rsquo;Alma, que l&rsquo;on voit sur la photo en t\u00eate de l&rsquo;article ? La plaque indique : \u00ab\u00a0\u00a0Flamme de la Libert\u00e9. R\u00e9plique exacte de la flamme de la statue de la Libert\u00e9 offerte au peuple fran\u00e7ais par des donateurs du monde entier en symbole de l&rsquo;amiti\u00e9 franco-am\u00e9ricaine. \u00c0 l&rsquo;occasion du centenaire de l&rsquo;International Herald Tribune. Paris 1887-1987. \u00ab\u00a0 En 1989,\u00a0les Etats-Unis offrirent cette flamme \u00e0 la France,\u00a0pour remercier les entreprises fran\u00e7aises qui r\u00e9alis\u00e8rent la restauration de la Statue de la Libert\u00e9 \u00e0 l&rsquo;occasion de son centenaire. Comme sa r\u00e9plique, la Flamme \u00e0 New-York, \u00e9clair\u00e9e \u00e0 l&rsquo;origine de l&rsquo;int\u00e9rieur, est maintenant dor\u00e9e et \u00e9clair\u00e9e de l&rsquo;ext\u00e9rieur. De nombreux visiteurs pensent que cette flamme a \u00e9t\u00e9 construite en hommage \u00e0 Lady Diana, d\u00e9c\u00e9d\u00e9e lors de son accident dans le tunnel de l&rsquo;Alma, situ\u00e9 sous le monument. La flamme peut effectivement faire penser \u00e0 la chanson d&rsquo;Elton John \u00e9crite en hommage \u00e0 la princesse : \u00ab\u00a0Candle in the wind\u00a0\u00bb. M\u00eame si Lady Diana est comm\u00e9mor\u00e9e officiellement dans un petit jardin du Marais, on peut souvent voir autour de la Flamme de la Libert\u00e9, de nombreux bouquets, des photos ou des messages inscrits \u00e0 la main. Le tunnel de l&rsquo;Alma est aussi le passage du Marathon de Paris (bient\u00f4t, le 15 avril !). A cet endroit, la course se rapproche du 29\u00e8 km (~18 miles) ! Bonne course \u00e0 toutes les coureuses et tous les coureurs qui feront le Marathon de Paris ! Merci Colin ! Le circuit du tour :<\/p>\n","protected":false},"author":1,"featured_media":1367,"comment_status":"open","ping_status":"open","sticky":false,"template":"","format":"standard","meta":{"footnotes":""},"categories":[11,23,13,5,10],"tags":[],"class_list":["post-119","post","type-post","status-publish","format-standard","has-post-thumbnail","hentry","category-alma-place-de-l","category-concorde-place-de-la","category-louvre","category-notre-dame","category-tour-eiffel"],"yoast_head":"<!-- This site is optimized with the Yoast SEO plugin v27.5 - https:\/\/yoast.com\/product\/yoast-seo-wordpress\/ -->\n<title>Un grand tour ensoleill\u00e9 avec Colin | Paris Running Tours<\/title>\n<meta name=\"robots\" content=\"noindex, follow, max-snippet:-1, max-image-preview:large, max-video-preview:-1\" \/>\n<meta property=\"og:locale\" content=\"fr_FR\" \/>\n<meta property=\"og:type\" content=\"article\" \/>\n<meta property=\"og:title\" content=\"Un grand tour ensoleill\u00e9 avec Colin | Paris Running Tours\" \/>\n<meta property=\"og:description\" content=\"Colin &#8211; Place de l&rsquo;Alma 8h00 &#8211; Avec Colin, nous avions d\u00e9cid\u00e9 de faire un grand tour le long de la Seine. Une belle matin\u00e9e, le soleil \u00e9tait avec nous. Colin vient d&rsquo;Australie mais travaille en Inde. Adepte des longues sorties, il envisage de courir son premier marathon \u00e0 Bombay, un marathon assez difficile du fait de la chaleur et de l&rsquo;humidit\u00e9. Nous sommes donc partis en longeant la Seine c\u00f4t\u00e9 rive gauche, en saluant une premi\u00e8re fois la tour Eiffel. Nous avons ensuite travers\u00e9 le fleuve par l&rsquo;Ile de la Cit\u00e9, admir\u00e9 Notre Dame et rejoint la rive droite pour faire une petite halte au Louvre. Colin &#8211; Rue de l&rsquo;Universit\u00e9, Notre Dame, Le Louvre Apr\u00e8s avoir travers\u00e9 le jardin des Tuileries, arriv\u00e9s devant l&rsquo;Ob\u00e9lisque de la place de la Concorde, nous avons \u00e9voqu\u00e9 l&rsquo;\u00e9poque du pharaon Ramses II. Avec une telle lumi\u00e8re, nous nous devions de faire des petites pauses pour photographier la tour Eiffel, et c&rsquo;est par le pont de Bir-Hakeim que nous sommes revenus sur la rive gauche. Colin &#8211; Ob\u00e9lisque de la Concorde, Trocad\u00e9ro, Pont de Bir-Hakeim Mais, quelle est cette flamme, place de l&rsquo;Alma, que l&rsquo;on voit sur la photo en t\u00eate de l&rsquo;article ? La plaque indique : \u00ab\u00a0\u00a0Flamme de la Libert\u00e9. R\u00e9plique exacte de la flamme de la statue de la Libert\u00e9 offerte au peuple fran\u00e7ais par des donateurs du monde entier en symbole de l&rsquo;amiti\u00e9 franco-am\u00e9ricaine. \u00c0 l&rsquo;occasion du centenaire de l&rsquo;International Herald Tribune. Paris 1887-1987. \u00ab\u00a0 En 1989,\u00a0les Etats-Unis offrirent cette flamme \u00e0 la France,\u00a0pour remercier les entreprises fran\u00e7aises qui r\u00e9alis\u00e8rent la restauration de la Statue de la Libert\u00e9 \u00e0 l&rsquo;occasion de son centenaire. Comme sa r\u00e9plique, la Flamme \u00e0 New-York, \u00e9clair\u00e9e \u00e0 l&rsquo;origine de l&rsquo;int\u00e9rieur, est maintenant dor\u00e9e et \u00e9clair\u00e9e de l&rsquo;ext\u00e9rieur. De nombreux visiteurs pensent que cette flamme a \u00e9t\u00e9 construite en hommage \u00e0 Lady Diana, d\u00e9c\u00e9d\u00e9e lors de son accident dans le tunnel de l&rsquo;Alma, situ\u00e9 sous le monument. La flamme peut effectivement faire penser \u00e0 la chanson d&rsquo;Elton John \u00e9crite en hommage \u00e0 la princesse : \u00ab\u00a0Candle in the wind\u00a0\u00bb. M\u00eame si Lady Diana est comm\u00e9mor\u00e9e officiellement dans un petit jardin du Marais, on peut souvent voir autour de la Flamme de la Libert\u00e9, de nombreux bouquets, des photos ou des messages inscrits \u00e0 la main. Le tunnel de l&rsquo;Alma est aussi le passage du Marathon de Paris (bient\u00f4t, le 15 avril !). A cet endroit, la course se rapproche du 29\u00e8 km (~18 miles) ! Bonne course \u00e0 toutes les coureuses et tous les coureurs qui feront le Marathon de Paris ! Merci Colin ! Le circuit du tour :\" \/>\n<meta property=\"og:url\" content=\"https:\/\/test-parisrunningtour.laurieassemat.com\/fr\/un-grand-tour-ensoleille-avec-colin\/\" \/>\n<meta property=\"og:site_name\" content=\"Paris Running Tours\" \/>\n<meta property=\"article:published_time\" content=\"2012-03-24T08:00:00+00:00\" \/>\n<meta property=\"article:modified_time\" content=\"2017-01-16T15:31:47+00:00\" \/>\n<meta property=\"og:image\" content=\"https:\/\/test-parisrunningtour.laurieassemat.com\/fr\/wp-content\/uploads\/sites\/1\/2012\/03\/PRT2012-03-24_08_PlaceDeLAlma.jpg\" \/>\n\t<meta property=\"og:image:width\" content=\"900\" \/>\n\t<meta property=\"og:image:height\" content=\"899\" \/>\n\t<meta property=\"og:image:type\" content=\"image\/jpeg\" \/>\n<meta name=\"author\" content=\"Admin\" \/>\n<meta name=\"twitter:card\" content=\"summary_large_image\" \/>\n<meta name=\"twitter:label1\" content=\"\u00c9crit par\" \/>\n\t<meta name=\"twitter:data1\" content=\"Admin\" \/>\n\t<meta name=\"twitter:label2\" content=\"Dur\u00e9e de lecture estim\u00e9e\" \/>\n\t<meta name=\"twitter:data2\" content=\"2 minutes\" \/>\n<script type=\"application\/ld+json\" class=\"yoast-schema-graph\">{\"@context\":\"https:\\\/\\\/schema.org\",\"@graph\":[{\"@type\":\"Article\",\"@id\":\"https:\\\/\\\/test-parisrunningtour.laurieassemat.com\\\/fr\\\/un-grand-tour-ensoleille-avec-colin\\\/#article\",\"isPartOf\":{\"@id\":\"https:\\\/\\\/test-parisrunningtour.laurieassemat.com\\\/fr\\\/un-grand-tour-ensoleille-avec-colin\\\/\"},\"author\":{\"name\":\"Admin\",\"@id\":\"https:\\\/\\\/test-parisrunningtour.laurieassemat.com\\\/fr\\\/#\\\/schema\\\/person\\\/75f0dc3c395ae2b4e14e29aff8f6a5af\"},\"headline\":\"Un grand tour ensoleill\u00e9 avec Colin\",\"datePublished\":\"2012-03-24T08:00:00+00:00\",\"dateModified\":\"2017-01-16T15:31:47+00:00\",\"mainEntityOfPage\":{\"@id\":\"https:\\\/\\\/test-parisrunningtour.laurieassemat.com\\\/fr\\\/un-grand-tour-ensoleille-avec-colin\\\/\"},\"wordCount\":470,\"commentCount\":0,\"publisher\":{\"@id\":\"https:\\\/\\\/test-parisrunningtour.laurieassemat.com\\\/fr\\\/#organization\"},\"image\":{\"@id\":\"https:\\\/\\\/test-parisrunningtour.laurieassemat.com\\\/fr\\\/un-grand-tour-ensoleille-avec-colin\\\/#primaryimage\"},\"thumbnailUrl\":\"https:\\\/\\\/test-parisrunningtour.laurieassemat.com\\\/fr\\\/wp-content\\\/uploads\\\/sites\\\/1\\\/2012\\\/03\\\/PRT2012-03-24_08_PlaceDeLAlma.jpg\",\"articleSection\":[\"Alma (Place de l')\",\"Concorde (Place de la)\",\"Louvre\",\"Notre Dame\",\"Tour Eiffel\"],\"inLanguage\":\"fr-FR\",\"potentialAction\":[{\"@type\":\"CommentAction\",\"name\":\"Comment\",\"target\":[\"https:\\\/\\\/test-parisrunningtour.laurieassemat.com\\\/fr\\\/un-grand-tour-ensoleille-avec-colin\\\/#respond\"]}]},{\"@type\":\"WebPage\",\"@id\":\"https:\\\/\\\/test-parisrunningtour.laurieassemat.com\\\/fr\\\/un-grand-tour-ensoleille-avec-colin\\\/\",\"url\":\"https:\\\/\\\/test-parisrunningtour.laurieassemat.com\\\/fr\\\/un-grand-tour-ensoleille-avec-colin\\\/\",\"name\":\"Un grand tour ensoleill\u00e9 avec Colin | Paris Running Tours\",\"isPartOf\":{\"@id\":\"https:\\\/\\\/test-parisrunningtour.laurieassemat.com\\\/fr\\\/#website\"},\"primaryImageOfPage\":{\"@id\":\"https:\\\/\\\/test-parisrunningtour.laurieassemat.com\\\/fr\\\/un-grand-tour-ensoleille-avec-colin\\\/#primaryimage\"},\"image\":{\"@id\":\"https:\\\/\\\/test-parisrunningtour.laurieassemat.com\\\/fr\\\/un-grand-tour-ensoleille-avec-colin\\\/#primaryimage\"},\"thumbnailUrl\":\"https:\\\/\\\/test-parisrunningtour.laurieassemat.com\\\/fr\\\/wp-content\\\/uploads\\\/sites\\\/1\\\/2012\\\/03\\\/PRT2012-03-24_08_PlaceDeLAlma.jpg\",\"datePublished\":\"2012-03-24T08:00:00+00:00\",\"dateModified\":\"2017-01-16T15:31:47+00:00\",\"breadcrumb\":{\"@id\":\"https:\\\/\\\/test-parisrunningtour.laurieassemat.com\\\/fr\\\/un-grand-tour-ensoleille-avec-colin\\\/#breadcrumb\"},\"inLanguage\":\"fr-FR\",\"potentialAction\":[{\"@type\":\"ReadAction\",\"target\":[\"https:\\\/\\\/test-parisrunningtour.laurieassemat.com\\\/fr\\\/un-grand-tour-ensoleille-avec-colin\\\/\"]}]},{\"@type\":\"ImageObject\",\"inLanguage\":\"fr-FR\",\"@id\":\"https:\\\/\\\/test-parisrunningtour.laurieassemat.com\\\/fr\\\/un-grand-tour-ensoleille-avec-colin\\\/#primaryimage\",\"url\":\"https:\\\/\\\/test-parisrunningtour.laurieassemat.com\\\/fr\\\/wp-content\\\/uploads\\\/sites\\\/1\\\/2012\\\/03\\\/PRT2012-03-24_08_PlaceDeLAlma.jpg\",\"contentUrl\":\"https:\\\/\\\/test-parisrunningtour.laurieassemat.com\\\/fr\\\/wp-content\\\/uploads\\\/sites\\\/1\\\/2012\\\/03\\\/PRT2012-03-24_08_PlaceDeLAlma.jpg\",\"width\":900,\"height\":899},{\"@type\":\"BreadcrumbList\",\"@id\":\"https:\\\/\\\/test-parisrunningtour.laurieassemat.com\\\/fr\\\/un-grand-tour-ensoleille-avec-colin\\\/#breadcrumb\",\"itemListElement\":[{\"@type\":\"ListItem\",\"position\":1,\"name\":\"Accueil\",\"item\":\"https:\\\/\\\/test-parisrunningtour.laurieassemat.com\\\/fr\\\/\"},{\"@type\":\"ListItem\",\"position\":2,\"name\":\"Un grand tour ensoleill\u00e9 avec Colin\"}]},{\"@type\":\"WebSite\",\"@id\":\"https:\\\/\\\/test-parisrunningtour.laurieassemat.com\\\/fr\\\/#website\",\"url\":\"https:\\\/\\\/test-parisrunningtour.laurieassemat.com\\\/fr\\\/\",\"name\":\"Paris Running Tours\",\"description\":\"D\u00e9couvrir Paris en courant\",\"publisher\":{\"@id\":\"https:\\\/\\\/test-parisrunningtour.laurieassemat.com\\\/fr\\\/#organization\"},\"potentialAction\":[{\"@type\":\"SearchAction\",\"target\":{\"@type\":\"EntryPoint\",\"urlTemplate\":\"https:\\\/\\\/test-parisrunningtour.laurieassemat.com\\\/fr\\\/?s={search_term_string}\"},\"query-input\":{\"@type\":\"PropertyValueSpecification\",\"valueRequired\":true,\"valueName\":\"search_term_string\"}}],\"inLanguage\":\"fr-FR\"},{\"@type\":\"Organization\",\"@id\":\"https:\\\/\\\/test-parisrunningtour.laurieassemat.com\\\/fr\\\/#organization\",\"name\":\"Paris Running Tours\",\"url\":\"https:\\\/\\\/test-parisrunningtour.laurieassemat.com\\\/fr\\\/\",\"logo\":{\"@type\":\"ImageObject\",\"inLanguage\":\"fr-FR\",\"@id\":\"https:\\\/\\\/test-parisrunningtour.laurieassemat.com\\\/fr\\\/#\\\/schema\\\/logo\\\/image\\\/\",\"url\":\"https:\\\/\\\/test-parisrunningtour.laurieassemat.com\\\/fr\\\/wp-content\\\/uploads\\\/sites\\\/1\\\/2016\\\/12\\\/cropped-faviconPRT.png\",\"contentUrl\":\"https:\\\/\\\/test-parisrunningtour.laurieassemat.com\\\/fr\\\/wp-content\\\/uploads\\\/sites\\\/1\\\/2016\\\/12\\\/cropped-faviconPRT.png\",\"width\":512,\"height\":512,\"caption\":\"Paris Running Tours\"},\"image\":{\"@id\":\"https:\\\/\\\/test-parisrunningtour.laurieassemat.com\\\/fr\\\/#\\\/schema\\\/logo\\\/image\\\/\"}},{\"@type\":\"Person\",\"@id\":\"https:\\\/\\\/test-parisrunningtour.laurieassemat.com\\\/fr\\\/#\\\/schema\\\/person\\\/75f0dc3c395ae2b4e14e29aff8f6a5af\",\"name\":\"Admin\",\"image\":{\"@type\":\"ImageObject\",\"inLanguage\":\"fr-FR\",\"@id\":\"https:\\\/\\\/secure.gravatar.com\\\/avatar\\\/2980d1c79775d028873614111fac5ea2906175b9eba90c2fe773d875d19902e0?s=96&d=mm&r=g\",\"url\":\"https:\\\/\\\/secure.gravatar.com\\\/avatar\\\/2980d1c79775d028873614111fac5ea2906175b9eba90c2fe773d875d19902e0?s=96&d=mm&r=g\",\"contentUrl\":\"https:\\\/\\\/secure.gravatar.com\\\/avatar\\\/2980d1c79775d028873614111fac5ea2906175b9eba90c2fe773d875d19902e0?s=96&d=mm&r=g\",\"caption\":\"Admin\"},\"sameAs\":[\"https:\\\/\\\/www.parisrunningtour.com\"]}]}<\/script>\n<!-- \/ Yoast SEO plugin. -->","yoast_head_json":{"title":"Un grand tour ensoleill\u00e9 avec Colin | Paris Running Tours","robots":{"index":"noindex","follow":"follow","max-snippet":"max-snippet:-1","max-image-preview":"max-image-preview:large","max-video-preview":"max-video-preview:-1"},"og_locale":"fr_FR","og_type":"article","og_title":"Un grand tour ensoleill\u00e9 avec Colin | Paris Running Tours","og_description":"Colin &#8211; Place de l&rsquo;Alma 8h00 &#8211; Avec Colin, nous avions d\u00e9cid\u00e9 de faire un grand tour le long de la Seine. Une belle matin\u00e9e, le soleil \u00e9tait avec nous. Colin vient d&rsquo;Australie mais travaille en Inde. Adepte des longues sorties, il envisage de courir son premier marathon \u00e0 Bombay, un marathon assez difficile du fait de la chaleur et de l&rsquo;humidit\u00e9. Nous sommes donc partis en longeant la Seine c\u00f4t\u00e9 rive gauche, en saluant une premi\u00e8re fois la tour Eiffel. Nous avons ensuite travers\u00e9 le fleuve par l&rsquo;Ile de la Cit\u00e9, admir\u00e9 Notre Dame et rejoint la rive droite pour faire une petite halte au Louvre. Colin &#8211; Rue de l&rsquo;Universit\u00e9, Notre Dame, Le Louvre Apr\u00e8s avoir travers\u00e9 le jardin des Tuileries, arriv\u00e9s devant l&rsquo;Ob\u00e9lisque de la place de la Concorde, nous avons \u00e9voqu\u00e9 l&rsquo;\u00e9poque du pharaon Ramses II. Avec une telle lumi\u00e8re, nous nous devions de faire des petites pauses pour photographier la tour Eiffel, et c&rsquo;est par le pont de Bir-Hakeim que nous sommes revenus sur la rive gauche. Colin &#8211; Ob\u00e9lisque de la Concorde, Trocad\u00e9ro, Pont de Bir-Hakeim Mais, quelle est cette flamme, place de l&rsquo;Alma, que l&rsquo;on voit sur la photo en t\u00eate de l&rsquo;article ? La plaque indique : \u00ab\u00a0\u00a0Flamme de la Libert\u00e9. R\u00e9plique exacte de la flamme de la statue de la Libert\u00e9 offerte au peuple fran\u00e7ais par des donateurs du monde entier en symbole de l&rsquo;amiti\u00e9 franco-am\u00e9ricaine. \u00c0 l&rsquo;occasion du centenaire de l&rsquo;International Herald Tribune. Paris 1887-1987. \u00ab\u00a0 En 1989,\u00a0les Etats-Unis offrirent cette flamme \u00e0 la France,\u00a0pour remercier les entreprises fran\u00e7aises qui r\u00e9alis\u00e8rent la restauration de la Statue de la Libert\u00e9 \u00e0 l&rsquo;occasion de son centenaire. Comme sa r\u00e9plique, la Flamme \u00e0 New-York, \u00e9clair\u00e9e \u00e0 l&rsquo;origine de l&rsquo;int\u00e9rieur, est maintenant dor\u00e9e et \u00e9clair\u00e9e de l&rsquo;ext\u00e9rieur. De nombreux visiteurs pensent que cette flamme a \u00e9t\u00e9 construite en hommage \u00e0 Lady Diana, d\u00e9c\u00e9d\u00e9e lors de son accident dans le tunnel de l&rsquo;Alma, situ\u00e9 sous le monument. La flamme peut effectivement faire penser \u00e0 la chanson d&rsquo;Elton John \u00e9crite en hommage \u00e0 la princesse : \u00ab\u00a0Candle in the wind\u00a0\u00bb. M\u00eame si Lady Diana est comm\u00e9mor\u00e9e officiellement dans un petit jardin du Marais, on peut souvent voir autour de la Flamme de la Libert\u00e9, de nombreux bouquets, des photos ou des messages inscrits \u00e0 la main. Le tunnel de l&rsquo;Alma est aussi le passage du Marathon de Paris (bient\u00f4t, le 15 avril !). A cet endroit, la course se rapproche du 29\u00e8 km (~18 miles) ! Bonne course \u00e0 toutes les coureuses et tous les coureurs qui feront le Marathon de Paris ! Merci Colin ! Le circuit du tour :","og_url":"https:\/\/test-parisrunningtour.laurieassemat.com\/fr\/un-grand-tour-ensoleille-avec-colin\/","og_site_name":"Paris Running Tours","article_published_time":"2012-03-24T08:00:00+00:00","article_modified_time":"2017-01-16T15:31:47+00:00","og_image":[{"width":900,"height":899,"url":"https:\/\/test-parisrunningtour.laurieassemat.com\/fr\/wp-content\/uploads\/sites\/1\/2012\/03\/PRT2012-03-24_08_PlaceDeLAlma.jpg","type":"image\/jpeg"}],"author":"Admin","twitter_card":"summary_large_image","twitter_misc":{"\u00c9crit par":"Admin","Dur\u00e9e de lecture estim\u00e9e":"2 minutes"},"schema":{"@context":"https:\/\/schema.org","@graph":[{"@type":"Article","@id":"https:\/\/test-parisrunningtour.laurieassemat.com\/fr\/un-grand-tour-ensoleille-avec-colin\/#article","isPartOf":{"@id":"https:\/\/test-parisrunningtour.laurieassemat.com\/fr\/un-grand-tour-ensoleille-avec-colin\/"},"author":{"name":"Admin","@id":"https:\/\/test-parisrunningtour.laurieassemat.com\/fr\/#\/schema\/person\/75f0dc3c395ae2b4e14e29aff8f6a5af"},"headline":"Un grand tour ensoleill\u00e9 avec Colin","datePublished":"2012-03-24T08:00:00+00:00","dateModified":"2017-01-16T15:31:47+00:00","mainEntityOfPage":{"@id":"https:\/\/test-parisrunningtour.laurieassemat.com\/fr\/un-grand-tour-ensoleille-avec-colin\/"},"wordCount":470,"commentCount":0,"publisher":{"@id":"https:\/\/test-parisrunningtour.laurieassemat.com\/fr\/#organization"},"image":{"@id":"https:\/\/test-parisrunningtour.laurieassemat.com\/fr\/un-grand-tour-ensoleille-avec-colin\/#primaryimage"},"thumbnailUrl":"https:\/\/test-parisrunningtour.laurieassemat.com\/fr\/wp-content\/uploads\/sites\/1\/2012\/03\/PRT2012-03-24_08_PlaceDeLAlma.jpg","articleSection":["Alma (Place de l')","Concorde (Place de la)","Louvre","Notre Dame","Tour Eiffel"],"inLanguage":"fr-FR","potentialAction":[{"@type":"CommentAction","name":"Comment","target":["https:\/\/test-parisrunningtour.laurieassemat.com\/fr\/un-grand-tour-ensoleille-avec-colin\/#respond"]}]},{"@type":"WebPage","@id":"https:\/\/test-parisrunningtour.laurieassemat.com\/fr\/un-grand-tour-ensoleille-avec-colin\/","url":"https:\/\/test-parisrunningtour.laurieassemat.com\/fr\/un-grand-tour-ensoleille-avec-colin\/","name":"Un grand tour ensoleill\u00e9 avec Colin | Paris Running Tours","isPartOf":{"@id":"https:\/\/test-parisrunningtour.laurieassemat.com\/fr\/#website"},"primaryImageOfPage":{"@id":"https:\/\/test-parisrunningtour.laurieassemat.com\/fr\/un-grand-tour-ensoleille-avec-colin\/#primaryimage"},"image":{"@id":"https:\/\/test-parisrunningtour.laurieassemat.com\/fr\/un-grand-tour-ensoleille-avec-colin\/#primaryimage"},"thumbnailUrl":"https:\/\/test-parisrunningtour.laurieassemat.com\/fr\/wp-content\/uploads\/sites\/1\/2012\/03\/PRT2012-03-24_08_PlaceDeLAlma.jpg","datePublished":"2012-03-24T08:00:00+00:00","dateModified":"2017-01-16T15:31:47+00:00","breadcrumb":{"@id":"https:\/\/test-parisrunningtour.laurieassemat.com\/fr\/un-grand-tour-ensoleille-avec-colin\/#breadcrumb"},"inLanguage":"fr-FR","potentialAction":[{"@type":"ReadAction","target":["https:\/\/test-parisrunningtour.laurieassemat.com\/fr\/un-grand-tour-ensoleille-avec-colin\/"]}]},{"@type":"ImageObject","inLanguage":"fr-FR","@id":"https:\/\/test-parisrunningtour.laurieassemat.com\/fr\/un-grand-tour-ensoleille-avec-colin\/#primaryimage","url":"https:\/\/test-parisrunningtour.laurieassemat.com\/fr\/wp-content\/uploads\/sites\/1\/2012\/03\/PRT2012-03-24_08_PlaceDeLAlma.jpg","contentUrl":"https:\/\/test-parisrunningtour.laurieassemat.com\/fr\/wp-content\/uploads\/sites\/1\/2012\/03\/PRT2012-03-24_08_PlaceDeLAlma.jpg","width":900,"height":899},{"@type":"BreadcrumbList","@id":"https:\/\/test-parisrunningtour.laurieassemat.com\/fr\/un-grand-tour-ensoleille-avec-colin\/#breadcrumb","itemListElement":[{"@type":"ListItem","position":1,"name":"Accueil","item":"https:\/\/test-parisrunningtour.laurieassemat.com\/fr\/"},{"@type":"ListItem","position":2,"name":"Un grand tour ensoleill\u00e9 avec Colin"}]},{"@type":"WebSite","@id":"https:\/\/test-parisrunningtour.laurieassemat.com\/fr\/#website","url":"https:\/\/test-parisrunningtour.laurieassemat.com\/fr\/","name":"Paris Running Tours","description":"D\u00e9couvrir Paris en courant","publisher":{"@id":"https:\/\/test-parisrunningtour.laurieassemat.com\/fr\/#organization"},"potentialAction":[{"@type":"SearchAction","target":{"@type":"EntryPoint","urlTemplate":"https:\/\/test-parisrunningtour.laurieassemat.com\/fr\/?s={search_term_string}"},"query-input":{"@type":"PropertyValueSpecification","valueRequired":true,"valueName":"search_term_string"}}],"inLanguage":"fr-FR"},{"@type":"Organization","@id":"https:\/\/test-parisrunningtour.laurieassemat.com\/fr\/#organization","name":"Paris Running Tours","url":"https:\/\/test-parisrunningtour.laurieassemat.com\/fr\/","logo":{"@type":"ImageObject","inLanguage":"fr-FR","@id":"https:\/\/test-parisrunningtour.laurieassemat.com\/fr\/#\/schema\/logo\/image\/","url":"https:\/\/test-parisrunningtour.laurieassemat.com\/fr\/wp-content\/uploads\/sites\/1\/2016\/12\/cropped-faviconPRT.png","contentUrl":"https:\/\/test-parisrunningtour.laurieassemat.com\/fr\/wp-content\/uploads\/sites\/1\/2016\/12\/cropped-faviconPRT.png","width":512,"height":512,"caption":"Paris Running Tours"},"image":{"@id":"https:\/\/test-parisrunningtour.laurieassemat.com\/fr\/#\/schema\/logo\/image\/"}},{"@type":"Person","@id":"https:\/\/test-parisrunningtour.laurieassemat.com\/fr\/#\/schema\/person\/75f0dc3c395ae2b4e14e29aff8f6a5af","name":"Admin","image":{"@type":"ImageObject","inLanguage":"fr-FR","@id":"https:\/\/secure.gravatar.com\/avatar\/2980d1c79775d028873614111fac5ea2906175b9eba90c2fe773d875d19902e0?s=96&d=mm&r=g","url":"https:\/\/secure.gravatar.com\/avatar\/2980d1c79775d028873614111fac5ea2906175b9eba90c2fe773d875d19902e0?s=96&d=mm&r=g","contentUrl":"https:\/\/secure.gravatar.com\/avatar\/2980d1c79775d028873614111fac5ea2906175b9eba90c2fe773d875d19902e0?s=96&d=mm&r=g","caption":"Admin"},"sameAs":["https:\/\/www.parisrunningtour.com"]}]}},"_links":{"self":[{"href":"https:\/\/test-parisrunningtour.laurieassemat.com\/fr\/wp-json\/wp\/v2\/posts\/119","targetHints":{"allow":["GET"]}}],"collection":[{"href":"https:\/\/test-parisrunningtour.laurieassemat.com\/fr\/wp-json\/wp\/v2\/posts"}],"about":[{"href":"https:\/\/test-parisrunningtour.laurieassemat.com\/fr\/wp-json\/wp\/v2\/types\/post"}],"author":[{"embeddable":true,"href":"https:\/\/test-parisrunningtour.laurieassemat.com\/fr\/wp-json\/wp\/v2\/users\/1"}],"replies":[{"embeddable":true,"href":"https:\/\/test-parisrunningtour.laurieassemat.com\/fr\/wp-json\/wp\/v2\/comments?post=119"}],"version-history":[{"count":1,"href":"https:\/\/test-parisrunningtour.laurieassemat.com\/fr\/wp-json\/wp\/v2\/posts\/119\/revisions"}],"predecessor-version":[{"id":1368,"href":"https:\/\/test-parisrunningtour.laurieassemat.com\/fr\/wp-json\/wp\/v2\/posts\/119\/revisions\/1368"}],"wp:featuredmedia":[{"embeddable":true,"href":"https:\/\/test-parisrunningtour.laurieassemat.com\/fr\/wp-json\/wp\/v2\/media\/1367"}],"wp:attachment":[{"href":"https:\/\/test-parisrunningtour.laurieassemat.com\/fr\/wp-json\/wp\/v2\/media?parent=119"}],"wp:term":[{"taxonomy":"category","embeddable":true,"href":"https:\/\/test-parisrunningtour.laurieassemat.com\/fr\/wp-json\/wp\/v2\/categories?post=119"},{"taxonomy":"post_tag","embeddable":true,"href":"https:\/\/test-parisrunningtour.laurieassemat.com\/fr\/wp-json\/wp\/v2\/tags?post=119"}],"curies":[{"name":"wp","href":"https:\/\/api.w.org\/{rel}","templated":true}]}}