{"id":123,"date":"2011-12-26T10:06:00","date_gmt":"2011-12-26T09:06:00","guid":{"rendered":"http:\/\/runningtour.paris\/blog\/2011\/12\/26\/devant-le-senat-francais-avec-daniel-et-wils\/"},"modified":"2017-01-16T16:51:51","modified_gmt":"2017-01-16T15:51:51","slug":"devant-le-senat-francais-avec-daniel-et-wils","status":"publish","type":"post","link":"https:\/\/test-parisrunningtour.laurieassemat.com\/fr\/devant-le-senat-francais-avec-daniel-et-wils\/","title":{"rendered":"Devant le S\u00e9nat Fran\u00e7ais avec Daniel et Wils"},"content":{"rendered":"<div style=\"clear: both; text-align: center;\"><\/div>\n<table style=\"margin-left: auto; margin-right: auto; text-align: center;\" cellspacing=\"0\" cellpadding=\"0\" align=\"center\">\n<tbody>\n<tr>\n<td style=\"text-align: center;\"><a style=\"margin-left: auto; margin-right: auto;\" title=\"Cliquer sur l'image pour l'agrandir\" href=\"http:\/\/3.bp.blogspot.com\/-PlUFiID1iUE\/TvjDKOzt0GI\/AAAAAAAAAYU\/eB2kwJxCcAs\/s1600\/2011-12-26_03_JardinDuLuxemboug%2526Senat.jpg\" target=\"_blank\"><img fetchpriority=\"high\" decoding=\"async\" src=\"http:\/\/3.bp.blogspot.com\/-PlUFiID1iUE\/TvjDKOzt0GI\/AAAAAAAAAYU\/eB2kwJxCcAs\/s640\/2011-12-26_03_JardinDuLuxemboug%2526Senat.jpg\" width=\"640\" height=\"480\" border=\"0\" \/><\/a><\/td>\n<\/tr>\n<tr>\n<td style=\"text-align: center;\"><span style=\"font-family: 'Trebuchet MS', sans-serif;\">Daniel, Wils &#8211; Le S\u00e9nat<\/span><\/td>\n<\/tr>\n<\/tbody>\n<\/table>\n<p><span style=\"font-family: 'Trebuchet MS', sans-serif;\"><b>9h06 &#8211;<\/b> Avec Daniel et Wils de New-York (USA), nous avons couru en grande partie sur la rive gauche : le jardin des plantes, les ar\u00e8nes de Lut\u00e8ce, le Panth\u00e9on, la rue Saint-Jacques&#8230;<\/p>\n<p>Sur notre chemin, apr\u00e8s avoir descendu la montagne Sainte Genevi\u00e8ve, nous avons travers\u00e9 le jardin du Luxembourg et rencontr\u00e9 le S\u00e9nat. Le S\u00e9nat avec l&rsquo;Assembl\u00e9e Nationale sont les deux chambres qui repr\u00e9sentent le pouvoir l\u00e9gislatif Fran\u00e7ais.<br \/>\nLe S\u00e9nat fran\u00e7ais est aussi appel\u00e9 Palais du Luxembourg, lieu o\u00f9 si\u00e8gent les s\u00e9nateurs depuis la r\u00e9volution. Ce palais fut command\u00e9 en 1615 par la r\u00e9gente Marie de M\u00e9dicis, veuve du roi Henri IV et m\u00e8re de Louis XIII.<\/p>\n<p>Sur notre trajet, nous avons remarqu\u00e9 au sol de curieux m\u00e9daillons :<\/span><br \/>\n<span style=\"font-family: 'Trebuchet MS', sans-serif;\"><br \/>\n<\/span><\/p>\n<div style=\"clear: both; text-align: center;\"><span style=\"font-family: 'Trebuchet MS', sans-serif;\"><a style=\"clear: left; float: left; margin-bottom: 1em; margin-right: 1em;\" title=\"Cliquer sur l'image pour l'agrandir\" href=\"http:\/\/1.bp.blogspot.com\/-bGyiRhJDdAs\/TvjGLmPyspI\/AAAAAAAAAYg\/3k2_86P0qwc\/s1600\/PointsArago.jpg\" target=\"_blank\"><img decoding=\"async\" src=\"http:\/\/1.bp.blogspot.com\/-bGyiRhJDdAs\/TvjGLmPyspI\/AAAAAAAAAYg\/3k2_86P0qwc\/s640\/PointsArago.jpg\" width=\"640\" height=\"130\" border=\"0\" \/><\/a><\/span><\/div>\n<p><span style=\"font-family: 'Trebuchet MS', sans-serif;\"><br \/>\n<\/span><\/p>\n<div style=\"clear: both; text-align: center;\"><\/div>\n<p><span style=\"font-family: 'Trebuchet MS', sans-serif;\">Ces m\u00e9daillons, au nombre de 135, furent pos\u00e9s \u00e0 Paris en 1994, sur la ligne du m\u00e9ridien de Paris (aujourd&rsquo;hui, nous utilisons le m\u00e9ridien de Greenwich). Ils indiquent la ligne virtuelle Nord-Sud du m\u00e9ridien avec les lettres \u00ab\u00a0N\u00a0\u00bb et \u00ab\u00a0S\u00a0\u00bb.<\/span><br \/>\n<span style=\"font-family: 'Trebuchet MS', sans-serif;\">L&rsquo;artiste n\u00e9erlandais Jan Dibbets r\u00e9alisa ainsi l&rsquo;hommage \u00e0 Fran\u00e7ois Arago (1786-1853), scientifique et homme politique fran\u00e7ais.\u00a0<\/span><br \/>\n<span style=\"font-family: 'Trebuchet MS', sans-serif;\">Le m\u00e9ridien de Paris fut \u00e9tabli pour permettre la cr\u00e9ation de l&rsquo;Observatoire astronomique de Paris cr\u00e9\u00e9 en 1667 (Arago fut notamment le directeur de l&rsquo;observatoire de Paris).<\/span><br \/>\n<span style=\"font-family: 'Trebuchet MS', sans-serif;\">D&rsquo;ailleurs, en courant dans le jardin du Luxembourg, pr\u00e8s du S\u00e9nat, Daniel nous fit remarquer l&rsquo;Observatoire au loin en regardant au Sud du jardin.<\/span><\/p>\n<p><span style=\"font-family: 'Trebuchet MS', sans-serif;\">Combien de \u00ab\u00a0points Arago\u00a0\u00bb trouverez-vous en parcourant Paris ? Suivez le m\u00e9ridien !<\/span><\/p>\n<p><span style=\"font-family: 'Trebuchet MS', sans-serif;\">Merci Daniel, merci Wils !<\/span><\/p>\n<div><span style=\"font-family: 'Trebuchet MS', sans-serif;\"><b><br \/>\n<\/b><\/span><span style=\"font-family: 'Trebuchet MS', sans-serif;\"><b>Le circuit du tour :<\/b><\/span><\/p>\n<div style=\"clear: both; text-align: center;\"><a style=\"clear: left; float: left; margin-bottom: 1em; margin-right: 1em;\" title=\"Cliquer sur l'image pour l'agrandir\" href=\"http:\/\/3.bp.blogspot.com\/-d6eLruTaE0I\/TvjGnXlNyYI\/AAAAAAAAAYs\/rgK2To4llDQ\/s1600\/TourDan%2526Wils.jpg\" target=\"_blank\"><img decoding=\"async\" src=\"http:\/\/3.bp.blogspot.com\/-d6eLruTaE0I\/TvjGnXlNyYI\/AAAAAAAAAYs\/rgK2To4llDQ\/s640\/TourDan%2526Wils.jpg\" width=\"640\" height=\"574\" border=\"0\" \/><\/a><\/div>\n<p><span style=\"color: red; font-family: 'Trebuchet MS', sans-serif;\"><i><br \/>\n<\/i><\/span><\/div>\n<div style=\"clear: both; text-align: left;\"><\/div>\n<div style=\"text-align: center;\"><\/div>\n","protected":false},"excerpt":{"rendered":"<p>Daniel, Wils &#8211; Le S\u00e9nat 9h06 &#8211; Avec Daniel et Wils de New-York (USA), nous avons couru en grande partie sur la rive gauche : le jardin des plantes, les ar\u00e8nes de Lut\u00e8ce, le Panth\u00e9on, la rue Saint-Jacques&#8230; Sur notre chemin, apr\u00e8s avoir descendu la montagne Sainte Genevi\u00e8ve, nous avons travers\u00e9 le jardin du Luxembourg et rencontr\u00e9 le S\u00e9nat. Le S\u00e9nat avec l&rsquo;Assembl\u00e9e Nationale sont les deux chambres qui repr\u00e9sentent le pouvoir l\u00e9gislatif Fran\u00e7ais. Le S\u00e9nat fran\u00e7ais est aussi appel\u00e9 Palais du Luxembourg, lieu o\u00f9 si\u00e8gent les s\u00e9nateurs depuis la r\u00e9volution. Ce palais fut command\u00e9 en 1615 par la r\u00e9gente Marie de M\u00e9dicis, veuve du roi Henri IV et m\u00e8re de Louis XIII. Sur notre trajet, nous avons remarqu\u00e9 au sol de curieux m\u00e9daillons : Ces m\u00e9daillons, au nombre de 135, furent pos\u00e9s \u00e0 Paris en 1994, sur la ligne du m\u00e9ridien de Paris (aujourd&rsquo;hui, nous utilisons le m\u00e9ridien de Greenwich). Ils indiquent la ligne virtuelle Nord-Sud du m\u00e9ridien avec les lettres \u00ab\u00a0N\u00a0\u00bb et \u00ab\u00a0S\u00a0\u00bb. L&rsquo;artiste n\u00e9erlandais Jan Dibbets r\u00e9alisa ainsi l&rsquo;hommage \u00e0 Fran\u00e7ois Arago (1786-1853), scientifique et homme politique fran\u00e7ais.\u00a0 Le m\u00e9ridien de Paris fut \u00e9tabli pour permettre la cr\u00e9ation de l&rsquo;Observatoire astronomique de Paris cr\u00e9\u00e9 en 1667 (Arago fut notamment le directeur de l&rsquo;observatoire de Paris). D&rsquo;ailleurs, en courant dans le jardin du Luxembourg, pr\u00e8s du S\u00e9nat, Daniel nous fit remarquer l&rsquo;Observatoire au loin en regardant au Sud du jardin. Combien de \u00ab\u00a0points Arago\u00a0\u00bb trouverez-vous en parcourant Paris ? Suivez le m\u00e9ridien ! Merci Daniel, merci Wils ! Le circuit du tour :<\/p>\n","protected":false},"author":1,"featured_media":1379,"comment_status":"open","ping_status":"open","sticky":false,"template":"","format":"standard","meta":{"footnotes":""},"categories":[7,101],"tags":[],"class_list":["post-123","post","type-post","status-publish","format-standard","has-post-thumbnail","hentry","category-luxembourg-jardin-du","category-senat"],"yoast_head":"<!-- This site is optimized with the Yoast SEO plugin v27.5 - https:\/\/yoast.com\/product\/yoast-seo-wordpress\/ -->\n<title>Devant le S\u00e9nat Fran\u00e7ais avec Daniel et Wils | Paris Running Tours<\/title>\n<meta name=\"robots\" content=\"noindex, follow, max-snippet:-1, max-image-preview:large, max-video-preview:-1\" \/>\n<meta property=\"og:locale\" content=\"fr_FR\" \/>\n<meta property=\"og:type\" content=\"article\" \/>\n<meta property=\"og:title\" content=\"Devant le S\u00e9nat Fran\u00e7ais avec Daniel et Wils | Paris Running Tours\" \/>\n<meta property=\"og:description\" content=\"Daniel, Wils &#8211; Le S\u00e9nat 9h06 &#8211; Avec Daniel et Wils de New-York (USA), nous avons couru en grande partie sur la rive gauche : le jardin des plantes, les ar\u00e8nes de Lut\u00e8ce, le Panth\u00e9on, la rue Saint-Jacques&#8230; Sur notre chemin, apr\u00e8s avoir descendu la montagne Sainte Genevi\u00e8ve, nous avons travers\u00e9 le jardin du Luxembourg et rencontr\u00e9 le S\u00e9nat. Le S\u00e9nat avec l&rsquo;Assembl\u00e9e Nationale sont les deux chambres qui repr\u00e9sentent le pouvoir l\u00e9gislatif Fran\u00e7ais. Le S\u00e9nat fran\u00e7ais est aussi appel\u00e9 Palais du Luxembourg, lieu o\u00f9 si\u00e8gent les s\u00e9nateurs depuis la r\u00e9volution. Ce palais fut command\u00e9 en 1615 par la r\u00e9gente Marie de M\u00e9dicis, veuve du roi Henri IV et m\u00e8re de Louis XIII. Sur notre trajet, nous avons remarqu\u00e9 au sol de curieux m\u00e9daillons : Ces m\u00e9daillons, au nombre de 135, furent pos\u00e9s \u00e0 Paris en 1994, sur la ligne du m\u00e9ridien de Paris (aujourd&rsquo;hui, nous utilisons le m\u00e9ridien de Greenwich). Ils indiquent la ligne virtuelle Nord-Sud du m\u00e9ridien avec les lettres \u00ab\u00a0N\u00a0\u00bb et \u00ab\u00a0S\u00a0\u00bb. L&rsquo;artiste n\u00e9erlandais Jan Dibbets r\u00e9alisa ainsi l&rsquo;hommage \u00e0 Fran\u00e7ois Arago (1786-1853), scientifique et homme politique fran\u00e7ais.\u00a0 Le m\u00e9ridien de Paris fut \u00e9tabli pour permettre la cr\u00e9ation de l&rsquo;Observatoire astronomique de Paris cr\u00e9\u00e9 en 1667 (Arago fut notamment le directeur de l&rsquo;observatoire de Paris). D&rsquo;ailleurs, en courant dans le jardin du Luxembourg, pr\u00e8s du S\u00e9nat, Daniel nous fit remarquer l&rsquo;Observatoire au loin en regardant au Sud du jardin. Combien de \u00ab\u00a0points Arago\u00a0\u00bb trouverez-vous en parcourant Paris ? Suivez le m\u00e9ridien ! Merci Daniel, merci Wils ! Le circuit du tour :\" \/>\n<meta property=\"og:url\" content=\"https:\/\/test-parisrunningtour.laurieassemat.com\/fr\/devant-le-senat-francais-avec-daniel-et-wils\/\" \/>\n<meta property=\"og:site_name\" content=\"Paris Running Tours\" \/>\n<meta property=\"article:published_time\" content=\"2011-12-26T09:06:00+00:00\" \/>\n<meta property=\"article:modified_time\" content=\"2017-01-16T15:51:51+00:00\" \/>\n<meta property=\"og:image\" content=\"https:\/\/test-parisrunningtour.laurieassemat.com\/fr\/wp-content\/uploads\/sites\/1\/2011\/12\/PRT2011-12-26_03_JardinDuLuxembougSenat.jpg\" \/>\n\t<meta property=\"og:image:width\" content=\"900\" \/>\n\t<meta property=\"og:image:height\" content=\"900\" \/>\n\t<meta property=\"og:image:type\" content=\"image\/jpeg\" \/>\n<meta name=\"author\" content=\"Admin\" \/>\n<meta name=\"twitter:card\" content=\"summary_large_image\" \/>\n<meta name=\"twitter:label1\" content=\"\u00c9crit par\" \/>\n\t<meta name=\"twitter:data1\" content=\"Admin\" \/>\n\t<meta name=\"twitter:label2\" content=\"Dur\u00e9e de lecture estim\u00e9e\" \/>\n\t<meta name=\"twitter:data2\" content=\"1 minute\" \/>\n<script type=\"application\/ld+json\" class=\"yoast-schema-graph\">{\"@context\":\"https:\\\/\\\/schema.org\",\"@graph\":[{\"@type\":\"Article\",\"@id\":\"https:\\\/\\\/test-parisrunningtour.laurieassemat.com\\\/fr\\\/devant-le-senat-francais-avec-daniel-et-wils\\\/#article\",\"isPartOf\":{\"@id\":\"https:\\\/\\\/test-parisrunningtour.laurieassemat.com\\\/fr\\\/devant-le-senat-francais-avec-daniel-et-wils\\\/\"},\"author\":{\"name\":\"Admin\",\"@id\":\"https:\\\/\\\/test-parisrunningtour.laurieassemat.com\\\/fr\\\/#\\\/schema\\\/person\\\/75f0dc3c395ae2b4e14e29aff8f6a5af\"},\"headline\":\"Devant le S\u00e9nat Fran\u00e7ais avec Daniel et Wils\",\"datePublished\":\"2011-12-26T09:06:00+00:00\",\"dateModified\":\"2017-01-16T15:51:51+00:00\",\"mainEntityOfPage\":{\"@id\":\"https:\\\/\\\/test-parisrunningtour.laurieassemat.com\\\/fr\\\/devant-le-senat-francais-avec-daniel-et-wils\\\/\"},\"wordCount\":296,\"commentCount\":0,\"publisher\":{\"@id\":\"https:\\\/\\\/test-parisrunningtour.laurieassemat.com\\\/fr\\\/#organization\"},\"image\":{\"@id\":\"https:\\\/\\\/test-parisrunningtour.laurieassemat.com\\\/fr\\\/devant-le-senat-francais-avec-daniel-et-wils\\\/#primaryimage\"},\"thumbnailUrl\":\"https:\\\/\\\/test-parisrunningtour.laurieassemat.com\\\/fr\\\/wp-content\\\/uploads\\\/sites\\\/1\\\/2011\\\/12\\\/PRT2011-12-26_03_JardinDuLuxembougSenat.jpg\",\"articleSection\":[\"Luxembourg (Jardin du)\",\"S\u00e9nat\"],\"inLanguage\":\"fr-FR\",\"potentialAction\":[{\"@type\":\"CommentAction\",\"name\":\"Comment\",\"target\":[\"https:\\\/\\\/test-parisrunningtour.laurieassemat.com\\\/fr\\\/devant-le-senat-francais-avec-daniel-et-wils\\\/#respond\"]}]},{\"@type\":\"WebPage\",\"@id\":\"https:\\\/\\\/test-parisrunningtour.laurieassemat.com\\\/fr\\\/devant-le-senat-francais-avec-daniel-et-wils\\\/\",\"url\":\"https:\\\/\\\/test-parisrunningtour.laurieassemat.com\\\/fr\\\/devant-le-senat-francais-avec-daniel-et-wils\\\/\",\"name\":\"Devant le S\u00e9nat Fran\u00e7ais avec Daniel et Wils | Paris Running Tours\",\"isPartOf\":{\"@id\":\"https:\\\/\\\/test-parisrunningtour.laurieassemat.com\\\/fr\\\/#website\"},\"primaryImageOfPage\":{\"@id\":\"https:\\\/\\\/test-parisrunningtour.laurieassemat.com\\\/fr\\\/devant-le-senat-francais-avec-daniel-et-wils\\\/#primaryimage\"},\"image\":{\"@id\":\"https:\\\/\\\/test-parisrunningtour.laurieassemat.com\\\/fr\\\/devant-le-senat-francais-avec-daniel-et-wils\\\/#primaryimage\"},\"thumbnailUrl\":\"https:\\\/\\\/test-parisrunningtour.laurieassemat.com\\\/fr\\\/wp-content\\\/uploads\\\/sites\\\/1\\\/2011\\\/12\\\/PRT2011-12-26_03_JardinDuLuxembougSenat.jpg\",\"datePublished\":\"2011-12-26T09:06:00+00:00\",\"dateModified\":\"2017-01-16T15:51:51+00:00\",\"breadcrumb\":{\"@id\":\"https:\\\/\\\/test-parisrunningtour.laurieassemat.com\\\/fr\\\/devant-le-senat-francais-avec-daniel-et-wils\\\/#breadcrumb\"},\"inLanguage\":\"fr-FR\",\"potentialAction\":[{\"@type\":\"ReadAction\",\"target\":[\"https:\\\/\\\/test-parisrunningtour.laurieassemat.com\\\/fr\\\/devant-le-senat-francais-avec-daniel-et-wils\\\/\"]}]},{\"@type\":\"ImageObject\",\"inLanguage\":\"fr-FR\",\"@id\":\"https:\\\/\\\/test-parisrunningtour.laurieassemat.com\\\/fr\\\/devant-le-senat-francais-avec-daniel-et-wils\\\/#primaryimage\",\"url\":\"https:\\\/\\\/test-parisrunningtour.laurieassemat.com\\\/fr\\\/wp-content\\\/uploads\\\/sites\\\/1\\\/2011\\\/12\\\/PRT2011-12-26_03_JardinDuLuxembougSenat.jpg\",\"contentUrl\":\"https:\\\/\\\/test-parisrunningtour.laurieassemat.com\\\/fr\\\/wp-content\\\/uploads\\\/sites\\\/1\\\/2011\\\/12\\\/PRT2011-12-26_03_JardinDuLuxembougSenat.jpg\",\"width\":900,\"height\":900},{\"@type\":\"BreadcrumbList\",\"@id\":\"https:\\\/\\\/test-parisrunningtour.laurieassemat.com\\\/fr\\\/devant-le-senat-francais-avec-daniel-et-wils\\\/#breadcrumb\",\"itemListElement\":[{\"@type\":\"ListItem\",\"position\":1,\"name\":\"Accueil\",\"item\":\"https:\\\/\\\/test-parisrunningtour.laurieassemat.com\\\/fr\\\/\"},{\"@type\":\"ListItem\",\"position\":2,\"name\":\"Devant le S\u00e9nat Fran\u00e7ais avec Daniel et Wils\"}]},{\"@type\":\"WebSite\",\"@id\":\"https:\\\/\\\/test-parisrunningtour.laurieassemat.com\\\/fr\\\/#website\",\"url\":\"https:\\\/\\\/test-parisrunningtour.laurieassemat.com\\\/fr\\\/\",\"name\":\"Paris Running Tours\",\"description\":\"D\u00e9couvrir Paris en courant\",\"publisher\":{\"@id\":\"https:\\\/\\\/test-parisrunningtour.laurieassemat.com\\\/fr\\\/#organization\"},\"potentialAction\":[{\"@type\":\"SearchAction\",\"target\":{\"@type\":\"EntryPoint\",\"urlTemplate\":\"https:\\\/\\\/test-parisrunningtour.laurieassemat.com\\\/fr\\\/?s={search_term_string}\"},\"query-input\":{\"@type\":\"PropertyValueSpecification\",\"valueRequired\":true,\"valueName\":\"search_term_string\"}}],\"inLanguage\":\"fr-FR\"},{\"@type\":\"Organization\",\"@id\":\"https:\\\/\\\/test-parisrunningtour.laurieassemat.com\\\/fr\\\/#organization\",\"name\":\"Paris Running Tours\",\"url\":\"https:\\\/\\\/test-parisrunningtour.laurieassemat.com\\\/fr\\\/\",\"logo\":{\"@type\":\"ImageObject\",\"inLanguage\":\"fr-FR\",\"@id\":\"https:\\\/\\\/test-parisrunningtour.laurieassemat.com\\\/fr\\\/#\\\/schema\\\/logo\\\/image\\\/\",\"url\":\"https:\\\/\\\/test-parisrunningtour.laurieassemat.com\\\/fr\\\/wp-content\\\/uploads\\\/sites\\\/1\\\/2016\\\/12\\\/cropped-faviconPRT.png\",\"contentUrl\":\"https:\\\/\\\/test-parisrunningtour.laurieassemat.com\\\/fr\\\/wp-content\\\/uploads\\\/sites\\\/1\\\/2016\\\/12\\\/cropped-faviconPRT.png\",\"width\":512,\"height\":512,\"caption\":\"Paris Running Tours\"},\"image\":{\"@id\":\"https:\\\/\\\/test-parisrunningtour.laurieassemat.com\\\/fr\\\/#\\\/schema\\\/logo\\\/image\\\/\"}},{\"@type\":\"Person\",\"@id\":\"https:\\\/\\\/test-parisrunningtour.laurieassemat.com\\\/fr\\\/#\\\/schema\\\/person\\\/75f0dc3c395ae2b4e14e29aff8f6a5af\",\"name\":\"Admin\",\"image\":{\"@type\":\"ImageObject\",\"inLanguage\":\"fr-FR\",\"@id\":\"https:\\\/\\\/secure.gravatar.com\\\/avatar\\\/2980d1c79775d028873614111fac5ea2906175b9eba90c2fe773d875d19902e0?s=96&d=mm&r=g\",\"url\":\"https:\\\/\\\/secure.gravatar.com\\\/avatar\\\/2980d1c79775d028873614111fac5ea2906175b9eba90c2fe773d875d19902e0?s=96&d=mm&r=g\",\"contentUrl\":\"https:\\\/\\\/secure.gravatar.com\\\/avatar\\\/2980d1c79775d028873614111fac5ea2906175b9eba90c2fe773d875d19902e0?s=96&d=mm&r=g\",\"caption\":\"Admin\"},\"sameAs\":[\"https:\\\/\\\/www.parisrunningtour.com\"]}]}<\/script>\n<!-- \/ Yoast SEO plugin. -->","yoast_head_json":{"title":"Devant le S\u00e9nat Fran\u00e7ais avec Daniel et Wils | Paris Running Tours","robots":{"index":"noindex","follow":"follow","max-snippet":"max-snippet:-1","max-image-preview":"max-image-preview:large","max-video-preview":"max-video-preview:-1"},"og_locale":"fr_FR","og_type":"article","og_title":"Devant le S\u00e9nat Fran\u00e7ais avec Daniel et Wils | Paris Running Tours","og_description":"Daniel, Wils &#8211; Le S\u00e9nat 9h06 &#8211; Avec Daniel et Wils de New-York (USA), nous avons couru en grande partie sur la rive gauche : le jardin des plantes, les ar\u00e8nes de Lut\u00e8ce, le Panth\u00e9on, la rue Saint-Jacques&#8230; Sur notre chemin, apr\u00e8s avoir descendu la montagne Sainte Genevi\u00e8ve, nous avons travers\u00e9 le jardin du Luxembourg et rencontr\u00e9 le S\u00e9nat. Le S\u00e9nat avec l&rsquo;Assembl\u00e9e Nationale sont les deux chambres qui repr\u00e9sentent le pouvoir l\u00e9gislatif Fran\u00e7ais. Le S\u00e9nat fran\u00e7ais est aussi appel\u00e9 Palais du Luxembourg, lieu o\u00f9 si\u00e8gent les s\u00e9nateurs depuis la r\u00e9volution. Ce palais fut command\u00e9 en 1615 par la r\u00e9gente Marie de M\u00e9dicis, veuve du roi Henri IV et m\u00e8re de Louis XIII. Sur notre trajet, nous avons remarqu\u00e9 au sol de curieux m\u00e9daillons : Ces m\u00e9daillons, au nombre de 135, furent pos\u00e9s \u00e0 Paris en 1994, sur la ligne du m\u00e9ridien de Paris (aujourd&rsquo;hui, nous utilisons le m\u00e9ridien de Greenwich). Ils indiquent la ligne virtuelle Nord-Sud du m\u00e9ridien avec les lettres \u00ab\u00a0N\u00a0\u00bb et \u00ab\u00a0S\u00a0\u00bb. L&rsquo;artiste n\u00e9erlandais Jan Dibbets r\u00e9alisa ainsi l&rsquo;hommage \u00e0 Fran\u00e7ois Arago (1786-1853), scientifique et homme politique fran\u00e7ais.\u00a0 Le m\u00e9ridien de Paris fut \u00e9tabli pour permettre la cr\u00e9ation de l&rsquo;Observatoire astronomique de Paris cr\u00e9\u00e9 en 1667 (Arago fut notamment le directeur de l&rsquo;observatoire de Paris). D&rsquo;ailleurs, en courant dans le jardin du Luxembourg, pr\u00e8s du S\u00e9nat, Daniel nous fit remarquer l&rsquo;Observatoire au loin en regardant au Sud du jardin. Combien de \u00ab\u00a0points Arago\u00a0\u00bb trouverez-vous en parcourant Paris ? Suivez le m\u00e9ridien ! Merci Daniel, merci Wils ! Le circuit du tour :","og_url":"https:\/\/test-parisrunningtour.laurieassemat.com\/fr\/devant-le-senat-francais-avec-daniel-et-wils\/","og_site_name":"Paris Running Tours","article_published_time":"2011-12-26T09:06:00+00:00","article_modified_time":"2017-01-16T15:51:51+00:00","og_image":[{"width":900,"height":900,"url":"https:\/\/test-parisrunningtour.laurieassemat.com\/fr\/wp-content\/uploads\/sites\/1\/2011\/12\/PRT2011-12-26_03_JardinDuLuxembougSenat.jpg","type":"image\/jpeg"}],"author":"Admin","twitter_card":"summary_large_image","twitter_misc":{"\u00c9crit par":"Admin","Dur\u00e9e de lecture estim\u00e9e":"1 minute"},"schema":{"@context":"https:\/\/schema.org","@graph":[{"@type":"Article","@id":"https:\/\/test-parisrunningtour.laurieassemat.com\/fr\/devant-le-senat-francais-avec-daniel-et-wils\/#article","isPartOf":{"@id":"https:\/\/test-parisrunningtour.laurieassemat.com\/fr\/devant-le-senat-francais-avec-daniel-et-wils\/"},"author":{"name":"Admin","@id":"https:\/\/test-parisrunningtour.laurieassemat.com\/fr\/#\/schema\/person\/75f0dc3c395ae2b4e14e29aff8f6a5af"},"headline":"Devant le S\u00e9nat Fran\u00e7ais avec Daniel et Wils","datePublished":"2011-12-26T09:06:00+00:00","dateModified":"2017-01-16T15:51:51+00:00","mainEntityOfPage":{"@id":"https:\/\/test-parisrunningtour.laurieassemat.com\/fr\/devant-le-senat-francais-avec-daniel-et-wils\/"},"wordCount":296,"commentCount":0,"publisher":{"@id":"https:\/\/test-parisrunningtour.laurieassemat.com\/fr\/#organization"},"image":{"@id":"https:\/\/test-parisrunningtour.laurieassemat.com\/fr\/devant-le-senat-francais-avec-daniel-et-wils\/#primaryimage"},"thumbnailUrl":"https:\/\/test-parisrunningtour.laurieassemat.com\/fr\/wp-content\/uploads\/sites\/1\/2011\/12\/PRT2011-12-26_03_JardinDuLuxembougSenat.jpg","articleSection":["Luxembourg (Jardin du)","S\u00e9nat"],"inLanguage":"fr-FR","potentialAction":[{"@type":"CommentAction","name":"Comment","target":["https:\/\/test-parisrunningtour.laurieassemat.com\/fr\/devant-le-senat-francais-avec-daniel-et-wils\/#respond"]}]},{"@type":"WebPage","@id":"https:\/\/test-parisrunningtour.laurieassemat.com\/fr\/devant-le-senat-francais-avec-daniel-et-wils\/","url":"https:\/\/test-parisrunningtour.laurieassemat.com\/fr\/devant-le-senat-francais-avec-daniel-et-wils\/","name":"Devant le S\u00e9nat Fran\u00e7ais avec Daniel et Wils | Paris Running Tours","isPartOf":{"@id":"https:\/\/test-parisrunningtour.laurieassemat.com\/fr\/#website"},"primaryImageOfPage":{"@id":"https:\/\/test-parisrunningtour.laurieassemat.com\/fr\/devant-le-senat-francais-avec-daniel-et-wils\/#primaryimage"},"image":{"@id":"https:\/\/test-parisrunningtour.laurieassemat.com\/fr\/devant-le-senat-francais-avec-daniel-et-wils\/#primaryimage"},"thumbnailUrl":"https:\/\/test-parisrunningtour.laurieassemat.com\/fr\/wp-content\/uploads\/sites\/1\/2011\/12\/PRT2011-12-26_03_JardinDuLuxembougSenat.jpg","datePublished":"2011-12-26T09:06:00+00:00","dateModified":"2017-01-16T15:51:51+00:00","breadcrumb":{"@id":"https:\/\/test-parisrunningtour.laurieassemat.com\/fr\/devant-le-senat-francais-avec-daniel-et-wils\/#breadcrumb"},"inLanguage":"fr-FR","potentialAction":[{"@type":"ReadAction","target":["https:\/\/test-parisrunningtour.laurieassemat.com\/fr\/devant-le-senat-francais-avec-daniel-et-wils\/"]}]},{"@type":"ImageObject","inLanguage":"fr-FR","@id":"https:\/\/test-parisrunningtour.laurieassemat.com\/fr\/devant-le-senat-francais-avec-daniel-et-wils\/#primaryimage","url":"https:\/\/test-parisrunningtour.laurieassemat.com\/fr\/wp-content\/uploads\/sites\/1\/2011\/12\/PRT2011-12-26_03_JardinDuLuxembougSenat.jpg","contentUrl":"https:\/\/test-parisrunningtour.laurieassemat.com\/fr\/wp-content\/uploads\/sites\/1\/2011\/12\/PRT2011-12-26_03_JardinDuLuxembougSenat.jpg","width":900,"height":900},{"@type":"BreadcrumbList","@id":"https:\/\/test-parisrunningtour.laurieassemat.com\/fr\/devant-le-senat-francais-avec-daniel-et-wils\/#breadcrumb","itemListElement":[{"@type":"ListItem","position":1,"name":"Accueil","item":"https:\/\/test-parisrunningtour.laurieassemat.com\/fr\/"},{"@type":"ListItem","position":2,"name":"Devant le S\u00e9nat Fran\u00e7ais avec Daniel et Wils"}]},{"@type":"WebSite","@id":"https:\/\/test-parisrunningtour.laurieassemat.com\/fr\/#website","url":"https:\/\/test-parisrunningtour.laurieassemat.com\/fr\/","name":"Paris Running Tours","description":"D\u00e9couvrir Paris en courant","publisher":{"@id":"https:\/\/test-parisrunningtour.laurieassemat.com\/fr\/#organization"},"potentialAction":[{"@type":"SearchAction","target":{"@type":"EntryPoint","urlTemplate":"https:\/\/test-parisrunningtour.laurieassemat.com\/fr\/?s={search_term_string}"},"query-input":{"@type":"PropertyValueSpecification","valueRequired":true,"valueName":"search_term_string"}}],"inLanguage":"fr-FR"},{"@type":"Organization","@id":"https:\/\/test-parisrunningtour.laurieassemat.com\/fr\/#organization","name":"Paris Running Tours","url":"https:\/\/test-parisrunningtour.laurieassemat.com\/fr\/","logo":{"@type":"ImageObject","inLanguage":"fr-FR","@id":"https:\/\/test-parisrunningtour.laurieassemat.com\/fr\/#\/schema\/logo\/image\/","url":"https:\/\/test-parisrunningtour.laurieassemat.com\/fr\/wp-content\/uploads\/sites\/1\/2016\/12\/cropped-faviconPRT.png","contentUrl":"https:\/\/test-parisrunningtour.laurieassemat.com\/fr\/wp-content\/uploads\/sites\/1\/2016\/12\/cropped-faviconPRT.png","width":512,"height":512,"caption":"Paris Running Tours"},"image":{"@id":"https:\/\/test-parisrunningtour.laurieassemat.com\/fr\/#\/schema\/logo\/image\/"}},{"@type":"Person","@id":"https:\/\/test-parisrunningtour.laurieassemat.com\/fr\/#\/schema\/person\/75f0dc3c395ae2b4e14e29aff8f6a5af","name":"Admin","image":{"@type":"ImageObject","inLanguage":"fr-FR","@id":"https:\/\/secure.gravatar.com\/avatar\/2980d1c79775d028873614111fac5ea2906175b9eba90c2fe773d875d19902e0?s=96&d=mm&r=g","url":"https:\/\/secure.gravatar.com\/avatar\/2980d1c79775d028873614111fac5ea2906175b9eba90c2fe773d875d19902e0?s=96&d=mm&r=g","contentUrl":"https:\/\/secure.gravatar.com\/avatar\/2980d1c79775d028873614111fac5ea2906175b9eba90c2fe773d875d19902e0?s=96&d=mm&r=g","caption":"Admin"},"sameAs":["https:\/\/www.parisrunningtour.com"]}]}},"_links":{"self":[{"href":"https:\/\/test-parisrunningtour.laurieassemat.com\/fr\/wp-json\/wp\/v2\/posts\/123","targetHints":{"allow":["GET"]}}],"collection":[{"href":"https:\/\/test-parisrunningtour.laurieassemat.com\/fr\/wp-json\/wp\/v2\/posts"}],"about":[{"href":"https:\/\/test-parisrunningtour.laurieassemat.com\/fr\/wp-json\/wp\/v2\/types\/post"}],"author":[{"embeddable":true,"href":"https:\/\/test-parisrunningtour.laurieassemat.com\/fr\/wp-json\/wp\/v2\/users\/1"}],"replies":[{"embeddable":true,"href":"https:\/\/test-parisrunningtour.laurieassemat.com\/fr\/wp-json\/wp\/v2\/comments?post=123"}],"version-history":[{"count":1,"href":"https:\/\/test-parisrunningtour.laurieassemat.com\/fr\/wp-json\/wp\/v2\/posts\/123\/revisions"}],"predecessor-version":[{"id":1380,"href":"https:\/\/test-parisrunningtour.laurieassemat.com\/fr\/wp-json\/wp\/v2\/posts\/123\/revisions\/1380"}],"wp:featuredmedia":[{"embeddable":true,"href":"https:\/\/test-parisrunningtour.laurieassemat.com\/fr\/wp-json\/wp\/v2\/media\/1379"}],"wp:attachment":[{"href":"https:\/\/test-parisrunningtour.laurieassemat.com\/fr\/wp-json\/wp\/v2\/media?parent=123"}],"wp:term":[{"taxonomy":"category","embeddable":true,"href":"https:\/\/test-parisrunningtour.laurieassemat.com\/fr\/wp-json\/wp\/v2\/categories?post=123"},{"taxonomy":"post_tag","embeddable":true,"href":"https:\/\/test-parisrunningtour.laurieassemat.com\/fr\/wp-json\/wp\/v2\/tags?post=123"}],"curies":[{"name":"wp","href":"https:\/\/api.w.org\/{rel}","templated":true}]}}