{"id":124,"date":"2011-12-11T10:09:00","date_gmt":"2011-12-11T09:09:00","guid":{"rendered":"http:\/\/runningtour.paris\/blog\/2011\/12\/11\/pres-dun-homme-des-lumieres-avec-elisa\/"},"modified":"2017-01-16T16:52:43","modified_gmt":"2017-01-16T15:52:43","slug":"pres-dun-homme-des-lumieres-avec-elisa","status":"publish","type":"post","link":"https:\/\/test-parisrunningtour.laurieassemat.com\/fr\/pres-dun-homme-des-lumieres-avec-elisa\/","title":{"rendered":"Pr\u00e8s d&rsquo;un homme des \u00ab\u00a0Lumi\u00e8res\u00a0\u00bb avec Elisa"},"content":{"rendered":"<div style=\"clear: both; text-align: center;\"><\/div>\n<div style=\"clear: both; text-align: center;\"><\/div>\n<table style=\"margin-left: auto; margin-right: auto; text-align: center;\" cellspacing=\"0\" cellpadding=\"0\" align=\"center\">\n<tbody>\n<tr>\n<td style=\"text-align: center;\"><a style=\"margin-left: auto; margin-right: auto;\" title=\"Cliquer sur l'image pour l'agrandir\" href=\"http:\/\/4.bp.blogspot.com\/-HXvwESGbmZQ\/TuzeTEIY_dI\/AAAAAAAAAXg\/w2WGuUKOTM8\/s1600\/2011-12-11_05_ThomasJefferson%2526SacreCoeur.jpg\" target=\"_blank\"><img fetchpriority=\"high\" decoding=\"async\" src=\"http:\/\/4.bp.blogspot.com\/-HXvwESGbmZQ\/TuzeTEIY_dI\/AAAAAAAAAXg\/w2WGuUKOTM8\/s640\/2011-12-11_05_ThomasJefferson%2526SacreCoeur.jpg\" width=\"416\" height=\"640\" border=\"0\" \/><\/a><\/td>\n<\/tr>\n<tr>\n<td style=\"text-align: center;\"><span style=\"font-family: 'Trebuchet MS', sans-serif;\">Elisa &#8211; Thomas Jefferson &#8211; Au loin, le Sacr\u00e9-Coeur<\/span><\/td>\n<\/tr>\n<\/tbody>\n<\/table>\n<p><span style=\"font-family: 'Trebuchet MS', sans-serif;\"><b>9h09 &#8211;<\/b> <\/span><span style=\"font-family: 'Trebuchet MS', sans-serif;\">Elisa, d&rsquo;Atlanta (USA), reprend la course \u00e0 pied apr\u00e8s avoir termin\u00e9 le Marathon de New-York.\u00a0<\/span><span style=\"font-family: 'Trebuchet MS', sans-serif;\">Ce dimanche de d\u00e9cembre, n<\/span><span style=\"font-family: 'Trebuchet MS', sans-serif;\">ous avons choisi un tour le long de la Seine.\u00a0<\/span><br \/>\n<span style=\"font-family: 'Trebuchet MS', sans-serif;\">Sur notre route, nous avons crois\u00e9 Thomas Jefferson, un grand ami de la France, qui aimait beaucoup Paris. Il fut au m\u00eame titre que ses homologues fran\u00e7ais, un homme \u00ab\u00a0des Lumi\u00e8res\u00a0\u00bb et a succ\u00e9d\u00e9 \u00e0 Benjamin Franklin comme Ambassadeur des Etats Unis en France.<\/span><span style=\"font-family: 'Trebuchet MS', sans-serif;\"><br \/>\n<\/span><br \/>\n<span style=\"font-family: 'Trebuchet MS', sans-serif;\">Thomas Jefferson raffolait d&rsquo;Architecture. La statue de Thomas Jefferson est d&rsquo;ailleurs situ\u00e9e juste \u00e0 c\u00f4t\u00e9 d&rsquo;un b\u00e2timent qu&rsquo;il admirait beaucoup, l&rsquo;h\u00f4tel de Salm, autrement connu sous le nom de Palais de la l\u00e9gion d&rsquo;honneur.\u00a0<\/span><br \/>\n<span style=\"font-family: 'Trebuchet MS', sans-serif;\">Ce palais fut souvent imit\u00e9. Vous pouvez par exemple en voir une copie au Lincoln Park, \u00e0 San Francisco (USA).<\/span><span style=\"font-family: 'Trebuchet MS', sans-serif;\"><br \/>\n<\/span><br \/>\n<span style=\"font-family: 'Trebuchet MS', sans-serif;\">Si vous regardez bien la photo avec Elisa, tout au fond, vous verrez le Sacr\u00e9 Coeur, \u00e9glise\u00a0<\/span><span style=\"font-family: 'Trebuchet MS', sans-serif;\">bien visible car\u00a0<\/span><span style=\"font-family: 'Trebuchet MS', sans-serif;\">situ\u00e9e tout en haut de Montmartre, au nord de Paris.<\/span><br \/>\n<span style=\"font-family: 'Trebuchet MS', sans-serif;\"><br \/>\n<\/span><span style=\"font-family: 'Trebuchet MS', sans-serif;\">En courant le long du fleuve, on a l&rsquo;impression d&rsquo;aller tout droit.\u00a0<\/span><span style=\"font-family: 'Trebuchet MS', sans-serif;\">En remontant la rive gauche (par exemple), \u00e0 hauteur du pont Bir Hakeim, on peut \u00eatre surpris de voir le Sacr\u00e9 Coeur en face de soi alors qu&rsquo;\u00e0 un autre moment, \u00e0 c\u00f4t\u00e9 de Thomas Jefferson par exemple, on le d\u00e9couvre sur notre gauche. A Paris, la Seine suit une courbe !<\/span><\/p>\n<table style=\"margin-left: auto; margin-right: auto; text-align: center;\" cellspacing=\"0\" cellpadding=\"0\" align=\"center\">\n<tbody>\n<tr>\n<td style=\"text-align: center;\"><a style=\"margin-left: auto; margin-right: auto;\" title=\"Cliquer sur l'image pour l'agrandir\" href=\"http:\/\/2.bp.blogspot.com\/-GVu28gPfle0\/Tuzi1a1qg-I\/AAAAAAAAAXw\/i1iePaVRSAs\/s1600\/LaSeineAParisEstUneCourbe.bmp\" target=\"_blank\"><img decoding=\"async\" src=\"http:\/\/2.bp.blogspot.com\/-GVu28gPfle0\/Tuzi1a1qg-I\/AAAAAAAAAXw\/i1iePaVRSAs\/s640\/LaSeineAParisEstUneCourbe.bmp\" width=\"640\" height=\"510\" border=\"0\" \/><\/a><\/td>\n<\/tr>\n<tr>\n<td style=\"text-align: center;\">\n<div style=\"text-align: left;\"><span style=\"font-family: 'Trebuchet MS', sans-serif;\">Rejoignez la rive droite par le pont de Bir-Hakeim, le Sacr\u00e9-Coeur sera \u00e0 votre droite. Par la passerelle\u00a0L\u00e9opold-S\u00e9dar-Senghor, il sera en face de vous. A hauteur des tours de Notre Dame, vous le verrez sur votre gauche.\u00a0<\/span><\/div>\n<div style=\"text-align: left;\"><span style=\"font-family: 'Trebuchet MS', sans-serif;\"><b>A Paris, la Seine suit une courbe !<\/b><\/span><\/div>\n<\/td>\n<\/tr>\n<\/tbody>\n<\/table>\n<p><span style=\"font-family: 'Trebuchet MS', sans-serif;\">Un peu plus tard, nous avons rejoint le parvis de Notre Dame. Avez-vous d\u00e9j\u00e0 remarqu\u00e9 au sol, le point z\u00e9ro des routes de France ?<\/span><\/p>\n<div style=\"clear: both; text-align: center;\"><\/div>\n<p>&nbsp;<\/p>\n<table style=\"margin-left: auto; margin-right: auto; text-align: center;\" cellspacing=\"0\" cellpadding=\"0\" align=\"center\">\n<tbody>\n<tr>\n<td style=\"text-align: center;\"><a style=\"margin-left: auto; margin-right: auto;\" title=\"Cliquer sur l'image pour l'agrandir\" href=\"http:\/\/2.bp.blogspot.com\/-h8lmdG57dKw\/TuzkOmvt0-I\/AAAAAAAAAX4\/C87U7DhhOf0\/s1600\/2011-12-11_09_PointZeroDesRoutesDeFrance.jpg\" target=\"_blank\"><img decoding=\"async\" src=\"http:\/\/2.bp.blogspot.com\/-h8lmdG57dKw\/TuzkOmvt0-I\/AAAAAAAAAX4\/C87U7DhhOf0\/s640\/2011-12-11_09_PointZeroDesRoutesDeFrance.jpg\" width=\"590\" height=\"640\" border=\"0\" \/><\/a><\/td>\n<\/tr>\n<tr>\n<td style=\"text-align: center;\"><span style=\"font-family: 'Trebuchet MS', sans-serif;\">Elisa \u00e0 c\u00f4t\u00e9 du point z\u00e9ro des routes de France<\/span><\/td>\n<\/tr>\n<\/tbody>\n<\/table>\n<p><span style=\"font-family: 'Trebuchet MS', sans-serif;\">Oui, Paris est une grande ville et il faut bien avoir un point pr\u00e9cis \u00e0 Paris qui sert de r\u00e9f\u00e9rence pour les distances avec les autres villes.<\/span><br \/>\n<span style=\"font-family: 'Trebuchet MS', sans-serif;\">Quelle est la distance entre Versailles et Paris par la route, par exemple ? Non pas celle qui rencontre une limite de Paris mais celle qui finit au point z\u00e9ro :<\/span><span style=\"font-family: 'Trebuchet MS', sans-serif;\"><br \/>\n<\/span><\/p>\n<div style=\"clear: both; text-align: center;\"><\/div>\n<table style=\"margin-left: auto; margin-right: auto; text-align: center;\" cellspacing=\"0\" cellpadding=\"0\" align=\"center\">\n<tbody>\n<tr>\n<td style=\"text-align: center;\"><a style=\"margin-left: auto; margin-right: auto;\" title=\"Cliquer sur l'image pour l'agrandir\" href=\"http:\/\/3.bp.blogspot.com\/-q9SwqYYpnEM\/TuzmWvHLu5I\/AAAAAAAAAYI\/s9QeF-ir-VM\/s1600\/Versailles-ParisSud-PointZero.jpg\" target=\"_blank\"><img loading=\"lazy\" decoding=\"async\" src=\"http:\/\/3.bp.blogspot.com\/-q9SwqYYpnEM\/TuzmWvHLu5I\/AAAAAAAAAYI\/s9QeF-ir-VM\/s640\/Versailles-ParisSud-PointZero.jpg\" width=\"640\" height=\"326\" border=\"0\" \/><\/a><\/td>\n<\/tr>\n<tr>\n<td style=\"text-align: center;\"><span style=\"font-family: 'Trebuchet MS', sans-serif;\">Entre Versailles (Ch\u00e2teau) et la limite de Paris : environ 14 km (en rouge), entre Versailles<\/span><span style=\"font-family: 'Trebuchet MS', sans-serif;\">(Ch\u00e2teau) et le point z\u00e9ro : environ\u00a0<\/span><span style=\"font-family: 'Trebuchet MS', sans-serif;\">23 km (en jaune)<\/span><\/td>\n<\/tr>\n<\/tbody>\n<\/table>\n<p><span style=\"font-family: 'Trebuchet MS', sans-serif;\">Et vous, o\u00f9 se trouve le \u00ab\u00a0point z\u00e9ro\u00a0\u00bb de votre ville ?<\/span><span style=\"font-family: 'Trebuchet MS', sans-serif;\"><br \/>\n<\/span><br \/>\n<span style=\"font-family: 'Trebuchet MS', sans-serif;\">Merci Elisa !<\/span><\/p>\n<div><span style=\"font-family: 'Trebuchet MS', sans-serif;\"><b><br \/>\n<\/b><\/span><span style=\"font-family: 'Trebuchet MS', sans-serif;\"><b>Le circuit du tour :<\/b><\/span><\/p>\n<div style=\"clear: both; text-align: center;\"><\/div>\n<div style=\"clear: both; text-align: center;\"><\/div>\n<div style=\"clear: both; text-align: center;\"><\/div>\n<div style=\"clear: both; text-align: center;\"><\/div>\n<div style=\"clear: both; text-align: center;\"><a style=\"clear: left; float: left; margin-bottom: 1em; margin-right: 1em;\" title=\"Cliquer sur l'image pour l'agrandir\" href=\"http:\/\/4.bp.blogspot.com\/-P3eX8_3aAMI\/TuziPGdJrOI\/AAAAAAAAAXo\/sUWvHRCZF_0\/s1600\/Paris+Running+Tour+-+Running+11-12-2011-image.jpg\" target=\"_blank\"><img loading=\"lazy\" decoding=\"async\" src=\"http:\/\/4.bp.blogspot.com\/-P3eX8_3aAMI\/TuziPGdJrOI\/AAAAAAAAAXo\/sUWvHRCZF_0\/s640\/Paris+Running+Tour+-+Running+11-12-2011-image.jpg\" width=\"640\" height=\"336\" border=\"0\" \/><\/a><\/div>\n<p><span style=\"color: red; font-family: 'Trebuchet MS', sans-serif;\"><i><br \/>\n<\/i><\/span><\/div>\n<div style=\"clear: both; text-align: left;\"><\/div>\n<div style=\"text-align: center;\"><\/div>\n","protected":false},"excerpt":{"rendered":"<p>Elisa &#8211; Thomas Jefferson &#8211; Au loin, le Sacr\u00e9-Coeur 9h09 &#8211; Elisa, d&rsquo;Atlanta (USA), reprend la course \u00e0 pied apr\u00e8s avoir termin\u00e9 le Marathon de New-York.\u00a0Ce dimanche de d\u00e9cembre, nous avons choisi un tour le long de la Seine.\u00a0 Sur notre route, nous avons crois\u00e9 Thomas Jefferson, un grand ami de la France, qui aimait beaucoup Paris. Il fut au m\u00eame titre que ses homologues fran\u00e7ais, un homme \u00ab\u00a0des Lumi\u00e8res\u00a0\u00bb et a succ\u00e9d\u00e9 \u00e0 Benjamin Franklin comme Ambassadeur des Etats Unis en France. Thomas Jefferson raffolait d&rsquo;Architecture. La statue de Thomas Jefferson est d&rsquo;ailleurs situ\u00e9e juste \u00e0 c\u00f4t\u00e9 d&rsquo;un b\u00e2timent qu&rsquo;il admirait beaucoup, l&rsquo;h\u00f4tel de Salm, autrement connu sous le nom de Palais de la l\u00e9gion d&rsquo;honneur.\u00a0 Ce palais fut souvent imit\u00e9. Vous pouvez par exemple en voir une copie au Lincoln Park, \u00e0 San Francisco (USA). Si vous regardez bien la photo avec Elisa, tout au fond, vous verrez le Sacr\u00e9 Coeur, \u00e9glise\u00a0bien visible car\u00a0situ\u00e9e tout en haut de Montmartre, au nord de Paris. En courant le long du fleuve, on a l&rsquo;impression d&rsquo;aller tout droit.\u00a0En remontant la rive gauche (par exemple), \u00e0 hauteur du pont Bir Hakeim, on peut \u00eatre surpris de voir le Sacr\u00e9 Coeur en face de soi alors qu&rsquo;\u00e0 un autre moment, \u00e0 c\u00f4t\u00e9 de Thomas Jefferson par exemple, on le d\u00e9couvre sur notre gauche. A Paris, la Seine suit une courbe ! Rejoignez la rive droite par le pont de Bir-Hakeim, le Sacr\u00e9-Coeur sera \u00e0 votre droite. Par la passerelle\u00a0L\u00e9opold-S\u00e9dar-Senghor, il sera en face de vous. A hauteur des tours de Notre Dame, vous le verrez sur votre gauche.\u00a0 A Paris, la Seine suit une courbe ! Un peu plus tard, nous avons rejoint le parvis de Notre Dame. Avez-vous d\u00e9j\u00e0 remarqu\u00e9 au sol, le point z\u00e9ro des routes de France ? &nbsp; Elisa \u00e0 c\u00f4t\u00e9 du point z\u00e9ro des routes de France Oui, Paris est une grande ville et il faut bien avoir un point pr\u00e9cis \u00e0 Paris qui sert de r\u00e9f\u00e9rence pour les distances avec les autres villes. Quelle est la distance entre Versailles et Paris par la route, par exemple ? Non pas celle qui rencontre une limite de Paris mais celle qui finit au point z\u00e9ro : Entre Versailles (Ch\u00e2teau) et la limite de Paris : environ 14 km (en rouge), entre Versailles(Ch\u00e2teau) et le point z\u00e9ro : environ\u00a023 km (en jaune) Et vous, o\u00f9 se trouve le \u00ab\u00a0point z\u00e9ro\u00a0\u00bb de votre ville ? Merci Elisa ! Le circuit du tour :<\/p>\n","protected":false},"author":1,"featured_media":1381,"comment_status":"open","ping_status":"open","sticky":false,"template":"","format":"standard","meta":{"footnotes":""},"categories":[5,41,77],"tags":[],"class_list":["post-124","post","type-post","status-publish","format-standard","has-post-thumbnail","hentry","category-notre-dame","category-palais-de-la-legion-dhonneur","category-sacre-coeur"],"yoast_head":"<!-- This site is optimized with the Yoast SEO plugin v27.5 - https:\/\/yoast.com\/product\/yoast-seo-wordpress\/ -->\n<title>Pr\u00e8s d&#039;un homme des &quot;Lumi\u00e8res&quot; avec Elisa | Paris Running Tours<\/title>\n<meta name=\"robots\" content=\"noindex, follow, max-snippet:-1, max-image-preview:large, max-video-preview:-1\" \/>\n<meta property=\"og:locale\" content=\"fr_FR\" \/>\n<meta property=\"og:type\" content=\"article\" \/>\n<meta property=\"og:title\" content=\"Pr\u00e8s d&#039;un homme des &quot;Lumi\u00e8res&quot; avec Elisa | Paris Running Tours\" \/>\n<meta property=\"og:description\" content=\"Elisa &#8211; Thomas Jefferson &#8211; Au loin, le Sacr\u00e9-Coeur 9h09 &#8211; Elisa, d&rsquo;Atlanta (USA), reprend la course \u00e0 pied apr\u00e8s avoir termin\u00e9 le Marathon de New-York.\u00a0Ce dimanche de d\u00e9cembre, nous avons choisi un tour le long de la Seine.\u00a0 Sur notre route, nous avons crois\u00e9 Thomas Jefferson, un grand ami de la France, qui aimait beaucoup Paris. Il fut au m\u00eame titre que ses homologues fran\u00e7ais, un homme \u00ab\u00a0des Lumi\u00e8res\u00a0\u00bb et a succ\u00e9d\u00e9 \u00e0 Benjamin Franklin comme Ambassadeur des Etats Unis en France. Thomas Jefferson raffolait d&rsquo;Architecture. La statue de Thomas Jefferson est d&rsquo;ailleurs situ\u00e9e juste \u00e0 c\u00f4t\u00e9 d&rsquo;un b\u00e2timent qu&rsquo;il admirait beaucoup, l&rsquo;h\u00f4tel de Salm, autrement connu sous le nom de Palais de la l\u00e9gion d&rsquo;honneur.\u00a0 Ce palais fut souvent imit\u00e9. Vous pouvez par exemple en voir une copie au Lincoln Park, \u00e0 San Francisco (USA). Si vous regardez bien la photo avec Elisa, tout au fond, vous verrez le Sacr\u00e9 Coeur, \u00e9glise\u00a0bien visible car\u00a0situ\u00e9e tout en haut de Montmartre, au nord de Paris. En courant le long du fleuve, on a l&rsquo;impression d&rsquo;aller tout droit.\u00a0En remontant la rive gauche (par exemple), \u00e0 hauteur du pont Bir Hakeim, on peut \u00eatre surpris de voir le Sacr\u00e9 Coeur en face de soi alors qu&rsquo;\u00e0 un autre moment, \u00e0 c\u00f4t\u00e9 de Thomas Jefferson par exemple, on le d\u00e9couvre sur notre gauche. A Paris, la Seine suit une courbe ! Rejoignez la rive droite par le pont de Bir-Hakeim, le Sacr\u00e9-Coeur sera \u00e0 votre droite. Par la passerelle\u00a0L\u00e9opold-S\u00e9dar-Senghor, il sera en face de vous. A hauteur des tours de Notre Dame, vous le verrez sur votre gauche.\u00a0 A Paris, la Seine suit une courbe ! Un peu plus tard, nous avons rejoint le parvis de Notre Dame. Avez-vous d\u00e9j\u00e0 remarqu\u00e9 au sol, le point z\u00e9ro des routes de France ? &nbsp; Elisa \u00e0 c\u00f4t\u00e9 du point z\u00e9ro des routes de France Oui, Paris est une grande ville et il faut bien avoir un point pr\u00e9cis \u00e0 Paris qui sert de r\u00e9f\u00e9rence pour les distances avec les autres villes. Quelle est la distance entre Versailles et Paris par la route, par exemple ? Non pas celle qui rencontre une limite de Paris mais celle qui finit au point z\u00e9ro : Entre Versailles (Ch\u00e2teau) et la limite de Paris : environ 14 km (en rouge), entre Versailles(Ch\u00e2teau) et le point z\u00e9ro : environ\u00a023 km (en jaune) Et vous, o\u00f9 se trouve le \u00ab\u00a0point z\u00e9ro\u00a0\u00bb de votre ville ? Merci Elisa ! Le circuit du tour :\" \/>\n<meta property=\"og:url\" content=\"https:\/\/test-parisrunningtour.laurieassemat.com\/fr\/pres-dun-homme-des-lumieres-avec-elisa\/\" \/>\n<meta property=\"og:site_name\" content=\"Paris Running Tours\" \/>\n<meta property=\"article:published_time\" content=\"2011-12-11T09:09:00+00:00\" \/>\n<meta property=\"article:modified_time\" content=\"2017-01-16T15:52:43+00:00\" \/>\n<meta property=\"og:image\" content=\"https:\/\/test-parisrunningtour.laurieassemat.com\/fr\/wp-content\/uploads\/sites\/1\/2011\/12\/PRT2011-12-11_09_PointZeroDesRoutesDeFrance.jpg\" \/>\n\t<meta property=\"og:image:width\" content=\"900\" \/>\n\t<meta property=\"og:image:height\" content=\"898\" \/>\n\t<meta property=\"og:image:type\" content=\"image\/jpeg\" \/>\n<meta name=\"author\" content=\"Admin\" \/>\n<meta name=\"twitter:card\" content=\"summary_large_image\" \/>\n<meta name=\"twitter:label1\" content=\"\u00c9crit par\" \/>\n\t<meta name=\"twitter:data1\" content=\"Admin\" \/>\n\t<meta name=\"twitter:label2\" content=\"Dur\u00e9e de lecture estim\u00e9e\" \/>\n\t<meta name=\"twitter:data2\" content=\"2 minutes\" \/>\n<script type=\"application\/ld+json\" class=\"yoast-schema-graph\">{\"@context\":\"https:\\\/\\\/schema.org\",\"@graph\":[{\"@type\":\"Article\",\"@id\":\"https:\\\/\\\/test-parisrunningtour.laurieassemat.com\\\/fr\\\/pres-dun-homme-des-lumieres-avec-elisa\\\/#article\",\"isPartOf\":{\"@id\":\"https:\\\/\\\/test-parisrunningtour.laurieassemat.com\\\/fr\\\/pres-dun-homme-des-lumieres-avec-elisa\\\/\"},\"author\":{\"name\":\"Admin\",\"@id\":\"https:\\\/\\\/test-parisrunningtour.laurieassemat.com\\\/fr\\\/#\\\/schema\\\/person\\\/75f0dc3c395ae2b4e14e29aff8f6a5af\"},\"headline\":\"Pr\u00e8s d&rsquo;un homme des \u00ab\u00a0Lumi\u00e8res\u00a0\u00bb avec Elisa\",\"datePublished\":\"2011-12-11T09:09:00+00:00\",\"dateModified\":\"2017-01-16T15:52:43+00:00\",\"mainEntityOfPage\":{\"@id\":\"https:\\\/\\\/test-parisrunningtour.laurieassemat.com\\\/fr\\\/pres-dun-homme-des-lumieres-avec-elisa\\\/\"},\"wordCount\":448,\"commentCount\":0,\"publisher\":{\"@id\":\"https:\\\/\\\/test-parisrunningtour.laurieassemat.com\\\/fr\\\/#organization\"},\"image\":{\"@id\":\"https:\\\/\\\/test-parisrunningtour.laurieassemat.com\\\/fr\\\/pres-dun-homme-des-lumieres-avec-elisa\\\/#primaryimage\"},\"thumbnailUrl\":\"https:\\\/\\\/test-parisrunningtour.laurieassemat.com\\\/fr\\\/wp-content\\\/uploads\\\/sites\\\/1\\\/2011\\\/12\\\/PRT2011-12-11_09_PointZeroDesRoutesDeFrance.jpg\",\"articleSection\":[\"Notre Dame\",\"Palais de la L\u00e9gion d'honneur\",\"Sacr\u00e9-Coeur\"],\"inLanguage\":\"fr-FR\",\"potentialAction\":[{\"@type\":\"CommentAction\",\"name\":\"Comment\",\"target\":[\"https:\\\/\\\/test-parisrunningtour.laurieassemat.com\\\/fr\\\/pres-dun-homme-des-lumieres-avec-elisa\\\/#respond\"]}]},{\"@type\":\"WebPage\",\"@id\":\"https:\\\/\\\/test-parisrunningtour.laurieassemat.com\\\/fr\\\/pres-dun-homme-des-lumieres-avec-elisa\\\/\",\"url\":\"https:\\\/\\\/test-parisrunningtour.laurieassemat.com\\\/fr\\\/pres-dun-homme-des-lumieres-avec-elisa\\\/\",\"name\":\"Pr\u00e8s d'un homme des \\\"Lumi\u00e8res\\\" avec Elisa | Paris Running Tours\",\"isPartOf\":{\"@id\":\"https:\\\/\\\/test-parisrunningtour.laurieassemat.com\\\/fr\\\/#website\"},\"primaryImageOfPage\":{\"@id\":\"https:\\\/\\\/test-parisrunningtour.laurieassemat.com\\\/fr\\\/pres-dun-homme-des-lumieres-avec-elisa\\\/#primaryimage\"},\"image\":{\"@id\":\"https:\\\/\\\/test-parisrunningtour.laurieassemat.com\\\/fr\\\/pres-dun-homme-des-lumieres-avec-elisa\\\/#primaryimage\"},\"thumbnailUrl\":\"https:\\\/\\\/test-parisrunningtour.laurieassemat.com\\\/fr\\\/wp-content\\\/uploads\\\/sites\\\/1\\\/2011\\\/12\\\/PRT2011-12-11_09_PointZeroDesRoutesDeFrance.jpg\",\"datePublished\":\"2011-12-11T09:09:00+00:00\",\"dateModified\":\"2017-01-16T15:52:43+00:00\",\"breadcrumb\":{\"@id\":\"https:\\\/\\\/test-parisrunningtour.laurieassemat.com\\\/fr\\\/pres-dun-homme-des-lumieres-avec-elisa\\\/#breadcrumb\"},\"inLanguage\":\"fr-FR\",\"potentialAction\":[{\"@type\":\"ReadAction\",\"target\":[\"https:\\\/\\\/test-parisrunningtour.laurieassemat.com\\\/fr\\\/pres-dun-homme-des-lumieres-avec-elisa\\\/\"]}]},{\"@type\":\"ImageObject\",\"inLanguage\":\"fr-FR\",\"@id\":\"https:\\\/\\\/test-parisrunningtour.laurieassemat.com\\\/fr\\\/pres-dun-homme-des-lumieres-avec-elisa\\\/#primaryimage\",\"url\":\"https:\\\/\\\/test-parisrunningtour.laurieassemat.com\\\/fr\\\/wp-content\\\/uploads\\\/sites\\\/1\\\/2011\\\/12\\\/PRT2011-12-11_09_PointZeroDesRoutesDeFrance.jpg\",\"contentUrl\":\"https:\\\/\\\/test-parisrunningtour.laurieassemat.com\\\/fr\\\/wp-content\\\/uploads\\\/sites\\\/1\\\/2011\\\/12\\\/PRT2011-12-11_09_PointZeroDesRoutesDeFrance.jpg\",\"width\":900,\"height\":898},{\"@type\":\"BreadcrumbList\",\"@id\":\"https:\\\/\\\/test-parisrunningtour.laurieassemat.com\\\/fr\\\/pres-dun-homme-des-lumieres-avec-elisa\\\/#breadcrumb\",\"itemListElement\":[{\"@type\":\"ListItem\",\"position\":1,\"name\":\"Accueil\",\"item\":\"https:\\\/\\\/test-parisrunningtour.laurieassemat.com\\\/fr\\\/\"},{\"@type\":\"ListItem\",\"position\":2,\"name\":\"Pr\u00e8s d&rsquo;un homme des \u00ab\u00a0Lumi\u00e8res\u00a0\u00bb avec Elisa\"}]},{\"@type\":\"WebSite\",\"@id\":\"https:\\\/\\\/test-parisrunningtour.laurieassemat.com\\\/fr\\\/#website\",\"url\":\"https:\\\/\\\/test-parisrunningtour.laurieassemat.com\\\/fr\\\/\",\"name\":\"Paris Running Tours\",\"description\":\"D\u00e9couvrir Paris en courant\",\"publisher\":{\"@id\":\"https:\\\/\\\/test-parisrunningtour.laurieassemat.com\\\/fr\\\/#organization\"},\"potentialAction\":[{\"@type\":\"SearchAction\",\"target\":{\"@type\":\"EntryPoint\",\"urlTemplate\":\"https:\\\/\\\/test-parisrunningtour.laurieassemat.com\\\/fr\\\/?s={search_term_string}\"},\"query-input\":{\"@type\":\"PropertyValueSpecification\",\"valueRequired\":true,\"valueName\":\"search_term_string\"}}],\"inLanguage\":\"fr-FR\"},{\"@type\":\"Organization\",\"@id\":\"https:\\\/\\\/test-parisrunningtour.laurieassemat.com\\\/fr\\\/#organization\",\"name\":\"Paris Running Tours\",\"url\":\"https:\\\/\\\/test-parisrunningtour.laurieassemat.com\\\/fr\\\/\",\"logo\":{\"@type\":\"ImageObject\",\"inLanguage\":\"fr-FR\",\"@id\":\"https:\\\/\\\/test-parisrunningtour.laurieassemat.com\\\/fr\\\/#\\\/schema\\\/logo\\\/image\\\/\",\"url\":\"https:\\\/\\\/test-parisrunningtour.laurieassemat.com\\\/fr\\\/wp-content\\\/uploads\\\/sites\\\/1\\\/2016\\\/12\\\/cropped-faviconPRT.png\",\"contentUrl\":\"https:\\\/\\\/test-parisrunningtour.laurieassemat.com\\\/fr\\\/wp-content\\\/uploads\\\/sites\\\/1\\\/2016\\\/12\\\/cropped-faviconPRT.png\",\"width\":512,\"height\":512,\"caption\":\"Paris Running Tours\"},\"image\":{\"@id\":\"https:\\\/\\\/test-parisrunningtour.laurieassemat.com\\\/fr\\\/#\\\/schema\\\/logo\\\/image\\\/\"}},{\"@type\":\"Person\",\"@id\":\"https:\\\/\\\/test-parisrunningtour.laurieassemat.com\\\/fr\\\/#\\\/schema\\\/person\\\/75f0dc3c395ae2b4e14e29aff8f6a5af\",\"name\":\"Admin\",\"image\":{\"@type\":\"ImageObject\",\"inLanguage\":\"fr-FR\",\"@id\":\"https:\\\/\\\/secure.gravatar.com\\\/avatar\\\/2980d1c79775d028873614111fac5ea2906175b9eba90c2fe773d875d19902e0?s=96&d=mm&r=g\",\"url\":\"https:\\\/\\\/secure.gravatar.com\\\/avatar\\\/2980d1c79775d028873614111fac5ea2906175b9eba90c2fe773d875d19902e0?s=96&d=mm&r=g\",\"contentUrl\":\"https:\\\/\\\/secure.gravatar.com\\\/avatar\\\/2980d1c79775d028873614111fac5ea2906175b9eba90c2fe773d875d19902e0?s=96&d=mm&r=g\",\"caption\":\"Admin\"},\"sameAs\":[\"https:\\\/\\\/www.parisrunningtour.com\"]}]}<\/script>\n<!-- \/ Yoast SEO plugin. -->","yoast_head_json":{"title":"Pr\u00e8s d'un homme des \"Lumi\u00e8res\" avec Elisa | Paris Running Tours","robots":{"index":"noindex","follow":"follow","max-snippet":"max-snippet:-1","max-image-preview":"max-image-preview:large","max-video-preview":"max-video-preview:-1"},"og_locale":"fr_FR","og_type":"article","og_title":"Pr\u00e8s d'un homme des \"Lumi\u00e8res\" avec Elisa | Paris Running Tours","og_description":"Elisa &#8211; Thomas Jefferson &#8211; Au loin, le Sacr\u00e9-Coeur 9h09 &#8211; Elisa, d&rsquo;Atlanta (USA), reprend la course \u00e0 pied apr\u00e8s avoir termin\u00e9 le Marathon de New-York.\u00a0Ce dimanche de d\u00e9cembre, nous avons choisi un tour le long de la Seine.\u00a0 Sur notre route, nous avons crois\u00e9 Thomas Jefferson, un grand ami de la France, qui aimait beaucoup Paris. Il fut au m\u00eame titre que ses homologues fran\u00e7ais, un homme \u00ab\u00a0des Lumi\u00e8res\u00a0\u00bb et a succ\u00e9d\u00e9 \u00e0 Benjamin Franklin comme Ambassadeur des Etats Unis en France. Thomas Jefferson raffolait d&rsquo;Architecture. La statue de Thomas Jefferson est d&rsquo;ailleurs situ\u00e9e juste \u00e0 c\u00f4t\u00e9 d&rsquo;un b\u00e2timent qu&rsquo;il admirait beaucoup, l&rsquo;h\u00f4tel de Salm, autrement connu sous le nom de Palais de la l\u00e9gion d&rsquo;honneur.\u00a0 Ce palais fut souvent imit\u00e9. Vous pouvez par exemple en voir une copie au Lincoln Park, \u00e0 San Francisco (USA). Si vous regardez bien la photo avec Elisa, tout au fond, vous verrez le Sacr\u00e9 Coeur, \u00e9glise\u00a0bien visible car\u00a0situ\u00e9e tout en haut de Montmartre, au nord de Paris. En courant le long du fleuve, on a l&rsquo;impression d&rsquo;aller tout droit.\u00a0En remontant la rive gauche (par exemple), \u00e0 hauteur du pont Bir Hakeim, on peut \u00eatre surpris de voir le Sacr\u00e9 Coeur en face de soi alors qu&rsquo;\u00e0 un autre moment, \u00e0 c\u00f4t\u00e9 de Thomas Jefferson par exemple, on le d\u00e9couvre sur notre gauche. A Paris, la Seine suit une courbe ! Rejoignez la rive droite par le pont de Bir-Hakeim, le Sacr\u00e9-Coeur sera \u00e0 votre droite. Par la passerelle\u00a0L\u00e9opold-S\u00e9dar-Senghor, il sera en face de vous. A hauteur des tours de Notre Dame, vous le verrez sur votre gauche.\u00a0 A Paris, la Seine suit une courbe ! Un peu plus tard, nous avons rejoint le parvis de Notre Dame. Avez-vous d\u00e9j\u00e0 remarqu\u00e9 au sol, le point z\u00e9ro des routes de France ? &nbsp; Elisa \u00e0 c\u00f4t\u00e9 du point z\u00e9ro des routes de France Oui, Paris est une grande ville et il faut bien avoir un point pr\u00e9cis \u00e0 Paris qui sert de r\u00e9f\u00e9rence pour les distances avec les autres villes. Quelle est la distance entre Versailles et Paris par la route, par exemple ? Non pas celle qui rencontre une limite de Paris mais celle qui finit au point z\u00e9ro : Entre Versailles (Ch\u00e2teau) et la limite de Paris : environ 14 km (en rouge), entre Versailles(Ch\u00e2teau) et le point z\u00e9ro : environ\u00a023 km (en jaune) Et vous, o\u00f9 se trouve le \u00ab\u00a0point z\u00e9ro\u00a0\u00bb de votre ville ? Merci Elisa ! Le circuit du tour :","og_url":"https:\/\/test-parisrunningtour.laurieassemat.com\/fr\/pres-dun-homme-des-lumieres-avec-elisa\/","og_site_name":"Paris Running Tours","article_published_time":"2011-12-11T09:09:00+00:00","article_modified_time":"2017-01-16T15:52:43+00:00","og_image":[{"width":900,"height":898,"url":"https:\/\/test-parisrunningtour.laurieassemat.com\/fr\/wp-content\/uploads\/sites\/1\/2011\/12\/PRT2011-12-11_09_PointZeroDesRoutesDeFrance.jpg","type":"image\/jpeg"}],"author":"Admin","twitter_card":"summary_large_image","twitter_misc":{"\u00c9crit par":"Admin","Dur\u00e9e de lecture estim\u00e9e":"2 minutes"},"schema":{"@context":"https:\/\/schema.org","@graph":[{"@type":"Article","@id":"https:\/\/test-parisrunningtour.laurieassemat.com\/fr\/pres-dun-homme-des-lumieres-avec-elisa\/#article","isPartOf":{"@id":"https:\/\/test-parisrunningtour.laurieassemat.com\/fr\/pres-dun-homme-des-lumieres-avec-elisa\/"},"author":{"name":"Admin","@id":"https:\/\/test-parisrunningtour.laurieassemat.com\/fr\/#\/schema\/person\/75f0dc3c395ae2b4e14e29aff8f6a5af"},"headline":"Pr\u00e8s d&rsquo;un homme des \u00ab\u00a0Lumi\u00e8res\u00a0\u00bb avec Elisa","datePublished":"2011-12-11T09:09:00+00:00","dateModified":"2017-01-16T15:52:43+00:00","mainEntityOfPage":{"@id":"https:\/\/test-parisrunningtour.laurieassemat.com\/fr\/pres-dun-homme-des-lumieres-avec-elisa\/"},"wordCount":448,"commentCount":0,"publisher":{"@id":"https:\/\/test-parisrunningtour.laurieassemat.com\/fr\/#organization"},"image":{"@id":"https:\/\/test-parisrunningtour.laurieassemat.com\/fr\/pres-dun-homme-des-lumieres-avec-elisa\/#primaryimage"},"thumbnailUrl":"https:\/\/test-parisrunningtour.laurieassemat.com\/fr\/wp-content\/uploads\/sites\/1\/2011\/12\/PRT2011-12-11_09_PointZeroDesRoutesDeFrance.jpg","articleSection":["Notre Dame","Palais de la L\u00e9gion d'honneur","Sacr\u00e9-Coeur"],"inLanguage":"fr-FR","potentialAction":[{"@type":"CommentAction","name":"Comment","target":["https:\/\/test-parisrunningtour.laurieassemat.com\/fr\/pres-dun-homme-des-lumieres-avec-elisa\/#respond"]}]},{"@type":"WebPage","@id":"https:\/\/test-parisrunningtour.laurieassemat.com\/fr\/pres-dun-homme-des-lumieres-avec-elisa\/","url":"https:\/\/test-parisrunningtour.laurieassemat.com\/fr\/pres-dun-homme-des-lumieres-avec-elisa\/","name":"Pr\u00e8s d'un homme des \"Lumi\u00e8res\" avec Elisa | Paris Running Tours","isPartOf":{"@id":"https:\/\/test-parisrunningtour.laurieassemat.com\/fr\/#website"},"primaryImageOfPage":{"@id":"https:\/\/test-parisrunningtour.laurieassemat.com\/fr\/pres-dun-homme-des-lumieres-avec-elisa\/#primaryimage"},"image":{"@id":"https:\/\/test-parisrunningtour.laurieassemat.com\/fr\/pres-dun-homme-des-lumieres-avec-elisa\/#primaryimage"},"thumbnailUrl":"https:\/\/test-parisrunningtour.laurieassemat.com\/fr\/wp-content\/uploads\/sites\/1\/2011\/12\/PRT2011-12-11_09_PointZeroDesRoutesDeFrance.jpg","datePublished":"2011-12-11T09:09:00+00:00","dateModified":"2017-01-16T15:52:43+00:00","breadcrumb":{"@id":"https:\/\/test-parisrunningtour.laurieassemat.com\/fr\/pres-dun-homme-des-lumieres-avec-elisa\/#breadcrumb"},"inLanguage":"fr-FR","potentialAction":[{"@type":"ReadAction","target":["https:\/\/test-parisrunningtour.laurieassemat.com\/fr\/pres-dun-homme-des-lumieres-avec-elisa\/"]}]},{"@type":"ImageObject","inLanguage":"fr-FR","@id":"https:\/\/test-parisrunningtour.laurieassemat.com\/fr\/pres-dun-homme-des-lumieres-avec-elisa\/#primaryimage","url":"https:\/\/test-parisrunningtour.laurieassemat.com\/fr\/wp-content\/uploads\/sites\/1\/2011\/12\/PRT2011-12-11_09_PointZeroDesRoutesDeFrance.jpg","contentUrl":"https:\/\/test-parisrunningtour.laurieassemat.com\/fr\/wp-content\/uploads\/sites\/1\/2011\/12\/PRT2011-12-11_09_PointZeroDesRoutesDeFrance.jpg","width":900,"height":898},{"@type":"BreadcrumbList","@id":"https:\/\/test-parisrunningtour.laurieassemat.com\/fr\/pres-dun-homme-des-lumieres-avec-elisa\/#breadcrumb","itemListElement":[{"@type":"ListItem","position":1,"name":"Accueil","item":"https:\/\/test-parisrunningtour.laurieassemat.com\/fr\/"},{"@type":"ListItem","position":2,"name":"Pr\u00e8s d&rsquo;un homme des \u00ab\u00a0Lumi\u00e8res\u00a0\u00bb avec Elisa"}]},{"@type":"WebSite","@id":"https:\/\/test-parisrunningtour.laurieassemat.com\/fr\/#website","url":"https:\/\/test-parisrunningtour.laurieassemat.com\/fr\/","name":"Paris Running Tours","description":"D\u00e9couvrir Paris en courant","publisher":{"@id":"https:\/\/test-parisrunningtour.laurieassemat.com\/fr\/#organization"},"potentialAction":[{"@type":"SearchAction","target":{"@type":"EntryPoint","urlTemplate":"https:\/\/test-parisrunningtour.laurieassemat.com\/fr\/?s={search_term_string}"},"query-input":{"@type":"PropertyValueSpecification","valueRequired":true,"valueName":"search_term_string"}}],"inLanguage":"fr-FR"},{"@type":"Organization","@id":"https:\/\/test-parisrunningtour.laurieassemat.com\/fr\/#organization","name":"Paris Running Tours","url":"https:\/\/test-parisrunningtour.laurieassemat.com\/fr\/","logo":{"@type":"ImageObject","inLanguage":"fr-FR","@id":"https:\/\/test-parisrunningtour.laurieassemat.com\/fr\/#\/schema\/logo\/image\/","url":"https:\/\/test-parisrunningtour.laurieassemat.com\/fr\/wp-content\/uploads\/sites\/1\/2016\/12\/cropped-faviconPRT.png","contentUrl":"https:\/\/test-parisrunningtour.laurieassemat.com\/fr\/wp-content\/uploads\/sites\/1\/2016\/12\/cropped-faviconPRT.png","width":512,"height":512,"caption":"Paris Running Tours"},"image":{"@id":"https:\/\/test-parisrunningtour.laurieassemat.com\/fr\/#\/schema\/logo\/image\/"}},{"@type":"Person","@id":"https:\/\/test-parisrunningtour.laurieassemat.com\/fr\/#\/schema\/person\/75f0dc3c395ae2b4e14e29aff8f6a5af","name":"Admin","image":{"@type":"ImageObject","inLanguage":"fr-FR","@id":"https:\/\/secure.gravatar.com\/avatar\/2980d1c79775d028873614111fac5ea2906175b9eba90c2fe773d875d19902e0?s=96&d=mm&r=g","url":"https:\/\/secure.gravatar.com\/avatar\/2980d1c79775d028873614111fac5ea2906175b9eba90c2fe773d875d19902e0?s=96&d=mm&r=g","contentUrl":"https:\/\/secure.gravatar.com\/avatar\/2980d1c79775d028873614111fac5ea2906175b9eba90c2fe773d875d19902e0?s=96&d=mm&r=g","caption":"Admin"},"sameAs":["https:\/\/www.parisrunningtour.com"]}]}},"_links":{"self":[{"href":"https:\/\/test-parisrunningtour.laurieassemat.com\/fr\/wp-json\/wp\/v2\/posts\/124","targetHints":{"allow":["GET"]}}],"collection":[{"href":"https:\/\/test-parisrunningtour.laurieassemat.com\/fr\/wp-json\/wp\/v2\/posts"}],"about":[{"href":"https:\/\/test-parisrunningtour.laurieassemat.com\/fr\/wp-json\/wp\/v2\/types\/post"}],"author":[{"embeddable":true,"href":"https:\/\/test-parisrunningtour.laurieassemat.com\/fr\/wp-json\/wp\/v2\/users\/1"}],"replies":[{"embeddable":true,"href":"https:\/\/test-parisrunningtour.laurieassemat.com\/fr\/wp-json\/wp\/v2\/comments?post=124"}],"version-history":[{"count":1,"href":"https:\/\/test-parisrunningtour.laurieassemat.com\/fr\/wp-json\/wp\/v2\/posts\/124\/revisions"}],"predecessor-version":[{"id":1382,"href":"https:\/\/test-parisrunningtour.laurieassemat.com\/fr\/wp-json\/wp\/v2\/posts\/124\/revisions\/1382"}],"wp:featuredmedia":[{"embeddable":true,"href":"https:\/\/test-parisrunningtour.laurieassemat.com\/fr\/wp-json\/wp\/v2\/media\/1381"}],"wp:attachment":[{"href":"https:\/\/test-parisrunningtour.laurieassemat.com\/fr\/wp-json\/wp\/v2\/media?parent=124"}],"wp:term":[{"taxonomy":"category","embeddable":true,"href":"https:\/\/test-parisrunningtour.laurieassemat.com\/fr\/wp-json\/wp\/v2\/categories?post=124"},{"taxonomy":"post_tag","embeddable":true,"href":"https:\/\/test-parisrunningtour.laurieassemat.com\/fr\/wp-json\/wp\/v2\/tags?post=124"}],"curies":[{"name":"wp","href":"https:\/\/api.w.org\/{rel}","templated":true}]}}