{"id":130,"date":"2011-09-10T08:50:00","date_gmt":"2011-09-10T06:50:00","guid":{"rendered":"http:\/\/runningtour.paris\/blog\/2011\/09\/10\/deux-matinees-a-la-decouverte-de-paris-avec-jason\/"},"modified":"2017-01-16T16:58:43","modified_gmt":"2017-01-16T15:58:43","slug":"deux-matinees-a-la-decouverte-de-paris-avec-jason","status":"publish","type":"post","link":"https:\/\/test-parisrunningtour.laurieassemat.com\/fr\/deux-matinees-a-la-decouverte-de-paris-avec-jason\/","title":{"rendered":"Deux matin\u00e9es \u00e0 la d\u00e9couverte de Paris avec Jason"},"content":{"rendered":"<div style=\"clear: both; text-align: center;\"><\/div>\n<div style=\"text-align: left;\">\n<div style=\"clear: both; text-align: center;\"><\/div>\n<div style=\"clear: both; text-align: center;\"><\/div>\n<div style=\"clear: both; text-align: center;\"><\/div>\n<div style=\"clear: both; text-align: center;\"><\/div>\n<table style=\"margin-left: auto; margin-right: auto; text-align: center;\" cellspacing=\"0\" cellpadding=\"0\" align=\"center\">\n<tbody>\n<tr>\n<td style=\"text-align: center;\"><a style=\"margin-left: auto; margin-right: auto;\" href=\"http:\/\/1.bp.blogspot.com\/-Si5aLub92a0\/Tn8lAcZeteI\/AAAAAAAAATQ\/kpPyBvrWP80\/s1600\/2011-09-16_05_PlaceDeLaConcorde.jpg\" target=\"_blank\"><img fetchpriority=\"high\" decoding=\"async\" src=\"http:\/\/1.bp.blogspot.com\/-Si5aLub92a0\/Tn8lAcZeteI\/AAAAAAAAATQ\/kpPyBvrWP80\/s640\/2011-09-16_05_PlaceDeLaConcorde.jpg\" width=\"640\" height=\"344\" border=\"0\" \/><\/a><\/td>\n<\/tr>\n<tr>\n<td style=\"text-align: center;\"><span style=\"font-family: 'Trebuchet MS', sans-serif;\">Jason &#8211; Place de la Concorde<\/span><\/td>\n<\/tr>\n<\/tbody>\n<\/table>\n<p><span style=\"font-family: 'Trebuchet MS', sans-serif;\"><b>8h50 &#8211; Vendredi et samedi &#8211; <\/b><\/span><span style=\"font-family: 'Trebuchet MS', sans-serif;\">Jason, qui vit \u00e0 Brooklyn (NY, USA), a choisi de partir \u00e0 la d\u00e9couverte de Paris en courant deux matin\u00e9es de suite.<\/span><span style=\"font-family: 'Trebuchet MS', sans-serif;\"><br \/>\n<\/span><br \/>\n<span style=\"font-family: 'Trebuchet MS', sans-serif;\">Le premier jour, nous sommes partis explorer l&rsquo;\u00eele de la Cit\u00e9, le Louvre, le Palais-Royal, la place Vend\u00f4me, la place de la Concorde pour revenir le long de la Seine. Nous avons fini notre course aux Ar\u00e8nes de Lut\u00e8ce; des gladiateurs y\u00a0<\/span><span style=\"font-family: 'Trebuchet MS', sans-serif;\">combattaient\u00a0<\/span><span style=\"font-family: 'Trebuchet MS', sans-serif;\">\u00e0 l&rsquo;\u00e9poque o\u00f9 Paris faisait partie de l&#8217;empire romain.<\/span><span style=\"font-family: 'Trebuchet MS', sans-serif;\"><br \/>\n<\/span><br \/>\n<span style=\"font-family: 'Trebuchet MS', sans-serif;\">Le lendemain, nous avons couru Rive gauche, sommes pass\u00e9s par le Panth\u00e9on, le jardin du Luxembourg, avons crois\u00e9 la r\u00e9sidence du premier ministre \u00e0 Matignon, admir\u00e9 le mus\u00e9e Rodin depuis la rue, pour rejoindre ensuite les Invalides et la tour Eiffel puis sommes rentr\u00e9s par le boulevard Saint Germain.<\/span><\/p>\n<div style=\"clear: both; text-align: center;\"><\/div>\n<table style=\"margin-left: auto; margin-right: auto; text-align: center;\" cellspacing=\"0\" cellpadding=\"0\" align=\"center\">\n<tbody>\n<tr>\n<td style=\"text-align: center;\"><a style=\"margin-left: auto; margin-right: auto;\" href=\"http:\/\/2.bp.blogspot.com\/-ZjExHfjqdQ0\/Tn9XXtLEonI\/AAAAAAAAATY\/5d4MPVuSCP0\/s1600\/2011-09-17_02_ATowerInParisLeft.jpg\" target=\"_blank\"><img decoding=\"async\" src=\"http:\/\/2.bp.blogspot.com\/-ZjExHfjqdQ0\/Tn9XXtLEonI\/AAAAAAAAATY\/5d4MPVuSCP0\/s640\/2011-09-17_02_ATowerInParisLeft.jpg\" width=\"360\" height=\"640\" border=\"0\" \/><\/a><\/td>\n<\/tr>\n<tr>\n<td style=\"text-align: center;\"><span style=\"font-family: 'Trebuchet MS', sans-serif;\">Jason et une tour bien connue \u00e0 Paris<\/span><\/td>\n<\/tr>\n<\/tbody>\n<\/table>\n<p><span style=\"font-family: 'Trebuchet MS', sans-serif;\">Notre parcours nous a amen\u00e9s \u00e0 franchir les limites de Paris au moyen \u00e2ge, le Louvre qui fut un ch\u00e2teau fort destin\u00e9 \u00e0 prot\u00e9ger le bord ouest de la ville et l&rsquo;enceinte du roi Philippe Auguste dont il reste encore quelques vestiges dans le Paris actuel, comme le mur que l&rsquo;on peut croiser rue Clovis (5\u00e8 arrondissement) :<\/span><\/p>\n<table style=\"margin-left: auto; margin-right: auto; text-align: center;\" cellspacing=\"0\" cellpadding=\"0\" align=\"center\">\n<tbody>\n<tr>\n<td style=\"text-align: center;\"><a style=\"margin-left: auto; margin-right: auto;\" href=\"http:\/\/4.bp.blogspot.com\/-YZ94qOvMb78\/Tn9aGIIQQUI\/AAAAAAAAATg\/a5QfVcsm024\/s1600\/2011-09-17_01_KingPhilippeAugusteWallLeft.jpg\" target=\"_blank\"><img decoding=\"async\" src=\"http:\/\/4.bp.blogspot.com\/-YZ94qOvMb78\/Tn9aGIIQQUI\/AAAAAAAAATg\/a5QfVcsm024\/s640\/2011-09-17_01_KingPhilippeAugusteWallLeft.jpg\" width=\"302\" height=\"640\" border=\"0\" \/><\/a><\/td>\n<\/tr>\n<tr>\n<td style=\"text-align: center;\"><span style=\"font-family: 'Trebuchet MS', sans-serif;\">Jason &#8211; Le mur de Philippe Auguste rue Clovis<\/span><\/td>\n<\/tr>\n<\/tbody>\n<\/table>\n<p><span style=\"font-family: 'Trebuchet MS', sans-serif;\">Au 12\u00e8 si\u00e8cle, Paris repr\u00e9sentait une petite portion du Paris actuel, entour\u00e9 par le mur de Philippe Auguste\u00a0<\/span><span style=\"font-family: 'Trebuchet MS', sans-serif;\">(en jaune sur l&rsquo;image)<\/span><span style=\"font-family: 'Trebuchet MS', sans-serif;\">et prot\u00e9g\u00e9 par le Louvre, ch\u00e2teau fort \u00e0 l&rsquo;\u00e9poque (en bleu sur l&rsquo;image) :<\/span><\/p>\n<table style=\"margin-left: auto; margin-right: auto; text-align: center;\" cellspacing=\"0\" cellpadding=\"0\" align=\"center\">\n<tbody>\n<tr>\n<td style=\"text-align: center;\"><a style=\"margin-left: auto; margin-right: auto;\" href=\"http:\/\/4.bp.blogspot.com\/-2P8Hmfjk568\/Tn9iP5a5A_I\/AAAAAAAAATk\/8go0z_SnHYo\/s1600\/Enceinte-philippe-auguste-1223-paris_DansParis2011.jpg\" target=\"_blank\"><img loading=\"lazy\" decoding=\"async\" src=\"http:\/\/4.bp.blogspot.com\/-2P8Hmfjk568\/Tn9iP5a5A_I\/AAAAAAAAATk\/8go0z_SnHYo\/s640\/Enceinte-philippe-auguste-1223-paris_DansParis2011.jpg\" width=\"640\" height=\"488\" border=\"0\" \/><\/a><\/td>\n<\/tr>\n<tr>\n<td style=\"text-align: center;\"><span style=\"font-family: 'Trebuchet MS', sans-serif;\"><span style=\"font-size: small;\"><i>Cliquer sur l&rsquo;image pour l&rsquo;agrandir<\/i><\/span><\/span><\/td>\n<\/tr>\n<\/tbody>\n<\/table>\n<p><span style=\"font-family: 'Trebuchet MS', sans-serif;\">En se rapprochant, on voit quelques endroits o\u00f9 l&rsquo;on peut trouver le vieux mur encore visible de nos jours :<\/span><\/p>\n<table style=\"margin-left: auto; margin-right: auto; text-align: center;\" cellspacing=\"0\" cellpadding=\"0\" align=\"center\">\n<tbody>\n<tr>\n<td style=\"text-align: center;\"><a style=\"margin-left: auto; margin-right: auto;\" href=\"http:\/\/4.bp.blogspot.com\/-w_bIgucWAyk\/Tn9i-g5_iII\/AAAAAAAAATo\/M6OVowJdmBc\/s1600\/EnceintePhilippeAugusteDansParis2011Zoom.jpg\" target=\"_blank\"><img loading=\"lazy\" decoding=\"async\" src=\"http:\/\/4.bp.blogspot.com\/-w_bIgucWAyk\/Tn9i-g5_iII\/AAAAAAAAATo\/M6OVowJdmBc\/s640\/EnceintePhilippeAugusteDansParis2011Zoom.jpg\" width=\"640\" height=\"494\" border=\"0\" \/><\/a><\/td>\n<\/tr>\n<tr>\n<td style=\"text-align: center;\"><span style=\"font-family: 'Trebuchet MS', sans-serif;\"><span style=\"font-size: small;\"><i>Cliquer sur l&rsquo;image pour l&rsquo;agrandir<\/i><\/span><\/span><\/td>\n<\/tr>\n<\/tbody>\n<\/table>\n<p><span style=\"font-family: 'Trebuchet MS', sans-serif;\">Merci Jason !<\/span><\/div>\n<div style=\"clear: both; text-align: left;\"><\/div>\n<div style=\"text-align: center;\"><\/div>\n<div><span style=\"font-family: 'Trebuchet MS', sans-serif;\"><b><br \/>\n<\/b><\/span><span style=\"font-family: 'Trebuchet MS', sans-serif;\"><b>Les circuits des tours :<\/b><\/span><\/p>\n<div style=\"clear: both; text-align: center;\"><\/div>\n<div style=\"clear: both; text-align: center;\"><\/div>\n<div style=\"clear: both; text-align: center;\"><\/div>\n<div style=\"clear: both; text-align: center;\"><\/div>\n<div style=\"clear: both; text-align: center;\"><a style=\"clear: left; float: left; margin-bottom: 1em; margin-right: 1em;\" href=\"http:\/\/2.bp.blogspot.com\/-S4Z0j0Sa8kU\/Tn9kvGB1ANI\/AAAAAAAAATs\/iACcD_iev3k\/s1600\/ToursJasonZoom.jpg\" target=\"_blank\"><img loading=\"lazy\" decoding=\"async\" src=\"http:\/\/2.bp.blogspot.com\/-S4Z0j0Sa8kU\/Tn9kvGB1ANI\/AAAAAAAAATs\/iACcD_iev3k\/s640\/ToursJasonZoom.jpg\" width=\"640\" height=\"404\" border=\"0\" \/><\/a><\/div>\n<p><span style=\"color: red; font-family: 'Trebuchet MS', sans-serif;\"><i><br \/>\n<\/i><\/span><\/div>\n<div style=\"clear: both; text-align: left;\"><\/div>\n<div style=\"text-align: center;\"><\/div>\n","protected":false},"excerpt":{"rendered":"<p>Jason &#8211; Place de la Concorde 8h50 &#8211; Vendredi et samedi &#8211; Jason, qui vit \u00e0 Brooklyn (NY, USA), a choisi de partir \u00e0 la d\u00e9couverte de Paris en courant deux matin\u00e9es de suite. Le premier jour, nous sommes partis explorer l&rsquo;\u00eele de la Cit\u00e9, le Louvre, le Palais-Royal, la place Vend\u00f4me, la place de la Concorde pour revenir le long de la Seine. Nous avons fini notre course aux Ar\u00e8nes de Lut\u00e8ce; des gladiateurs y\u00a0combattaient\u00a0\u00e0 l&rsquo;\u00e9poque o\u00f9 Paris faisait partie de l&#8217;empire romain. Le lendemain, nous avons couru Rive gauche, sommes pass\u00e9s par le Panth\u00e9on, le jardin du Luxembourg, avons crois\u00e9 la r\u00e9sidence du premier ministre \u00e0 Matignon, admir\u00e9 le mus\u00e9e Rodin depuis la rue, pour rejoindre ensuite les Invalides et la tour Eiffel puis sommes rentr\u00e9s par le boulevard Saint Germain. Jason et une tour bien connue \u00e0 Paris Notre parcours nous a amen\u00e9s \u00e0 franchir les limites de Paris au moyen \u00e2ge, le Louvre qui fut un ch\u00e2teau fort destin\u00e9 \u00e0 prot\u00e9ger le bord ouest de la ville et l&rsquo;enceinte du roi Philippe Auguste dont il reste encore quelques vestiges dans le Paris actuel, comme le mur que l&rsquo;on peut croiser rue Clovis (5\u00e8 arrondissement) : Jason &#8211; Le mur de Philippe Auguste rue Clovis Au 12\u00e8 si\u00e8cle, Paris repr\u00e9sentait une petite portion du Paris actuel, entour\u00e9 par le mur de Philippe Auguste\u00a0(en jaune sur l&rsquo;image)et prot\u00e9g\u00e9 par le Louvre, ch\u00e2teau fort \u00e0 l&rsquo;\u00e9poque (en bleu sur l&rsquo;image) : Cliquer sur l&rsquo;image pour l&rsquo;agrandir En se rapprochant, on voit quelques endroits o\u00f9 l&rsquo;on peut trouver le vieux mur encore visible de nos jours : Cliquer sur l&rsquo;image pour l&rsquo;agrandir Merci Jason ! Les circuits des tours :<\/p>\n","protected":false},"author":1,"featured_media":1393,"comment_status":"open","ping_status":"open","sticky":false,"template":"","format":"standard","meta":{"footnotes":""},"categories":[23,35,10],"tags":[],"class_list":["post-130","post","type-post","status-publish","format-standard","has-post-thumbnail","hentry","category-concorde-place-de-la","category-mur-de-philippe-auguste","category-tour-eiffel"],"yoast_head":"<!-- This site is optimized with the Yoast SEO plugin v27.5 - https:\/\/yoast.com\/product\/yoast-seo-wordpress\/ -->\n<title>Deux matin\u00e9es \u00e0 la d\u00e9couverte de Paris avec Jason | Paris Running Tours<\/title>\n<meta name=\"robots\" content=\"noindex, follow, max-snippet:-1, max-image-preview:large, max-video-preview:-1\" \/>\n<meta property=\"og:locale\" content=\"fr_FR\" \/>\n<meta property=\"og:type\" content=\"article\" \/>\n<meta property=\"og:title\" content=\"Deux matin\u00e9es \u00e0 la d\u00e9couverte de Paris avec Jason | Paris Running Tours\" \/>\n<meta property=\"og:description\" content=\"Jason &#8211; Place de la Concorde 8h50 &#8211; Vendredi et samedi &#8211; Jason, qui vit \u00e0 Brooklyn (NY, USA), a choisi de partir \u00e0 la d\u00e9couverte de Paris en courant deux matin\u00e9es de suite. Le premier jour, nous sommes partis explorer l&rsquo;\u00eele de la Cit\u00e9, le Louvre, le Palais-Royal, la place Vend\u00f4me, la place de la Concorde pour revenir le long de la Seine. Nous avons fini notre course aux Ar\u00e8nes de Lut\u00e8ce; des gladiateurs y\u00a0combattaient\u00a0\u00e0 l&rsquo;\u00e9poque o\u00f9 Paris faisait partie de l&#8217;empire romain. Le lendemain, nous avons couru Rive gauche, sommes pass\u00e9s par le Panth\u00e9on, le jardin du Luxembourg, avons crois\u00e9 la r\u00e9sidence du premier ministre \u00e0 Matignon, admir\u00e9 le mus\u00e9e Rodin depuis la rue, pour rejoindre ensuite les Invalides et la tour Eiffel puis sommes rentr\u00e9s par le boulevard Saint Germain. Jason et une tour bien connue \u00e0 Paris Notre parcours nous a amen\u00e9s \u00e0 franchir les limites de Paris au moyen \u00e2ge, le Louvre qui fut un ch\u00e2teau fort destin\u00e9 \u00e0 prot\u00e9ger le bord ouest de la ville et l&rsquo;enceinte du roi Philippe Auguste dont il reste encore quelques vestiges dans le Paris actuel, comme le mur que l&rsquo;on peut croiser rue Clovis (5\u00e8 arrondissement) : Jason &#8211; Le mur de Philippe Auguste rue Clovis Au 12\u00e8 si\u00e8cle, Paris repr\u00e9sentait une petite portion du Paris actuel, entour\u00e9 par le mur de Philippe Auguste\u00a0(en jaune sur l&rsquo;image)et prot\u00e9g\u00e9 par le Louvre, ch\u00e2teau fort \u00e0 l&rsquo;\u00e9poque (en bleu sur l&rsquo;image) : Cliquer sur l&rsquo;image pour l&rsquo;agrandir En se rapprochant, on voit quelques endroits o\u00f9 l&rsquo;on peut trouver le vieux mur encore visible de nos jours : Cliquer sur l&rsquo;image pour l&rsquo;agrandir Merci Jason ! Les circuits des tours :\" \/>\n<meta property=\"og:url\" content=\"https:\/\/test-parisrunningtour.laurieassemat.com\/fr\/deux-matinees-a-la-decouverte-de-paris-avec-jason\/\" \/>\n<meta property=\"og:site_name\" content=\"Paris Running Tours\" \/>\n<meta property=\"article:published_time\" content=\"2011-09-10T06:50:00+00:00\" \/>\n<meta property=\"article:modified_time\" content=\"2017-01-16T15:58:43+00:00\" \/>\n<meta property=\"og:image\" content=\"https:\/\/test-parisrunningtour.laurieassemat.com\/fr\/wp-content\/uploads\/sites\/1\/2011\/09\/PRT2011-09-16_05_PlaceDeLaConcorde.jpg\" \/>\n\t<meta property=\"og:image:width\" content=\"1941\" \/>\n\t<meta property=\"og:image:height\" content=\"1941\" \/>\n\t<meta property=\"og:image:type\" content=\"image\/jpeg\" \/>\n<meta name=\"author\" content=\"Admin\" \/>\n<meta name=\"twitter:card\" content=\"summary_large_image\" \/>\n<meta name=\"twitter:label1\" content=\"\u00c9crit par\" \/>\n\t<meta name=\"twitter:data1\" content=\"Admin\" \/>\n\t<meta name=\"twitter:label2\" content=\"Dur\u00e9e de lecture estim\u00e9e\" \/>\n\t<meta name=\"twitter:data2\" content=\"1 minute\" \/>\n<script type=\"application\/ld+json\" class=\"yoast-schema-graph\">{\"@context\":\"https:\\\/\\\/schema.org\",\"@graph\":[{\"@type\":\"Article\",\"@id\":\"https:\\\/\\\/test-parisrunningtour.laurieassemat.com\\\/fr\\\/deux-matinees-a-la-decouverte-de-paris-avec-jason\\\/#article\",\"isPartOf\":{\"@id\":\"https:\\\/\\\/test-parisrunningtour.laurieassemat.com\\\/fr\\\/deux-matinees-a-la-decouverte-de-paris-avec-jason\\\/\"},\"author\":{\"name\":\"Admin\",\"@id\":\"https:\\\/\\\/test-parisrunningtour.laurieassemat.com\\\/fr\\\/#\\\/schema\\\/person\\\/75f0dc3c395ae2b4e14e29aff8f6a5af\"},\"headline\":\"Deux matin\u00e9es \u00e0 la d\u00e9couverte de Paris avec Jason\",\"datePublished\":\"2011-09-10T06:50:00+00:00\",\"dateModified\":\"2017-01-16T15:58:43+00:00\",\"mainEntityOfPage\":{\"@id\":\"https:\\\/\\\/test-parisrunningtour.laurieassemat.com\\\/fr\\\/deux-matinees-a-la-decouverte-de-paris-avec-jason\\\/\"},\"wordCount\":309,\"commentCount\":0,\"publisher\":{\"@id\":\"https:\\\/\\\/test-parisrunningtour.laurieassemat.com\\\/fr\\\/#organization\"},\"image\":{\"@id\":\"https:\\\/\\\/test-parisrunningtour.laurieassemat.com\\\/fr\\\/deux-matinees-a-la-decouverte-de-paris-avec-jason\\\/#primaryimage\"},\"thumbnailUrl\":\"https:\\\/\\\/test-parisrunningtour.laurieassemat.com\\\/fr\\\/wp-content\\\/uploads\\\/sites\\\/1\\\/2011\\\/09\\\/PRT2011-09-16_05_PlaceDeLaConcorde.jpg\",\"articleSection\":[\"Concorde (Place de la)\",\"Mur de Philippe Auguste\",\"Tour Eiffel\"],\"inLanguage\":\"fr-FR\",\"potentialAction\":[{\"@type\":\"CommentAction\",\"name\":\"Comment\",\"target\":[\"https:\\\/\\\/test-parisrunningtour.laurieassemat.com\\\/fr\\\/deux-matinees-a-la-decouverte-de-paris-avec-jason\\\/#respond\"]}]},{\"@type\":\"WebPage\",\"@id\":\"https:\\\/\\\/test-parisrunningtour.laurieassemat.com\\\/fr\\\/deux-matinees-a-la-decouverte-de-paris-avec-jason\\\/\",\"url\":\"https:\\\/\\\/test-parisrunningtour.laurieassemat.com\\\/fr\\\/deux-matinees-a-la-decouverte-de-paris-avec-jason\\\/\",\"name\":\"Deux matin\u00e9es \u00e0 la d\u00e9couverte de Paris avec Jason | Paris Running Tours\",\"isPartOf\":{\"@id\":\"https:\\\/\\\/test-parisrunningtour.laurieassemat.com\\\/fr\\\/#website\"},\"primaryImageOfPage\":{\"@id\":\"https:\\\/\\\/test-parisrunningtour.laurieassemat.com\\\/fr\\\/deux-matinees-a-la-decouverte-de-paris-avec-jason\\\/#primaryimage\"},\"image\":{\"@id\":\"https:\\\/\\\/test-parisrunningtour.laurieassemat.com\\\/fr\\\/deux-matinees-a-la-decouverte-de-paris-avec-jason\\\/#primaryimage\"},\"thumbnailUrl\":\"https:\\\/\\\/test-parisrunningtour.laurieassemat.com\\\/fr\\\/wp-content\\\/uploads\\\/sites\\\/1\\\/2011\\\/09\\\/PRT2011-09-16_05_PlaceDeLaConcorde.jpg\",\"datePublished\":\"2011-09-10T06:50:00+00:00\",\"dateModified\":\"2017-01-16T15:58:43+00:00\",\"breadcrumb\":{\"@id\":\"https:\\\/\\\/test-parisrunningtour.laurieassemat.com\\\/fr\\\/deux-matinees-a-la-decouverte-de-paris-avec-jason\\\/#breadcrumb\"},\"inLanguage\":\"fr-FR\",\"potentialAction\":[{\"@type\":\"ReadAction\",\"target\":[\"https:\\\/\\\/test-parisrunningtour.laurieassemat.com\\\/fr\\\/deux-matinees-a-la-decouverte-de-paris-avec-jason\\\/\"]}]},{\"@type\":\"ImageObject\",\"inLanguage\":\"fr-FR\",\"@id\":\"https:\\\/\\\/test-parisrunningtour.laurieassemat.com\\\/fr\\\/deux-matinees-a-la-decouverte-de-paris-avec-jason\\\/#primaryimage\",\"url\":\"https:\\\/\\\/test-parisrunningtour.laurieassemat.com\\\/fr\\\/wp-content\\\/uploads\\\/sites\\\/1\\\/2011\\\/09\\\/PRT2011-09-16_05_PlaceDeLaConcorde.jpg\",\"contentUrl\":\"https:\\\/\\\/test-parisrunningtour.laurieassemat.com\\\/fr\\\/wp-content\\\/uploads\\\/sites\\\/1\\\/2011\\\/09\\\/PRT2011-09-16_05_PlaceDeLaConcorde.jpg\",\"width\":1941,\"height\":1941},{\"@type\":\"BreadcrumbList\",\"@id\":\"https:\\\/\\\/test-parisrunningtour.laurieassemat.com\\\/fr\\\/deux-matinees-a-la-decouverte-de-paris-avec-jason\\\/#breadcrumb\",\"itemListElement\":[{\"@type\":\"ListItem\",\"position\":1,\"name\":\"Accueil\",\"item\":\"https:\\\/\\\/test-parisrunningtour.laurieassemat.com\\\/fr\\\/\"},{\"@type\":\"ListItem\",\"position\":2,\"name\":\"Deux matin\u00e9es \u00e0 la d\u00e9couverte de Paris avec Jason\"}]},{\"@type\":\"WebSite\",\"@id\":\"https:\\\/\\\/test-parisrunningtour.laurieassemat.com\\\/fr\\\/#website\",\"url\":\"https:\\\/\\\/test-parisrunningtour.laurieassemat.com\\\/fr\\\/\",\"name\":\"Paris Running Tours\",\"description\":\"D\u00e9couvrir Paris en courant\",\"publisher\":{\"@id\":\"https:\\\/\\\/test-parisrunningtour.laurieassemat.com\\\/fr\\\/#organization\"},\"potentialAction\":[{\"@type\":\"SearchAction\",\"target\":{\"@type\":\"EntryPoint\",\"urlTemplate\":\"https:\\\/\\\/test-parisrunningtour.laurieassemat.com\\\/fr\\\/?s={search_term_string}\"},\"query-input\":{\"@type\":\"PropertyValueSpecification\",\"valueRequired\":true,\"valueName\":\"search_term_string\"}}],\"inLanguage\":\"fr-FR\"},{\"@type\":\"Organization\",\"@id\":\"https:\\\/\\\/test-parisrunningtour.laurieassemat.com\\\/fr\\\/#organization\",\"name\":\"Paris Running Tours\",\"url\":\"https:\\\/\\\/test-parisrunningtour.laurieassemat.com\\\/fr\\\/\",\"logo\":{\"@type\":\"ImageObject\",\"inLanguage\":\"fr-FR\",\"@id\":\"https:\\\/\\\/test-parisrunningtour.laurieassemat.com\\\/fr\\\/#\\\/schema\\\/logo\\\/image\\\/\",\"url\":\"https:\\\/\\\/test-parisrunningtour.laurieassemat.com\\\/fr\\\/wp-content\\\/uploads\\\/sites\\\/1\\\/2016\\\/12\\\/cropped-faviconPRT.png\",\"contentUrl\":\"https:\\\/\\\/test-parisrunningtour.laurieassemat.com\\\/fr\\\/wp-content\\\/uploads\\\/sites\\\/1\\\/2016\\\/12\\\/cropped-faviconPRT.png\",\"width\":512,\"height\":512,\"caption\":\"Paris Running Tours\"},\"image\":{\"@id\":\"https:\\\/\\\/test-parisrunningtour.laurieassemat.com\\\/fr\\\/#\\\/schema\\\/logo\\\/image\\\/\"}},{\"@type\":\"Person\",\"@id\":\"https:\\\/\\\/test-parisrunningtour.laurieassemat.com\\\/fr\\\/#\\\/schema\\\/person\\\/75f0dc3c395ae2b4e14e29aff8f6a5af\",\"name\":\"Admin\",\"image\":{\"@type\":\"ImageObject\",\"inLanguage\":\"fr-FR\",\"@id\":\"https:\\\/\\\/secure.gravatar.com\\\/avatar\\\/2980d1c79775d028873614111fac5ea2906175b9eba90c2fe773d875d19902e0?s=96&d=mm&r=g\",\"url\":\"https:\\\/\\\/secure.gravatar.com\\\/avatar\\\/2980d1c79775d028873614111fac5ea2906175b9eba90c2fe773d875d19902e0?s=96&d=mm&r=g\",\"contentUrl\":\"https:\\\/\\\/secure.gravatar.com\\\/avatar\\\/2980d1c79775d028873614111fac5ea2906175b9eba90c2fe773d875d19902e0?s=96&d=mm&r=g\",\"caption\":\"Admin\"},\"sameAs\":[\"https:\\\/\\\/www.parisrunningtour.com\"]}]}<\/script>\n<!-- \/ Yoast SEO plugin. -->","yoast_head_json":{"title":"Deux matin\u00e9es \u00e0 la d\u00e9couverte de Paris avec Jason | Paris Running Tours","robots":{"index":"noindex","follow":"follow","max-snippet":"max-snippet:-1","max-image-preview":"max-image-preview:large","max-video-preview":"max-video-preview:-1"},"og_locale":"fr_FR","og_type":"article","og_title":"Deux matin\u00e9es \u00e0 la d\u00e9couverte de Paris avec Jason | Paris Running Tours","og_description":"Jason &#8211; Place de la Concorde 8h50 &#8211; Vendredi et samedi &#8211; Jason, qui vit \u00e0 Brooklyn (NY, USA), a choisi de partir \u00e0 la d\u00e9couverte de Paris en courant deux matin\u00e9es de suite. Le premier jour, nous sommes partis explorer l&rsquo;\u00eele de la Cit\u00e9, le Louvre, le Palais-Royal, la place Vend\u00f4me, la place de la Concorde pour revenir le long de la Seine. Nous avons fini notre course aux Ar\u00e8nes de Lut\u00e8ce; des gladiateurs y\u00a0combattaient\u00a0\u00e0 l&rsquo;\u00e9poque o\u00f9 Paris faisait partie de l&#8217;empire romain. Le lendemain, nous avons couru Rive gauche, sommes pass\u00e9s par le Panth\u00e9on, le jardin du Luxembourg, avons crois\u00e9 la r\u00e9sidence du premier ministre \u00e0 Matignon, admir\u00e9 le mus\u00e9e Rodin depuis la rue, pour rejoindre ensuite les Invalides et la tour Eiffel puis sommes rentr\u00e9s par le boulevard Saint Germain. Jason et une tour bien connue \u00e0 Paris Notre parcours nous a amen\u00e9s \u00e0 franchir les limites de Paris au moyen \u00e2ge, le Louvre qui fut un ch\u00e2teau fort destin\u00e9 \u00e0 prot\u00e9ger le bord ouest de la ville et l&rsquo;enceinte du roi Philippe Auguste dont il reste encore quelques vestiges dans le Paris actuel, comme le mur que l&rsquo;on peut croiser rue Clovis (5\u00e8 arrondissement) : Jason &#8211; Le mur de Philippe Auguste rue Clovis Au 12\u00e8 si\u00e8cle, Paris repr\u00e9sentait une petite portion du Paris actuel, entour\u00e9 par le mur de Philippe Auguste\u00a0(en jaune sur l&rsquo;image)et prot\u00e9g\u00e9 par le Louvre, ch\u00e2teau fort \u00e0 l&rsquo;\u00e9poque (en bleu sur l&rsquo;image) : Cliquer sur l&rsquo;image pour l&rsquo;agrandir En se rapprochant, on voit quelques endroits o\u00f9 l&rsquo;on peut trouver le vieux mur encore visible de nos jours : Cliquer sur l&rsquo;image pour l&rsquo;agrandir Merci Jason ! Les circuits des tours :","og_url":"https:\/\/test-parisrunningtour.laurieassemat.com\/fr\/deux-matinees-a-la-decouverte-de-paris-avec-jason\/","og_site_name":"Paris Running Tours","article_published_time":"2011-09-10T06:50:00+00:00","article_modified_time":"2017-01-16T15:58:43+00:00","og_image":[{"width":1941,"height":1941,"url":"https:\/\/test-parisrunningtour.laurieassemat.com\/fr\/wp-content\/uploads\/sites\/1\/2011\/09\/PRT2011-09-16_05_PlaceDeLaConcorde.jpg","type":"image\/jpeg"}],"author":"Admin","twitter_card":"summary_large_image","twitter_misc":{"\u00c9crit par":"Admin","Dur\u00e9e de lecture estim\u00e9e":"1 minute"},"schema":{"@context":"https:\/\/schema.org","@graph":[{"@type":"Article","@id":"https:\/\/test-parisrunningtour.laurieassemat.com\/fr\/deux-matinees-a-la-decouverte-de-paris-avec-jason\/#article","isPartOf":{"@id":"https:\/\/test-parisrunningtour.laurieassemat.com\/fr\/deux-matinees-a-la-decouverte-de-paris-avec-jason\/"},"author":{"name":"Admin","@id":"https:\/\/test-parisrunningtour.laurieassemat.com\/fr\/#\/schema\/person\/75f0dc3c395ae2b4e14e29aff8f6a5af"},"headline":"Deux matin\u00e9es \u00e0 la d\u00e9couverte de Paris avec Jason","datePublished":"2011-09-10T06:50:00+00:00","dateModified":"2017-01-16T15:58:43+00:00","mainEntityOfPage":{"@id":"https:\/\/test-parisrunningtour.laurieassemat.com\/fr\/deux-matinees-a-la-decouverte-de-paris-avec-jason\/"},"wordCount":309,"commentCount":0,"publisher":{"@id":"https:\/\/test-parisrunningtour.laurieassemat.com\/fr\/#organization"},"image":{"@id":"https:\/\/test-parisrunningtour.laurieassemat.com\/fr\/deux-matinees-a-la-decouverte-de-paris-avec-jason\/#primaryimage"},"thumbnailUrl":"https:\/\/test-parisrunningtour.laurieassemat.com\/fr\/wp-content\/uploads\/sites\/1\/2011\/09\/PRT2011-09-16_05_PlaceDeLaConcorde.jpg","articleSection":["Concorde (Place de la)","Mur de Philippe Auguste","Tour Eiffel"],"inLanguage":"fr-FR","potentialAction":[{"@type":"CommentAction","name":"Comment","target":["https:\/\/test-parisrunningtour.laurieassemat.com\/fr\/deux-matinees-a-la-decouverte-de-paris-avec-jason\/#respond"]}]},{"@type":"WebPage","@id":"https:\/\/test-parisrunningtour.laurieassemat.com\/fr\/deux-matinees-a-la-decouverte-de-paris-avec-jason\/","url":"https:\/\/test-parisrunningtour.laurieassemat.com\/fr\/deux-matinees-a-la-decouverte-de-paris-avec-jason\/","name":"Deux matin\u00e9es \u00e0 la d\u00e9couverte de Paris avec Jason | Paris Running Tours","isPartOf":{"@id":"https:\/\/test-parisrunningtour.laurieassemat.com\/fr\/#website"},"primaryImageOfPage":{"@id":"https:\/\/test-parisrunningtour.laurieassemat.com\/fr\/deux-matinees-a-la-decouverte-de-paris-avec-jason\/#primaryimage"},"image":{"@id":"https:\/\/test-parisrunningtour.laurieassemat.com\/fr\/deux-matinees-a-la-decouverte-de-paris-avec-jason\/#primaryimage"},"thumbnailUrl":"https:\/\/test-parisrunningtour.laurieassemat.com\/fr\/wp-content\/uploads\/sites\/1\/2011\/09\/PRT2011-09-16_05_PlaceDeLaConcorde.jpg","datePublished":"2011-09-10T06:50:00+00:00","dateModified":"2017-01-16T15:58:43+00:00","breadcrumb":{"@id":"https:\/\/test-parisrunningtour.laurieassemat.com\/fr\/deux-matinees-a-la-decouverte-de-paris-avec-jason\/#breadcrumb"},"inLanguage":"fr-FR","potentialAction":[{"@type":"ReadAction","target":["https:\/\/test-parisrunningtour.laurieassemat.com\/fr\/deux-matinees-a-la-decouverte-de-paris-avec-jason\/"]}]},{"@type":"ImageObject","inLanguage":"fr-FR","@id":"https:\/\/test-parisrunningtour.laurieassemat.com\/fr\/deux-matinees-a-la-decouverte-de-paris-avec-jason\/#primaryimage","url":"https:\/\/test-parisrunningtour.laurieassemat.com\/fr\/wp-content\/uploads\/sites\/1\/2011\/09\/PRT2011-09-16_05_PlaceDeLaConcorde.jpg","contentUrl":"https:\/\/test-parisrunningtour.laurieassemat.com\/fr\/wp-content\/uploads\/sites\/1\/2011\/09\/PRT2011-09-16_05_PlaceDeLaConcorde.jpg","width":1941,"height":1941},{"@type":"BreadcrumbList","@id":"https:\/\/test-parisrunningtour.laurieassemat.com\/fr\/deux-matinees-a-la-decouverte-de-paris-avec-jason\/#breadcrumb","itemListElement":[{"@type":"ListItem","position":1,"name":"Accueil","item":"https:\/\/test-parisrunningtour.laurieassemat.com\/fr\/"},{"@type":"ListItem","position":2,"name":"Deux matin\u00e9es \u00e0 la d\u00e9couverte de Paris avec Jason"}]},{"@type":"WebSite","@id":"https:\/\/test-parisrunningtour.laurieassemat.com\/fr\/#website","url":"https:\/\/test-parisrunningtour.laurieassemat.com\/fr\/","name":"Paris Running Tours","description":"D\u00e9couvrir Paris en courant","publisher":{"@id":"https:\/\/test-parisrunningtour.laurieassemat.com\/fr\/#organization"},"potentialAction":[{"@type":"SearchAction","target":{"@type":"EntryPoint","urlTemplate":"https:\/\/test-parisrunningtour.laurieassemat.com\/fr\/?s={search_term_string}"},"query-input":{"@type":"PropertyValueSpecification","valueRequired":true,"valueName":"search_term_string"}}],"inLanguage":"fr-FR"},{"@type":"Organization","@id":"https:\/\/test-parisrunningtour.laurieassemat.com\/fr\/#organization","name":"Paris Running Tours","url":"https:\/\/test-parisrunningtour.laurieassemat.com\/fr\/","logo":{"@type":"ImageObject","inLanguage":"fr-FR","@id":"https:\/\/test-parisrunningtour.laurieassemat.com\/fr\/#\/schema\/logo\/image\/","url":"https:\/\/test-parisrunningtour.laurieassemat.com\/fr\/wp-content\/uploads\/sites\/1\/2016\/12\/cropped-faviconPRT.png","contentUrl":"https:\/\/test-parisrunningtour.laurieassemat.com\/fr\/wp-content\/uploads\/sites\/1\/2016\/12\/cropped-faviconPRT.png","width":512,"height":512,"caption":"Paris Running Tours"},"image":{"@id":"https:\/\/test-parisrunningtour.laurieassemat.com\/fr\/#\/schema\/logo\/image\/"}},{"@type":"Person","@id":"https:\/\/test-parisrunningtour.laurieassemat.com\/fr\/#\/schema\/person\/75f0dc3c395ae2b4e14e29aff8f6a5af","name":"Admin","image":{"@type":"ImageObject","inLanguage":"fr-FR","@id":"https:\/\/secure.gravatar.com\/avatar\/2980d1c79775d028873614111fac5ea2906175b9eba90c2fe773d875d19902e0?s=96&d=mm&r=g","url":"https:\/\/secure.gravatar.com\/avatar\/2980d1c79775d028873614111fac5ea2906175b9eba90c2fe773d875d19902e0?s=96&d=mm&r=g","contentUrl":"https:\/\/secure.gravatar.com\/avatar\/2980d1c79775d028873614111fac5ea2906175b9eba90c2fe773d875d19902e0?s=96&d=mm&r=g","caption":"Admin"},"sameAs":["https:\/\/www.parisrunningtour.com"]}]}},"_links":{"self":[{"href":"https:\/\/test-parisrunningtour.laurieassemat.com\/fr\/wp-json\/wp\/v2\/posts\/130","targetHints":{"allow":["GET"]}}],"collection":[{"href":"https:\/\/test-parisrunningtour.laurieassemat.com\/fr\/wp-json\/wp\/v2\/posts"}],"about":[{"href":"https:\/\/test-parisrunningtour.laurieassemat.com\/fr\/wp-json\/wp\/v2\/types\/post"}],"author":[{"embeddable":true,"href":"https:\/\/test-parisrunningtour.laurieassemat.com\/fr\/wp-json\/wp\/v2\/users\/1"}],"replies":[{"embeddable":true,"href":"https:\/\/test-parisrunningtour.laurieassemat.com\/fr\/wp-json\/wp\/v2\/comments?post=130"}],"version-history":[{"count":1,"href":"https:\/\/test-parisrunningtour.laurieassemat.com\/fr\/wp-json\/wp\/v2\/posts\/130\/revisions"}],"predecessor-version":[{"id":1394,"href":"https:\/\/test-parisrunningtour.laurieassemat.com\/fr\/wp-json\/wp\/v2\/posts\/130\/revisions\/1394"}],"wp:featuredmedia":[{"embeddable":true,"href":"https:\/\/test-parisrunningtour.laurieassemat.com\/fr\/wp-json\/wp\/v2\/media\/1393"}],"wp:attachment":[{"href":"https:\/\/test-parisrunningtour.laurieassemat.com\/fr\/wp-json\/wp\/v2\/media?parent=130"}],"wp:term":[{"taxonomy":"category","embeddable":true,"href":"https:\/\/test-parisrunningtour.laurieassemat.com\/fr\/wp-json\/wp\/v2\/categories?post=130"},{"taxonomy":"post_tag","embeddable":true,"href":"https:\/\/test-parisrunningtour.laurieassemat.com\/fr\/wp-json\/wp\/v2\/tags?post=130"}],"curies":[{"name":"wp","href":"https:\/\/api.w.org\/{rel}","templated":true}]}}