{"id":141,"date":"2011-06-29T07:41:00","date_gmt":"2011-06-29T05:41:00","guid":{"rendered":"http:\/\/runningtour.paris\/blog\/2011\/06\/29\/sur-lile-aux-cygnes-avec-sarah\/"},"modified":"2017-01-16T17:13:06","modified_gmt":"2017-01-16T16:13:06","slug":"sur-lile-aux-cygnes-avec-sarah","status":"publish","type":"post","link":"https:\/\/test-parisrunningtour.laurieassemat.com\/fr\/sur-lile-aux-cygnes-avec-sarah\/","title":{"rendered":"Sur l&rsquo;\u00eele aux cygnes avec Sarah"},"content":{"rendered":"<div style=\"clear: both; text-align: center;\"><\/div>\n<div style=\"clear: both; text-align: center;\"><\/div>\n<div style=\"clear: both; text-align: center;\"><\/div>\n<div style=\"clear: both; text-align: center;\"><\/div>\n<div style=\"text-align: left;\">\n<div style=\"clear: both; text-align: center;\"><\/div>\n<table style=\"margin-left: auto; margin-right: auto; text-align: center;\" cellspacing=\"0\" cellpadding=\"0\" align=\"center\">\n<tbody>\n<tr>\n<td style=\"text-align: center;\"><a style=\"margin-left: auto; margin-right: auto;\" href=\"http:\/\/4.bp.blogspot.com\/-4fPlKX-H1IM\/TgxK83wBGUI\/AAAAAAAAAQE\/B6FZAS5sdS8\/s1600\/2011-06-29_01_IleAuxCygnes.jpg\" target=\"_blank\"><img fetchpriority=\"high\" decoding=\"async\" src=\"http:\/\/4.bp.blogspot.com\/-4fPlKX-H1IM\/TgxK83wBGUI\/AAAAAAAAAQE\/B6FZAS5sdS8\/s640\/2011-06-29_01_IleAuxCygnes.jpg\" width=\"640\" height=\"294\" border=\"0\" \/><\/a><\/td>\n<\/tr>\n<tr>\n<td style=\"text-align: center;\"><span style=\"font-family: 'Trebuchet MS', sans-serif;\">Sarah &#8211; Ile aux cygnes<\/span><\/td>\n<\/tr>\n<\/tbody>\n<\/table>\n<p><span style=\"font-family: 'Trebuchet MS', sans-serif;\"><b>7h41 &#8211; <\/b><\/span><span style=\"font-family: 'Trebuchet MS', sans-serif;\">Avec Sarah qui vit pr\u00e8s de Chicago (USA), nous sommes partis du quartier Beaugrenelle, dans l&rsquo;ouest de Paris, pour rejoindre le centre jusqu&rsquo;au Louvre, \u00e0 la d\u00e9couverte de la ville, toujours pleine de surprises.\u00a0<\/span><br \/>\n<span style=\"font-family: 'Trebuchet MS', sans-serif;\">Savez-vous qu&rsquo;en plus des \u00eeles de la Cit\u00e9 et Saint-Louis,\u00a0<\/span><span style=\"font-family: 'Trebuchet MS', sans-serif;\">\u00e0 Paris,\u00a0<\/span><span style=\"font-family: 'Trebuchet MS', sans-serif;\">la Seine h\u00e9berge aussi l&rsquo;\u00eele aux cygnes, \u00eele artificielle de pr\u00e8s d&rsquo;un kilom\u00e8tre, ligne droite id\u00e9ale pour les coureurs ?<\/span><span style=\"font-family: 'Trebuchet MS', sans-serif;\"><br \/>\n<\/span><br \/>\n<span style=\"font-family: 'Trebuchet MS', sans-serif;\">En passant par les Champs-Elys\u00e9es, nous avons constat\u00e9 que les pr\u00e9paratifs de la f\u00eate nationale \u00e9taient bien avanc\u00e9s. Les gradins de la tribune pr\u00e9sidentielle, qui accueilleront le gouvernement, place de la Concorde, le 14 juillet, sont d\u00e9j\u00e0 install\u00e9s comme on peut le voir sur la photo ci-dessous.<\/span><\/p>\n<table style=\"margin-left: auto; margin-right: auto; text-align: center;\" cellspacing=\"0\" cellpadding=\"0\" align=\"center\">\n<tbody>\n<tr>\n<td style=\"text-align: center;\"><a style=\"margin-left: auto; margin-right: auto;\" href=\"http:\/\/1.bp.blogspot.com\/-75Fkz5r2FDU\/TgxRWG5iqpI\/AAAAAAAAAQI\/0y1RWbnvS30\/s1600\/2011-06-29_03_PlaceDeLaConcorde.jpg\" target=\"_blank\"><img decoding=\"async\" src=\"http:\/\/1.bp.blogspot.com\/-75Fkz5r2FDU\/TgxRWG5iqpI\/AAAAAAAAAQI\/0y1RWbnvS30\/s640\/2011-06-29_03_PlaceDeLaConcorde.jpg\" width=\"640\" height=\"400\" border=\"0\" \/><\/a><\/td>\n<\/tr>\n<tr>\n<td style=\"text-align: center;\"><span style=\"font-family: 'Trebuchet MS', sans-serif;\">Sarah &#8211; Place de la Concorde<\/span><\/td>\n<\/tr>\n<\/tbody>\n<\/table>\n<p><span style=\"font-family: 'Trebuchet MS', sans-serif;\">Si vous venez courir\u00a0<\/span><span style=\"font-family: 'Trebuchet MS', sans-serif;\">actuellement\u00a0<\/span><span style=\"font-family: 'Trebuchet MS', sans-serif;\">pr\u00e8s de la place, tr\u00e8s t\u00f4t le matin, vous pourrez voir les soldats r\u00e9p\u00e9ter le d\u00e9fil\u00e9 militaire (les rep\u00e8res d&rsquo;alignement sont d\u00e9j\u00e0 marqu\u00e9s au sol sur les Champs-Elys\u00e9es et sur la place).<\/span><br \/>\n<span style=\"font-family: 'Trebuchet MS', sans-serif;\">Les si\u00e8ges, les barri\u00e8res, install\u00e9s aux Champs-Elys\u00e9es, resserviront aussi pour la derni\u00e8re \u00e9tape du tour de France, le 24 juillet.<\/span><br \/>\n<span style=\"font-family: 'Trebuchet MS', sans-serif;\"><br \/>\n<\/span><span style=\"font-family: 'Trebuchet MS', sans-serif;\">Les Champs-Elys\u00e9es pour le d\u00e9fil\u00e9 militaire,\u00a0<\/span><span style=\"font-family: 'Trebuchet MS', sans-serif;\">les Champs-Elys\u00e9es\u00a0<\/span><span style=\"font-family: 'Trebuchet MS', sans-serif;\">pour le tour de France, oui, mais ce que nous aimons par dessus tout \u00e0\u00a0Paris Running Tour, c&rsquo;est le d\u00e9part du marathon de Paris !<\/span><\/p>\n<div style=\"clear: both; text-align: center;\"><a style=\"clear: left; float: left; margin-bottom: 1em; margin-right: 1em;\" href=\"http:\/\/1.bp.blogspot.com\/-9ugf6wwUODc\/TgxSL8-w8aI\/AAAAAAAAAQM\/86nYPW-YEdE\/s1600\/ParisMarathon_2010_Start_1.jpg\" target=\"_blank\"><img decoding=\"async\" src=\"http:\/\/1.bp.blogspot.com\/-9ugf6wwUODc\/TgxSL8-w8aI\/AAAAAAAAAQM\/86nYPW-YEdE\/s640\/ParisMarathon_2010_Start_1.jpg\" width=\"640\" height=\"426\" border=\"0\" \/><\/a><\/div>\n<p><span style=\"font-family: 'Trebuchet MS', sans-serif;\"><br \/>\n<\/span><br \/>\n<span style=\"font-family: 'Trebuchet MS', sans-serif;\">Merci Sarah !<\/span><\/div>\n<div style=\"text-align: center;\"><\/div>\n<div style=\"text-align: -webkit-auto;\"><span style=\"font-family: 'Trebuchet MS', sans-serif;\"><b>Le circuit du tour\u00a0:<\/b><\/span><\/div>\n<div style=\"clear: both; text-align: left;\"><\/div>\n<div style=\"text-align: center;\">\n<div style=\"clear: both; text-align: center;\"><\/div>\n<div style=\"clear: both; text-align: center;\"><\/div>\n<div style=\"clear: both; text-align: center;\"><\/div>\n<div style=\"text-align: left;\">\n<div style=\"clear: both; text-align: center;\"><\/div>\n<div style=\"clear: both; text-align: center;\"><\/div>\n<div style=\"clear: both; text-align: center;\"><\/div>\n<div style=\"clear: both; text-align: center;\"><a style=\"clear: left; float: left; margin-bottom: 1em; margin-right: 1em;\" href=\"http:\/\/1.bp.blogspot.com\/-2r9CP2Z_iIM\/TgxSVIkms-I\/AAAAAAAAAQQ\/VOp-8vYYbsc\/s1600\/Paris+Running+Tour+-+Running+28-06-2011-image.jpg\" target=\"_blank\"><img loading=\"lazy\" decoding=\"async\" src=\"http:\/\/1.bp.blogspot.com\/-2r9CP2Z_iIM\/TgxSVIkms-I\/AAAAAAAAAQQ\/VOp-8vYYbsc\/s640\/Paris+Running+Tour+-+Running+28-06-2011-image.jpg\" width=\"640\" height=\"302\" border=\"0\" \/><\/a><\/div>\n<p><span style=\"font-family: 'Trebuchet MS', sans-serif;\"><b><br \/>\n<\/b><\/span><\/div>\n<\/div>\n<div style=\"clear: both; text-align: center;\"><\/div>\n<div style=\"clear: both; text-align: left;\"><\/div>\n<div style=\"clear: both; text-align: left;\"><\/div>\n<div style=\"text-align: left;\"><\/div>\n","protected":false},"excerpt":{"rendered":"<p>Sarah &#8211; Ile aux cygnes 7h41 &#8211; Avec Sarah qui vit pr\u00e8s de Chicago (USA), nous sommes partis du quartier Beaugrenelle, dans l&rsquo;ouest de Paris, pour rejoindre le centre jusqu&rsquo;au Louvre, \u00e0 la d\u00e9couverte de la ville, toujours pleine de surprises.\u00a0 Savez-vous qu&rsquo;en plus des \u00eeles de la Cit\u00e9 et Saint-Louis,\u00a0\u00e0 Paris,\u00a0la Seine h\u00e9berge aussi l&rsquo;\u00eele aux cygnes, \u00eele artificielle de pr\u00e8s d&rsquo;un kilom\u00e8tre, ligne droite id\u00e9ale pour les coureurs ? En passant par les Champs-Elys\u00e9es, nous avons constat\u00e9 que les pr\u00e9paratifs de la f\u00eate nationale \u00e9taient bien avanc\u00e9s. Les gradins de la tribune pr\u00e9sidentielle, qui accueilleront le gouvernement, place de la Concorde, le 14 juillet, sont d\u00e9j\u00e0 install\u00e9s comme on peut le voir sur la photo ci-dessous. Sarah &#8211; Place de la Concorde Si vous venez courir\u00a0actuellement\u00a0pr\u00e8s de la place, tr\u00e8s t\u00f4t le matin, vous pourrez voir les soldats r\u00e9p\u00e9ter le d\u00e9fil\u00e9 militaire (les rep\u00e8res d&rsquo;alignement sont d\u00e9j\u00e0 marqu\u00e9s au sol sur les Champs-Elys\u00e9es et sur la place). Les si\u00e8ges, les barri\u00e8res, install\u00e9s aux Champs-Elys\u00e9es, resserviront aussi pour la derni\u00e8re \u00e9tape du tour de France, le 24 juillet. Les Champs-Elys\u00e9es pour le d\u00e9fil\u00e9 militaire,\u00a0les Champs-Elys\u00e9es\u00a0pour le tour de France, oui, mais ce que nous aimons par dessus tout \u00e0\u00a0Paris Running Tour, c&rsquo;est le d\u00e9part du marathon de Paris ! Merci Sarah ! Le circuit du tour\u00a0:<\/p>\n","protected":false},"author":1,"featured_media":1414,"comment_status":"open","ping_status":"open","sticky":false,"template":"","format":"standard","meta":{"footnotes":""},"categories":[34,26,23,104],"tags":[],"class_list":["post-141","post","type-post","status-publish","format-standard","has-post-thumbnail","hentry","category-champs-elysees","category-competition","category-concorde-place-de-la","category-ile-aux-cygnes"],"yoast_head":"<!-- This site is optimized with the Yoast SEO plugin v27.5 - https:\/\/yoast.com\/product\/yoast-seo-wordpress\/ -->\n<title>Sur l&#039;\u00eele aux cygnes avec Sarah | Paris Running Tours<\/title>\n<meta name=\"robots\" content=\"noindex, follow, max-snippet:-1, max-image-preview:large, max-video-preview:-1\" \/>\n<meta property=\"og:locale\" content=\"fr_FR\" \/>\n<meta property=\"og:type\" content=\"article\" \/>\n<meta property=\"og:title\" content=\"Sur l&#039;\u00eele aux cygnes avec Sarah | Paris Running Tours\" \/>\n<meta property=\"og:description\" content=\"Sarah &#8211; Ile aux cygnes 7h41 &#8211; Avec Sarah qui vit pr\u00e8s de Chicago (USA), nous sommes partis du quartier Beaugrenelle, dans l&rsquo;ouest de Paris, pour rejoindre le centre jusqu&rsquo;au Louvre, \u00e0 la d\u00e9couverte de la ville, toujours pleine de surprises.\u00a0 Savez-vous qu&rsquo;en plus des \u00eeles de la Cit\u00e9 et Saint-Louis,\u00a0\u00e0 Paris,\u00a0la Seine h\u00e9berge aussi l&rsquo;\u00eele aux cygnes, \u00eele artificielle de pr\u00e8s d&rsquo;un kilom\u00e8tre, ligne droite id\u00e9ale pour les coureurs ? En passant par les Champs-Elys\u00e9es, nous avons constat\u00e9 que les pr\u00e9paratifs de la f\u00eate nationale \u00e9taient bien avanc\u00e9s. Les gradins de la tribune pr\u00e9sidentielle, qui accueilleront le gouvernement, place de la Concorde, le 14 juillet, sont d\u00e9j\u00e0 install\u00e9s comme on peut le voir sur la photo ci-dessous. Sarah &#8211; Place de la Concorde Si vous venez courir\u00a0actuellement\u00a0pr\u00e8s de la place, tr\u00e8s t\u00f4t le matin, vous pourrez voir les soldats r\u00e9p\u00e9ter le d\u00e9fil\u00e9 militaire (les rep\u00e8res d&rsquo;alignement sont d\u00e9j\u00e0 marqu\u00e9s au sol sur les Champs-Elys\u00e9es et sur la place). Les si\u00e8ges, les barri\u00e8res, install\u00e9s aux Champs-Elys\u00e9es, resserviront aussi pour la derni\u00e8re \u00e9tape du tour de France, le 24 juillet. Les Champs-Elys\u00e9es pour le d\u00e9fil\u00e9 militaire,\u00a0les Champs-Elys\u00e9es\u00a0pour le tour de France, oui, mais ce que nous aimons par dessus tout \u00e0\u00a0Paris Running Tour, c&rsquo;est le d\u00e9part du marathon de Paris ! Merci Sarah ! Le circuit du tour\u00a0:\" \/>\n<meta property=\"og:url\" content=\"https:\/\/test-parisrunningtour.laurieassemat.com\/fr\/sur-lile-aux-cygnes-avec-sarah\/\" \/>\n<meta property=\"og:site_name\" content=\"Paris Running Tours\" \/>\n<meta property=\"article:published_time\" content=\"2011-06-29T05:41:00+00:00\" \/>\n<meta property=\"article:modified_time\" content=\"2017-01-16T16:13:06+00:00\" \/>\n<meta property=\"og:image\" content=\"https:\/\/test-parisrunningtour.laurieassemat.com\/fr\/wp-content\/uploads\/sites\/1\/2011\/06\/PRT2011-06-29_01_IleAuxCygnes.jpg\" \/>\n\t<meta property=\"og:image:width\" content=\"977\" \/>\n\t<meta property=\"og:image:height\" content=\"979\" \/>\n\t<meta property=\"og:image:type\" content=\"image\/jpeg\" \/>\n<meta name=\"author\" content=\"Admin\" \/>\n<meta name=\"twitter:card\" content=\"summary_large_image\" \/>\n<meta name=\"twitter:label1\" content=\"\u00c9crit par\" \/>\n\t<meta name=\"twitter:data1\" content=\"Admin\" \/>\n\t<meta name=\"twitter:label2\" content=\"Dur\u00e9e de lecture estim\u00e9e\" \/>\n\t<meta name=\"twitter:data2\" content=\"1 minute\" \/>\n<script type=\"application\/ld+json\" class=\"yoast-schema-graph\">{\"@context\":\"https:\\\/\\\/schema.org\",\"@graph\":[{\"@type\":\"Article\",\"@id\":\"https:\\\/\\\/test-parisrunningtour.laurieassemat.com\\\/fr\\\/sur-lile-aux-cygnes-avec-sarah\\\/#article\",\"isPartOf\":{\"@id\":\"https:\\\/\\\/test-parisrunningtour.laurieassemat.com\\\/fr\\\/sur-lile-aux-cygnes-avec-sarah\\\/\"},\"author\":{\"name\":\"Admin\",\"@id\":\"https:\\\/\\\/test-parisrunningtour.laurieassemat.com\\\/fr\\\/#\\\/schema\\\/person\\\/75f0dc3c395ae2b4e14e29aff8f6a5af\"},\"headline\":\"Sur l&rsquo;\u00eele aux cygnes avec Sarah\",\"datePublished\":\"2011-06-29T05:41:00+00:00\",\"dateModified\":\"2017-01-16T16:13:06+00:00\",\"mainEntityOfPage\":{\"@id\":\"https:\\\/\\\/test-parisrunningtour.laurieassemat.com\\\/fr\\\/sur-lile-aux-cygnes-avec-sarah\\\/\"},\"wordCount\":262,\"commentCount\":0,\"publisher\":{\"@id\":\"https:\\\/\\\/test-parisrunningtour.laurieassemat.com\\\/fr\\\/#organization\"},\"image\":{\"@id\":\"https:\\\/\\\/test-parisrunningtour.laurieassemat.com\\\/fr\\\/sur-lile-aux-cygnes-avec-sarah\\\/#primaryimage\"},\"thumbnailUrl\":\"https:\\\/\\\/test-parisrunningtour.laurieassemat.com\\\/fr\\\/wp-content\\\/uploads\\\/sites\\\/1\\\/2011\\\/06\\\/PRT2011-06-29_01_IleAuxCygnes.jpg\",\"articleSection\":[\"Champs-Elys\u00e9es\",\"Comp\u00e9tition\",\"Concorde (Place de la)\",\"Ile aux Cygnes\"],\"inLanguage\":\"fr-FR\",\"potentialAction\":[{\"@type\":\"CommentAction\",\"name\":\"Comment\",\"target\":[\"https:\\\/\\\/test-parisrunningtour.laurieassemat.com\\\/fr\\\/sur-lile-aux-cygnes-avec-sarah\\\/#respond\"]}]},{\"@type\":\"WebPage\",\"@id\":\"https:\\\/\\\/test-parisrunningtour.laurieassemat.com\\\/fr\\\/sur-lile-aux-cygnes-avec-sarah\\\/\",\"url\":\"https:\\\/\\\/test-parisrunningtour.laurieassemat.com\\\/fr\\\/sur-lile-aux-cygnes-avec-sarah\\\/\",\"name\":\"Sur l'\u00eele aux cygnes avec Sarah | Paris Running Tours\",\"isPartOf\":{\"@id\":\"https:\\\/\\\/test-parisrunningtour.laurieassemat.com\\\/fr\\\/#website\"},\"primaryImageOfPage\":{\"@id\":\"https:\\\/\\\/test-parisrunningtour.laurieassemat.com\\\/fr\\\/sur-lile-aux-cygnes-avec-sarah\\\/#primaryimage\"},\"image\":{\"@id\":\"https:\\\/\\\/test-parisrunningtour.laurieassemat.com\\\/fr\\\/sur-lile-aux-cygnes-avec-sarah\\\/#primaryimage\"},\"thumbnailUrl\":\"https:\\\/\\\/test-parisrunningtour.laurieassemat.com\\\/fr\\\/wp-content\\\/uploads\\\/sites\\\/1\\\/2011\\\/06\\\/PRT2011-06-29_01_IleAuxCygnes.jpg\",\"datePublished\":\"2011-06-29T05:41:00+00:00\",\"dateModified\":\"2017-01-16T16:13:06+00:00\",\"breadcrumb\":{\"@id\":\"https:\\\/\\\/test-parisrunningtour.laurieassemat.com\\\/fr\\\/sur-lile-aux-cygnes-avec-sarah\\\/#breadcrumb\"},\"inLanguage\":\"fr-FR\",\"potentialAction\":[{\"@type\":\"ReadAction\",\"target\":[\"https:\\\/\\\/test-parisrunningtour.laurieassemat.com\\\/fr\\\/sur-lile-aux-cygnes-avec-sarah\\\/\"]}]},{\"@type\":\"ImageObject\",\"inLanguage\":\"fr-FR\",\"@id\":\"https:\\\/\\\/test-parisrunningtour.laurieassemat.com\\\/fr\\\/sur-lile-aux-cygnes-avec-sarah\\\/#primaryimage\",\"url\":\"https:\\\/\\\/test-parisrunningtour.laurieassemat.com\\\/fr\\\/wp-content\\\/uploads\\\/sites\\\/1\\\/2011\\\/06\\\/PRT2011-06-29_01_IleAuxCygnes.jpg\",\"contentUrl\":\"https:\\\/\\\/test-parisrunningtour.laurieassemat.com\\\/fr\\\/wp-content\\\/uploads\\\/sites\\\/1\\\/2011\\\/06\\\/PRT2011-06-29_01_IleAuxCygnes.jpg\",\"width\":977,\"height\":979},{\"@type\":\"BreadcrumbList\",\"@id\":\"https:\\\/\\\/test-parisrunningtour.laurieassemat.com\\\/fr\\\/sur-lile-aux-cygnes-avec-sarah\\\/#breadcrumb\",\"itemListElement\":[{\"@type\":\"ListItem\",\"position\":1,\"name\":\"Accueil\",\"item\":\"https:\\\/\\\/test-parisrunningtour.laurieassemat.com\\\/fr\\\/\"},{\"@type\":\"ListItem\",\"position\":2,\"name\":\"Sur l&rsquo;\u00eele aux cygnes avec Sarah\"}]},{\"@type\":\"WebSite\",\"@id\":\"https:\\\/\\\/test-parisrunningtour.laurieassemat.com\\\/fr\\\/#website\",\"url\":\"https:\\\/\\\/test-parisrunningtour.laurieassemat.com\\\/fr\\\/\",\"name\":\"Paris Running Tours\",\"description\":\"D\u00e9couvrir Paris en courant\",\"publisher\":{\"@id\":\"https:\\\/\\\/test-parisrunningtour.laurieassemat.com\\\/fr\\\/#organization\"},\"potentialAction\":[{\"@type\":\"SearchAction\",\"target\":{\"@type\":\"EntryPoint\",\"urlTemplate\":\"https:\\\/\\\/test-parisrunningtour.laurieassemat.com\\\/fr\\\/?s={search_term_string}\"},\"query-input\":{\"@type\":\"PropertyValueSpecification\",\"valueRequired\":true,\"valueName\":\"search_term_string\"}}],\"inLanguage\":\"fr-FR\"},{\"@type\":\"Organization\",\"@id\":\"https:\\\/\\\/test-parisrunningtour.laurieassemat.com\\\/fr\\\/#organization\",\"name\":\"Paris Running Tours\",\"url\":\"https:\\\/\\\/test-parisrunningtour.laurieassemat.com\\\/fr\\\/\",\"logo\":{\"@type\":\"ImageObject\",\"inLanguage\":\"fr-FR\",\"@id\":\"https:\\\/\\\/test-parisrunningtour.laurieassemat.com\\\/fr\\\/#\\\/schema\\\/logo\\\/image\\\/\",\"url\":\"https:\\\/\\\/test-parisrunningtour.laurieassemat.com\\\/fr\\\/wp-content\\\/uploads\\\/sites\\\/1\\\/2016\\\/12\\\/cropped-faviconPRT.png\",\"contentUrl\":\"https:\\\/\\\/test-parisrunningtour.laurieassemat.com\\\/fr\\\/wp-content\\\/uploads\\\/sites\\\/1\\\/2016\\\/12\\\/cropped-faviconPRT.png\",\"width\":512,\"height\":512,\"caption\":\"Paris Running Tours\"},\"image\":{\"@id\":\"https:\\\/\\\/test-parisrunningtour.laurieassemat.com\\\/fr\\\/#\\\/schema\\\/logo\\\/image\\\/\"}},{\"@type\":\"Person\",\"@id\":\"https:\\\/\\\/test-parisrunningtour.laurieassemat.com\\\/fr\\\/#\\\/schema\\\/person\\\/75f0dc3c395ae2b4e14e29aff8f6a5af\",\"name\":\"Admin\",\"image\":{\"@type\":\"ImageObject\",\"inLanguage\":\"fr-FR\",\"@id\":\"https:\\\/\\\/secure.gravatar.com\\\/avatar\\\/2980d1c79775d028873614111fac5ea2906175b9eba90c2fe773d875d19902e0?s=96&d=mm&r=g\",\"url\":\"https:\\\/\\\/secure.gravatar.com\\\/avatar\\\/2980d1c79775d028873614111fac5ea2906175b9eba90c2fe773d875d19902e0?s=96&d=mm&r=g\",\"contentUrl\":\"https:\\\/\\\/secure.gravatar.com\\\/avatar\\\/2980d1c79775d028873614111fac5ea2906175b9eba90c2fe773d875d19902e0?s=96&d=mm&r=g\",\"caption\":\"Admin\"},\"sameAs\":[\"https:\\\/\\\/www.parisrunningtour.com\"]}]}<\/script>\n<!-- \/ Yoast SEO plugin. -->","yoast_head_json":{"title":"Sur l'\u00eele aux cygnes avec Sarah | Paris Running Tours","robots":{"index":"noindex","follow":"follow","max-snippet":"max-snippet:-1","max-image-preview":"max-image-preview:large","max-video-preview":"max-video-preview:-1"},"og_locale":"fr_FR","og_type":"article","og_title":"Sur l'\u00eele aux cygnes avec Sarah | Paris Running Tours","og_description":"Sarah &#8211; Ile aux cygnes 7h41 &#8211; Avec Sarah qui vit pr\u00e8s de Chicago (USA), nous sommes partis du quartier Beaugrenelle, dans l&rsquo;ouest de Paris, pour rejoindre le centre jusqu&rsquo;au Louvre, \u00e0 la d\u00e9couverte de la ville, toujours pleine de surprises.\u00a0 Savez-vous qu&rsquo;en plus des \u00eeles de la Cit\u00e9 et Saint-Louis,\u00a0\u00e0 Paris,\u00a0la Seine h\u00e9berge aussi l&rsquo;\u00eele aux cygnes, \u00eele artificielle de pr\u00e8s d&rsquo;un kilom\u00e8tre, ligne droite id\u00e9ale pour les coureurs ? En passant par les Champs-Elys\u00e9es, nous avons constat\u00e9 que les pr\u00e9paratifs de la f\u00eate nationale \u00e9taient bien avanc\u00e9s. Les gradins de la tribune pr\u00e9sidentielle, qui accueilleront le gouvernement, place de la Concorde, le 14 juillet, sont d\u00e9j\u00e0 install\u00e9s comme on peut le voir sur la photo ci-dessous. Sarah &#8211; Place de la Concorde Si vous venez courir\u00a0actuellement\u00a0pr\u00e8s de la place, tr\u00e8s t\u00f4t le matin, vous pourrez voir les soldats r\u00e9p\u00e9ter le d\u00e9fil\u00e9 militaire (les rep\u00e8res d&rsquo;alignement sont d\u00e9j\u00e0 marqu\u00e9s au sol sur les Champs-Elys\u00e9es et sur la place). Les si\u00e8ges, les barri\u00e8res, install\u00e9s aux Champs-Elys\u00e9es, resserviront aussi pour la derni\u00e8re \u00e9tape du tour de France, le 24 juillet. Les Champs-Elys\u00e9es pour le d\u00e9fil\u00e9 militaire,\u00a0les Champs-Elys\u00e9es\u00a0pour le tour de France, oui, mais ce que nous aimons par dessus tout \u00e0\u00a0Paris Running Tour, c&rsquo;est le d\u00e9part du marathon de Paris ! Merci Sarah ! Le circuit du tour\u00a0:","og_url":"https:\/\/test-parisrunningtour.laurieassemat.com\/fr\/sur-lile-aux-cygnes-avec-sarah\/","og_site_name":"Paris Running Tours","article_published_time":"2011-06-29T05:41:00+00:00","article_modified_time":"2017-01-16T16:13:06+00:00","og_image":[{"width":977,"height":979,"url":"https:\/\/test-parisrunningtour.laurieassemat.com\/fr\/wp-content\/uploads\/sites\/1\/2011\/06\/PRT2011-06-29_01_IleAuxCygnes.jpg","type":"image\/jpeg"}],"author":"Admin","twitter_card":"summary_large_image","twitter_misc":{"\u00c9crit par":"Admin","Dur\u00e9e de lecture estim\u00e9e":"1 minute"},"schema":{"@context":"https:\/\/schema.org","@graph":[{"@type":"Article","@id":"https:\/\/test-parisrunningtour.laurieassemat.com\/fr\/sur-lile-aux-cygnes-avec-sarah\/#article","isPartOf":{"@id":"https:\/\/test-parisrunningtour.laurieassemat.com\/fr\/sur-lile-aux-cygnes-avec-sarah\/"},"author":{"name":"Admin","@id":"https:\/\/test-parisrunningtour.laurieassemat.com\/fr\/#\/schema\/person\/75f0dc3c395ae2b4e14e29aff8f6a5af"},"headline":"Sur l&rsquo;\u00eele aux cygnes avec Sarah","datePublished":"2011-06-29T05:41:00+00:00","dateModified":"2017-01-16T16:13:06+00:00","mainEntityOfPage":{"@id":"https:\/\/test-parisrunningtour.laurieassemat.com\/fr\/sur-lile-aux-cygnes-avec-sarah\/"},"wordCount":262,"commentCount":0,"publisher":{"@id":"https:\/\/test-parisrunningtour.laurieassemat.com\/fr\/#organization"},"image":{"@id":"https:\/\/test-parisrunningtour.laurieassemat.com\/fr\/sur-lile-aux-cygnes-avec-sarah\/#primaryimage"},"thumbnailUrl":"https:\/\/test-parisrunningtour.laurieassemat.com\/fr\/wp-content\/uploads\/sites\/1\/2011\/06\/PRT2011-06-29_01_IleAuxCygnes.jpg","articleSection":["Champs-Elys\u00e9es","Comp\u00e9tition","Concorde (Place de la)","Ile aux Cygnes"],"inLanguage":"fr-FR","potentialAction":[{"@type":"CommentAction","name":"Comment","target":["https:\/\/test-parisrunningtour.laurieassemat.com\/fr\/sur-lile-aux-cygnes-avec-sarah\/#respond"]}]},{"@type":"WebPage","@id":"https:\/\/test-parisrunningtour.laurieassemat.com\/fr\/sur-lile-aux-cygnes-avec-sarah\/","url":"https:\/\/test-parisrunningtour.laurieassemat.com\/fr\/sur-lile-aux-cygnes-avec-sarah\/","name":"Sur l'\u00eele aux cygnes avec Sarah | Paris Running Tours","isPartOf":{"@id":"https:\/\/test-parisrunningtour.laurieassemat.com\/fr\/#website"},"primaryImageOfPage":{"@id":"https:\/\/test-parisrunningtour.laurieassemat.com\/fr\/sur-lile-aux-cygnes-avec-sarah\/#primaryimage"},"image":{"@id":"https:\/\/test-parisrunningtour.laurieassemat.com\/fr\/sur-lile-aux-cygnes-avec-sarah\/#primaryimage"},"thumbnailUrl":"https:\/\/test-parisrunningtour.laurieassemat.com\/fr\/wp-content\/uploads\/sites\/1\/2011\/06\/PRT2011-06-29_01_IleAuxCygnes.jpg","datePublished":"2011-06-29T05:41:00+00:00","dateModified":"2017-01-16T16:13:06+00:00","breadcrumb":{"@id":"https:\/\/test-parisrunningtour.laurieassemat.com\/fr\/sur-lile-aux-cygnes-avec-sarah\/#breadcrumb"},"inLanguage":"fr-FR","potentialAction":[{"@type":"ReadAction","target":["https:\/\/test-parisrunningtour.laurieassemat.com\/fr\/sur-lile-aux-cygnes-avec-sarah\/"]}]},{"@type":"ImageObject","inLanguage":"fr-FR","@id":"https:\/\/test-parisrunningtour.laurieassemat.com\/fr\/sur-lile-aux-cygnes-avec-sarah\/#primaryimage","url":"https:\/\/test-parisrunningtour.laurieassemat.com\/fr\/wp-content\/uploads\/sites\/1\/2011\/06\/PRT2011-06-29_01_IleAuxCygnes.jpg","contentUrl":"https:\/\/test-parisrunningtour.laurieassemat.com\/fr\/wp-content\/uploads\/sites\/1\/2011\/06\/PRT2011-06-29_01_IleAuxCygnes.jpg","width":977,"height":979},{"@type":"BreadcrumbList","@id":"https:\/\/test-parisrunningtour.laurieassemat.com\/fr\/sur-lile-aux-cygnes-avec-sarah\/#breadcrumb","itemListElement":[{"@type":"ListItem","position":1,"name":"Accueil","item":"https:\/\/test-parisrunningtour.laurieassemat.com\/fr\/"},{"@type":"ListItem","position":2,"name":"Sur l&rsquo;\u00eele aux cygnes avec Sarah"}]},{"@type":"WebSite","@id":"https:\/\/test-parisrunningtour.laurieassemat.com\/fr\/#website","url":"https:\/\/test-parisrunningtour.laurieassemat.com\/fr\/","name":"Paris Running Tours","description":"D\u00e9couvrir Paris en courant","publisher":{"@id":"https:\/\/test-parisrunningtour.laurieassemat.com\/fr\/#organization"},"potentialAction":[{"@type":"SearchAction","target":{"@type":"EntryPoint","urlTemplate":"https:\/\/test-parisrunningtour.laurieassemat.com\/fr\/?s={search_term_string}"},"query-input":{"@type":"PropertyValueSpecification","valueRequired":true,"valueName":"search_term_string"}}],"inLanguage":"fr-FR"},{"@type":"Organization","@id":"https:\/\/test-parisrunningtour.laurieassemat.com\/fr\/#organization","name":"Paris Running Tours","url":"https:\/\/test-parisrunningtour.laurieassemat.com\/fr\/","logo":{"@type":"ImageObject","inLanguage":"fr-FR","@id":"https:\/\/test-parisrunningtour.laurieassemat.com\/fr\/#\/schema\/logo\/image\/","url":"https:\/\/test-parisrunningtour.laurieassemat.com\/fr\/wp-content\/uploads\/sites\/1\/2016\/12\/cropped-faviconPRT.png","contentUrl":"https:\/\/test-parisrunningtour.laurieassemat.com\/fr\/wp-content\/uploads\/sites\/1\/2016\/12\/cropped-faviconPRT.png","width":512,"height":512,"caption":"Paris Running Tours"},"image":{"@id":"https:\/\/test-parisrunningtour.laurieassemat.com\/fr\/#\/schema\/logo\/image\/"}},{"@type":"Person","@id":"https:\/\/test-parisrunningtour.laurieassemat.com\/fr\/#\/schema\/person\/75f0dc3c395ae2b4e14e29aff8f6a5af","name":"Admin","image":{"@type":"ImageObject","inLanguage":"fr-FR","@id":"https:\/\/secure.gravatar.com\/avatar\/2980d1c79775d028873614111fac5ea2906175b9eba90c2fe773d875d19902e0?s=96&d=mm&r=g","url":"https:\/\/secure.gravatar.com\/avatar\/2980d1c79775d028873614111fac5ea2906175b9eba90c2fe773d875d19902e0?s=96&d=mm&r=g","contentUrl":"https:\/\/secure.gravatar.com\/avatar\/2980d1c79775d028873614111fac5ea2906175b9eba90c2fe773d875d19902e0?s=96&d=mm&r=g","caption":"Admin"},"sameAs":["https:\/\/www.parisrunningtour.com"]}]}},"_links":{"self":[{"href":"https:\/\/test-parisrunningtour.laurieassemat.com\/fr\/wp-json\/wp\/v2\/posts\/141","targetHints":{"allow":["GET"]}}],"collection":[{"href":"https:\/\/test-parisrunningtour.laurieassemat.com\/fr\/wp-json\/wp\/v2\/posts"}],"about":[{"href":"https:\/\/test-parisrunningtour.laurieassemat.com\/fr\/wp-json\/wp\/v2\/types\/post"}],"author":[{"embeddable":true,"href":"https:\/\/test-parisrunningtour.laurieassemat.com\/fr\/wp-json\/wp\/v2\/users\/1"}],"replies":[{"embeddable":true,"href":"https:\/\/test-parisrunningtour.laurieassemat.com\/fr\/wp-json\/wp\/v2\/comments?post=141"}],"version-history":[{"count":1,"href":"https:\/\/test-parisrunningtour.laurieassemat.com\/fr\/wp-json\/wp\/v2\/posts\/141\/revisions"}],"predecessor-version":[{"id":1415,"href":"https:\/\/test-parisrunningtour.laurieassemat.com\/fr\/wp-json\/wp\/v2\/posts\/141\/revisions\/1415"}],"wp:featuredmedia":[{"embeddable":true,"href":"https:\/\/test-parisrunningtour.laurieassemat.com\/fr\/wp-json\/wp\/v2\/media\/1414"}],"wp:attachment":[{"href":"https:\/\/test-parisrunningtour.laurieassemat.com\/fr\/wp-json\/wp\/v2\/media?parent=141"}],"wp:term":[{"taxonomy":"category","embeddable":true,"href":"https:\/\/test-parisrunningtour.laurieassemat.com\/fr\/wp-json\/wp\/v2\/categories?post=141"},{"taxonomy":"post_tag","embeddable":true,"href":"https:\/\/test-parisrunningtour.laurieassemat.com\/fr\/wp-json\/wp\/v2\/tags?post=141"}],"curies":[{"name":"wp","href":"https:\/\/api.w.org\/{rel}","templated":true}]}}