{"id":148,"date":"2011-04-22T19:00:00","date_gmt":"2011-04-22T17:00:00","guid":{"rendered":"http:\/\/runningtour.paris\/blog\/2011\/04\/22\/nouvelles-de-lart-et-de-la-culture-a-paris-paris-au-temps-des-impressionnistes\/"},"modified":"2017-01-16T17:24:59","modified_gmt":"2017-01-16T16:24:59","slug":"nouvelles-de-lart-et-de-la-culture-a-paris-paris-au-temps-des-impressionnistes","status":"publish","type":"post","link":"https:\/\/test-parisrunningtour.laurieassemat.com\/fr\/nouvelles-de-lart-et-de-la-culture-a-paris-paris-au-temps-des-impressionnistes\/","title":{"rendered":"Nouvelles de l&rsquo;art et de la culture \u00e0 Paris : Paris au temps des Impressionnistes"},"content":{"rendered":"<div>\n<table style=\"font-family: 'Trebuchet MS', sans-serif; margin-left: auto; margin-right: auto; text-align: center;\" cellspacing=\"0\" cellpadding=\"0\" align=\"center\">\n<tbody>\n<tr>\n<td style=\"text-align: center;\"><a style=\"margin-left: auto; margin-right: auto;\" href=\"http:\/\/3.bp.blogspot.com\/-Sx6VrpD1I5o\/TbG53LJ5fLI\/AAAAAAAAANY\/1gTA--hqon8\/s1600\/Blog_ExpoImpressionnistesMairie.jpg\" target=\"_blank\"><img fetchpriority=\"high\" decoding=\"async\" src=\"http:\/\/3.bp.blogspot.com\/-Sx6VrpD1I5o\/TbG53LJ5fLI\/AAAAAAAAANY\/1gTA--hqon8\/s640\/Blog_ExpoImpressionnistesMairie.jpg\" width=\"640\" height=\"292\" border=\"0\" \/><\/a><\/td>\n<\/tr>\n<tr>\n<td style=\"text-align: center;\">Exposition Paris au temps des impressionnistes &#8211; Mairie de Paris<\/td>\n<\/tr>\n<\/tbody>\n<\/table>\n<p><span style=\"font-family: 'Trebuchet MS', sans-serif;\">Un mois d&rsquo;avril\u00a0particuli\u00e8rement agr\u00e9able pour courir \u00e0 Paris&#8230; Profitez-en de bon matin pour appr\u00e9cier la belle lumi\u00e8re qui va envahir la ville&#8230; et aussi un peu du reste de la fra\u00eecheur nocturne.<\/span><br \/>\n<span style=\"font-family: 'Trebuchet MS', sans-serif;\">De nouvelles expositions fleurissent un peu partout dans la ville. Ne manquez pas \u00ab\u00a0Paris au temps des Impressionnistes\u00a0\u00bb, exposition gratuite \u00e0 la Mairie de Paris.<\/span><br \/>\n<span style=\"font-family: 'Trebuchet MS', sans-serif;\">De nombreux chefs-d&rsquo;oeuvre du Mus\u00e9e d&rsquo;Orsay y sont regroup\u00e9s sous le th\u00e8me de Paris au temps des impressionnistes. Ces peintres ont accompagn\u00e9 les profonds changements de Paris au 19\u00e8 si\u00e8cle. Vous y d\u00e9couvrirez comment la ville, ses rues, l&rsquo;architecture de ses immeubles furent compl\u00e8tement transform\u00e9s.<\/span><br \/>\n<span style=\"font-family: 'Trebuchet MS', sans-serif;\">Nous vous recommandons cette <a href=\"http:\/\/www.paris.fr\/accueil\/accueil-paris-fr\/les-impressionnistes-a-l-hotel-de-ville\/rub_1_actu_96746_port_24329\" target=\"_blank\">exposition<\/a>, elle dure jusqu&rsquo;au 30 juillet 2011.<\/span><\/p>\n<p><span style=\"font-family: 'Trebuchet MS', sans-serif;\">Et pourquoi ne pas compl\u00e9ter vos visites culturelles par un parcours sportif de la cit\u00e9 avec Paris Running Tour et profiter \u00ab\u00a0dynamiquement\u00a0\u00bb de nos commentaires sur Paris, son histoire et sa culture ?<\/span><\/div>\n","protected":false},"excerpt":{"rendered":"<p>Exposition Paris au temps des impressionnistes &#8211; Mairie de Paris Un mois d&rsquo;avril\u00a0particuli\u00e8rement agr\u00e9able pour courir \u00e0 Paris&#8230; Profitez-en de bon matin pour appr\u00e9cier la belle lumi\u00e8re qui va envahir la ville&#8230; et aussi un peu du reste de la fra\u00eecheur nocturne. De nouvelles expositions fleurissent un peu partout dans la ville. Ne manquez pas \u00ab\u00a0Paris au temps des Impressionnistes\u00a0\u00bb, exposition gratuite \u00e0 la Mairie de Paris. De nombreux chefs-d&rsquo;oeuvre du Mus\u00e9e d&rsquo;Orsay y sont regroup\u00e9s sous le th\u00e8me de Paris au temps des impressionnistes. Ces peintres ont accompagn\u00e9 les profonds changements de Paris au 19\u00e8 si\u00e8cle. Vous y d\u00e9couvrirez comment la ville, ses rues, l&rsquo;architecture de ses immeubles furent compl\u00e8tement transform\u00e9s. Nous vous recommandons cette exposition, elle dure jusqu&rsquo;au 30 juillet 2011. Et pourquoi ne pas compl\u00e9ter vos visites culturelles par un parcours sportif de la cit\u00e9 avec Paris Running Tour et profiter \u00ab\u00a0dynamiquement\u00a0\u00bb de nos commentaires sur Paris, son histoire et sa culture ?<\/p>\n","protected":false},"author":1,"featured_media":1428,"comment_status":"open","ping_status":"open","sticky":false,"template":"","format":"standard","meta":{"footnotes":""},"categories":[30],"tags":[],"class_list":["post-148","post","type-post","status-publish","format-standard","has-post-thumbnail","hentry","category-hotel-de-ville"],"yoast_head":"<!-- This site is optimized with the Yoast SEO plugin v27.5 - https:\/\/yoast.com\/product\/yoast-seo-wordpress\/ -->\n<title>Nouvelles de l&#039;art et de la culture \u00e0 Paris : Paris au temps des Impressionnistes | Paris Running Tours<\/title>\n<meta name=\"robots\" content=\"noindex, follow, max-snippet:-1, max-image-preview:large, max-video-preview:-1\" \/>\n<meta property=\"og:locale\" content=\"fr_FR\" \/>\n<meta property=\"og:type\" content=\"article\" \/>\n<meta property=\"og:title\" content=\"Nouvelles de l&#039;art et de la culture \u00e0 Paris : Paris au temps des Impressionnistes | Paris Running Tours\" \/>\n<meta property=\"og:description\" content=\"Exposition Paris au temps des impressionnistes &#8211; Mairie de Paris Un mois d&rsquo;avril\u00a0particuli\u00e8rement agr\u00e9able pour courir \u00e0 Paris&#8230; Profitez-en de bon matin pour appr\u00e9cier la belle lumi\u00e8re qui va envahir la ville&#8230; et aussi un peu du reste de la fra\u00eecheur nocturne. De nouvelles expositions fleurissent un peu partout dans la ville. Ne manquez pas \u00ab\u00a0Paris au temps des Impressionnistes\u00a0\u00bb, exposition gratuite \u00e0 la Mairie de Paris. De nombreux chefs-d&rsquo;oeuvre du Mus\u00e9e d&rsquo;Orsay y sont regroup\u00e9s sous le th\u00e8me de Paris au temps des impressionnistes. Ces peintres ont accompagn\u00e9 les profonds changements de Paris au 19\u00e8 si\u00e8cle. Vous y d\u00e9couvrirez comment la ville, ses rues, l&rsquo;architecture de ses immeubles furent compl\u00e8tement transform\u00e9s. Nous vous recommandons cette exposition, elle dure jusqu&rsquo;au 30 juillet 2011. Et pourquoi ne pas compl\u00e9ter vos visites culturelles par un parcours sportif de la cit\u00e9 avec Paris Running Tour et profiter \u00ab\u00a0dynamiquement\u00a0\u00bb de nos commentaires sur Paris, son histoire et sa culture ?\" \/>\n<meta property=\"og:url\" content=\"https:\/\/test-parisrunningtour.laurieassemat.com\/fr\/nouvelles-de-lart-et-de-la-culture-a-paris-paris-au-temps-des-impressionnistes\/\" \/>\n<meta property=\"og:site_name\" content=\"Paris Running Tours\" \/>\n<meta property=\"article:published_time\" content=\"2011-04-22T17:00:00+00:00\" \/>\n<meta property=\"article:modified_time\" content=\"2017-01-16T16:24:59+00:00\" \/>\n<meta property=\"og:image\" content=\"https:\/\/test-parisrunningtour.laurieassemat.com\/fr\/wp-content\/uploads\/sites\/1\/2011\/04\/PRT2011-04-22_ExpoImpressionnistesMairie.jpg\" \/>\n\t<meta property=\"og:image:width\" content=\"900\" \/>\n\t<meta property=\"og:image:height\" content=\"900\" \/>\n\t<meta property=\"og:image:type\" content=\"image\/jpeg\" \/>\n<meta name=\"author\" content=\"Admin\" \/>\n<meta name=\"twitter:card\" content=\"summary_large_image\" \/>\n<meta name=\"twitter:label1\" content=\"\u00c9crit par\" \/>\n\t<meta name=\"twitter:data1\" content=\"Admin\" \/>\n\t<meta name=\"twitter:label2\" content=\"Dur\u00e9e de lecture estim\u00e9e\" \/>\n\t<meta name=\"twitter:data2\" content=\"1 minute\" \/>\n<script type=\"application\/ld+json\" class=\"yoast-schema-graph\">{\"@context\":\"https:\\\/\\\/schema.org\",\"@graph\":[{\"@type\":\"Article\",\"@id\":\"https:\\\/\\\/test-parisrunningtour.laurieassemat.com\\\/fr\\\/nouvelles-de-lart-et-de-la-culture-a-paris-paris-au-temps-des-impressionnistes\\\/#article\",\"isPartOf\":{\"@id\":\"https:\\\/\\\/test-parisrunningtour.laurieassemat.com\\\/fr\\\/nouvelles-de-lart-et-de-la-culture-a-paris-paris-au-temps-des-impressionnistes\\\/\"},\"author\":{\"name\":\"Admin\",\"@id\":\"https:\\\/\\\/test-parisrunningtour.laurieassemat.com\\\/fr\\\/#\\\/schema\\\/person\\\/75f0dc3c395ae2b4e14e29aff8f6a5af\"},\"headline\":\"Nouvelles de l&rsquo;art et de la culture \u00e0 Paris : Paris au temps des Impressionnistes\",\"datePublished\":\"2011-04-22T17:00:00+00:00\",\"dateModified\":\"2017-01-16T16:24:59+00:00\",\"mainEntityOfPage\":{\"@id\":\"https:\\\/\\\/test-parisrunningtour.laurieassemat.com\\\/fr\\\/nouvelles-de-lart-et-de-la-culture-a-paris-paris-au-temps-des-impressionnistes\\\/\"},\"wordCount\":183,\"commentCount\":0,\"publisher\":{\"@id\":\"https:\\\/\\\/test-parisrunningtour.laurieassemat.com\\\/fr\\\/#organization\"},\"image\":{\"@id\":\"https:\\\/\\\/test-parisrunningtour.laurieassemat.com\\\/fr\\\/nouvelles-de-lart-et-de-la-culture-a-paris-paris-au-temps-des-impressionnistes\\\/#primaryimage\"},\"thumbnailUrl\":\"https:\\\/\\\/test-parisrunningtour.laurieassemat.com\\\/fr\\\/wp-content\\\/uploads\\\/sites\\\/1\\\/2011\\\/04\\\/PRT2011-04-22_ExpoImpressionnistesMairie.jpg\",\"articleSection\":[\"H\u00f4tel de Ville\"],\"inLanguage\":\"fr-FR\",\"potentialAction\":[{\"@type\":\"CommentAction\",\"name\":\"Comment\",\"target\":[\"https:\\\/\\\/test-parisrunningtour.laurieassemat.com\\\/fr\\\/nouvelles-de-lart-et-de-la-culture-a-paris-paris-au-temps-des-impressionnistes\\\/#respond\"]}]},{\"@type\":\"WebPage\",\"@id\":\"https:\\\/\\\/test-parisrunningtour.laurieassemat.com\\\/fr\\\/nouvelles-de-lart-et-de-la-culture-a-paris-paris-au-temps-des-impressionnistes\\\/\",\"url\":\"https:\\\/\\\/test-parisrunningtour.laurieassemat.com\\\/fr\\\/nouvelles-de-lart-et-de-la-culture-a-paris-paris-au-temps-des-impressionnistes\\\/\",\"name\":\"Nouvelles de l'art et de la culture \u00e0 Paris : Paris au temps des Impressionnistes | Paris Running Tours\",\"isPartOf\":{\"@id\":\"https:\\\/\\\/test-parisrunningtour.laurieassemat.com\\\/fr\\\/#website\"},\"primaryImageOfPage\":{\"@id\":\"https:\\\/\\\/test-parisrunningtour.laurieassemat.com\\\/fr\\\/nouvelles-de-lart-et-de-la-culture-a-paris-paris-au-temps-des-impressionnistes\\\/#primaryimage\"},\"image\":{\"@id\":\"https:\\\/\\\/test-parisrunningtour.laurieassemat.com\\\/fr\\\/nouvelles-de-lart-et-de-la-culture-a-paris-paris-au-temps-des-impressionnistes\\\/#primaryimage\"},\"thumbnailUrl\":\"https:\\\/\\\/test-parisrunningtour.laurieassemat.com\\\/fr\\\/wp-content\\\/uploads\\\/sites\\\/1\\\/2011\\\/04\\\/PRT2011-04-22_ExpoImpressionnistesMairie.jpg\",\"datePublished\":\"2011-04-22T17:00:00+00:00\",\"dateModified\":\"2017-01-16T16:24:59+00:00\",\"breadcrumb\":{\"@id\":\"https:\\\/\\\/test-parisrunningtour.laurieassemat.com\\\/fr\\\/nouvelles-de-lart-et-de-la-culture-a-paris-paris-au-temps-des-impressionnistes\\\/#breadcrumb\"},\"inLanguage\":\"fr-FR\",\"potentialAction\":[{\"@type\":\"ReadAction\",\"target\":[\"https:\\\/\\\/test-parisrunningtour.laurieassemat.com\\\/fr\\\/nouvelles-de-lart-et-de-la-culture-a-paris-paris-au-temps-des-impressionnistes\\\/\"]}]},{\"@type\":\"ImageObject\",\"inLanguage\":\"fr-FR\",\"@id\":\"https:\\\/\\\/test-parisrunningtour.laurieassemat.com\\\/fr\\\/nouvelles-de-lart-et-de-la-culture-a-paris-paris-au-temps-des-impressionnistes\\\/#primaryimage\",\"url\":\"https:\\\/\\\/test-parisrunningtour.laurieassemat.com\\\/fr\\\/wp-content\\\/uploads\\\/sites\\\/1\\\/2011\\\/04\\\/PRT2011-04-22_ExpoImpressionnistesMairie.jpg\",\"contentUrl\":\"https:\\\/\\\/test-parisrunningtour.laurieassemat.com\\\/fr\\\/wp-content\\\/uploads\\\/sites\\\/1\\\/2011\\\/04\\\/PRT2011-04-22_ExpoImpressionnistesMairie.jpg\",\"width\":900,\"height\":900},{\"@type\":\"BreadcrumbList\",\"@id\":\"https:\\\/\\\/test-parisrunningtour.laurieassemat.com\\\/fr\\\/nouvelles-de-lart-et-de-la-culture-a-paris-paris-au-temps-des-impressionnistes\\\/#breadcrumb\",\"itemListElement\":[{\"@type\":\"ListItem\",\"position\":1,\"name\":\"Accueil\",\"item\":\"https:\\\/\\\/test-parisrunningtour.laurieassemat.com\\\/fr\\\/\"},{\"@type\":\"ListItem\",\"position\":2,\"name\":\"Nouvelles de l&rsquo;art et de la culture \u00e0 Paris : Paris au temps des Impressionnistes\"}]},{\"@type\":\"WebSite\",\"@id\":\"https:\\\/\\\/test-parisrunningtour.laurieassemat.com\\\/fr\\\/#website\",\"url\":\"https:\\\/\\\/test-parisrunningtour.laurieassemat.com\\\/fr\\\/\",\"name\":\"Paris Running Tours\",\"description\":\"D\u00e9couvrir Paris en courant\",\"publisher\":{\"@id\":\"https:\\\/\\\/test-parisrunningtour.laurieassemat.com\\\/fr\\\/#organization\"},\"potentialAction\":[{\"@type\":\"SearchAction\",\"target\":{\"@type\":\"EntryPoint\",\"urlTemplate\":\"https:\\\/\\\/test-parisrunningtour.laurieassemat.com\\\/fr\\\/?s={search_term_string}\"},\"query-input\":{\"@type\":\"PropertyValueSpecification\",\"valueRequired\":true,\"valueName\":\"search_term_string\"}}],\"inLanguage\":\"fr-FR\"},{\"@type\":\"Organization\",\"@id\":\"https:\\\/\\\/test-parisrunningtour.laurieassemat.com\\\/fr\\\/#organization\",\"name\":\"Paris Running Tours\",\"url\":\"https:\\\/\\\/test-parisrunningtour.laurieassemat.com\\\/fr\\\/\",\"logo\":{\"@type\":\"ImageObject\",\"inLanguage\":\"fr-FR\",\"@id\":\"https:\\\/\\\/test-parisrunningtour.laurieassemat.com\\\/fr\\\/#\\\/schema\\\/logo\\\/image\\\/\",\"url\":\"https:\\\/\\\/test-parisrunningtour.laurieassemat.com\\\/fr\\\/wp-content\\\/uploads\\\/sites\\\/1\\\/2016\\\/12\\\/cropped-faviconPRT.png\",\"contentUrl\":\"https:\\\/\\\/test-parisrunningtour.laurieassemat.com\\\/fr\\\/wp-content\\\/uploads\\\/sites\\\/1\\\/2016\\\/12\\\/cropped-faviconPRT.png\",\"width\":512,\"height\":512,\"caption\":\"Paris Running Tours\"},\"image\":{\"@id\":\"https:\\\/\\\/test-parisrunningtour.laurieassemat.com\\\/fr\\\/#\\\/schema\\\/logo\\\/image\\\/\"}},{\"@type\":\"Person\",\"@id\":\"https:\\\/\\\/test-parisrunningtour.laurieassemat.com\\\/fr\\\/#\\\/schema\\\/person\\\/75f0dc3c395ae2b4e14e29aff8f6a5af\",\"name\":\"Admin\",\"image\":{\"@type\":\"ImageObject\",\"inLanguage\":\"fr-FR\",\"@id\":\"https:\\\/\\\/secure.gravatar.com\\\/avatar\\\/2980d1c79775d028873614111fac5ea2906175b9eba90c2fe773d875d19902e0?s=96&d=mm&r=g\",\"url\":\"https:\\\/\\\/secure.gravatar.com\\\/avatar\\\/2980d1c79775d028873614111fac5ea2906175b9eba90c2fe773d875d19902e0?s=96&d=mm&r=g\",\"contentUrl\":\"https:\\\/\\\/secure.gravatar.com\\\/avatar\\\/2980d1c79775d028873614111fac5ea2906175b9eba90c2fe773d875d19902e0?s=96&d=mm&r=g\",\"caption\":\"Admin\"},\"sameAs\":[\"https:\\\/\\\/www.parisrunningtour.com\"]}]}<\/script>\n<!-- \/ Yoast SEO plugin. -->","yoast_head_json":{"title":"Nouvelles de l'art et de la culture \u00e0 Paris : Paris au temps des Impressionnistes | Paris Running Tours","robots":{"index":"noindex","follow":"follow","max-snippet":"max-snippet:-1","max-image-preview":"max-image-preview:large","max-video-preview":"max-video-preview:-1"},"og_locale":"fr_FR","og_type":"article","og_title":"Nouvelles de l'art et de la culture \u00e0 Paris : Paris au temps des Impressionnistes | Paris Running Tours","og_description":"Exposition Paris au temps des impressionnistes &#8211; Mairie de Paris Un mois d&rsquo;avril\u00a0particuli\u00e8rement agr\u00e9able pour courir \u00e0 Paris&#8230; Profitez-en de bon matin pour appr\u00e9cier la belle lumi\u00e8re qui va envahir la ville&#8230; et aussi un peu du reste de la fra\u00eecheur nocturne. De nouvelles expositions fleurissent un peu partout dans la ville. Ne manquez pas \u00ab\u00a0Paris au temps des Impressionnistes\u00a0\u00bb, exposition gratuite \u00e0 la Mairie de Paris. De nombreux chefs-d&rsquo;oeuvre du Mus\u00e9e d&rsquo;Orsay y sont regroup\u00e9s sous le th\u00e8me de Paris au temps des impressionnistes. Ces peintres ont accompagn\u00e9 les profonds changements de Paris au 19\u00e8 si\u00e8cle. Vous y d\u00e9couvrirez comment la ville, ses rues, l&rsquo;architecture de ses immeubles furent compl\u00e8tement transform\u00e9s. Nous vous recommandons cette exposition, elle dure jusqu&rsquo;au 30 juillet 2011. Et pourquoi ne pas compl\u00e9ter vos visites culturelles par un parcours sportif de la cit\u00e9 avec Paris Running Tour et profiter \u00ab\u00a0dynamiquement\u00a0\u00bb de nos commentaires sur Paris, son histoire et sa culture ?","og_url":"https:\/\/test-parisrunningtour.laurieassemat.com\/fr\/nouvelles-de-lart-et-de-la-culture-a-paris-paris-au-temps-des-impressionnistes\/","og_site_name":"Paris Running Tours","article_published_time":"2011-04-22T17:00:00+00:00","article_modified_time":"2017-01-16T16:24:59+00:00","og_image":[{"width":900,"height":900,"url":"https:\/\/test-parisrunningtour.laurieassemat.com\/fr\/wp-content\/uploads\/sites\/1\/2011\/04\/PRT2011-04-22_ExpoImpressionnistesMairie.jpg","type":"image\/jpeg"}],"author":"Admin","twitter_card":"summary_large_image","twitter_misc":{"\u00c9crit par":"Admin","Dur\u00e9e de lecture estim\u00e9e":"1 minute"},"schema":{"@context":"https:\/\/schema.org","@graph":[{"@type":"Article","@id":"https:\/\/test-parisrunningtour.laurieassemat.com\/fr\/nouvelles-de-lart-et-de-la-culture-a-paris-paris-au-temps-des-impressionnistes\/#article","isPartOf":{"@id":"https:\/\/test-parisrunningtour.laurieassemat.com\/fr\/nouvelles-de-lart-et-de-la-culture-a-paris-paris-au-temps-des-impressionnistes\/"},"author":{"name":"Admin","@id":"https:\/\/test-parisrunningtour.laurieassemat.com\/fr\/#\/schema\/person\/75f0dc3c395ae2b4e14e29aff8f6a5af"},"headline":"Nouvelles de l&rsquo;art et de la culture \u00e0 Paris : Paris au temps des Impressionnistes","datePublished":"2011-04-22T17:00:00+00:00","dateModified":"2017-01-16T16:24:59+00:00","mainEntityOfPage":{"@id":"https:\/\/test-parisrunningtour.laurieassemat.com\/fr\/nouvelles-de-lart-et-de-la-culture-a-paris-paris-au-temps-des-impressionnistes\/"},"wordCount":183,"commentCount":0,"publisher":{"@id":"https:\/\/test-parisrunningtour.laurieassemat.com\/fr\/#organization"},"image":{"@id":"https:\/\/test-parisrunningtour.laurieassemat.com\/fr\/nouvelles-de-lart-et-de-la-culture-a-paris-paris-au-temps-des-impressionnistes\/#primaryimage"},"thumbnailUrl":"https:\/\/test-parisrunningtour.laurieassemat.com\/fr\/wp-content\/uploads\/sites\/1\/2011\/04\/PRT2011-04-22_ExpoImpressionnistesMairie.jpg","articleSection":["H\u00f4tel de Ville"],"inLanguage":"fr-FR","potentialAction":[{"@type":"CommentAction","name":"Comment","target":["https:\/\/test-parisrunningtour.laurieassemat.com\/fr\/nouvelles-de-lart-et-de-la-culture-a-paris-paris-au-temps-des-impressionnistes\/#respond"]}]},{"@type":"WebPage","@id":"https:\/\/test-parisrunningtour.laurieassemat.com\/fr\/nouvelles-de-lart-et-de-la-culture-a-paris-paris-au-temps-des-impressionnistes\/","url":"https:\/\/test-parisrunningtour.laurieassemat.com\/fr\/nouvelles-de-lart-et-de-la-culture-a-paris-paris-au-temps-des-impressionnistes\/","name":"Nouvelles de l'art et de la culture \u00e0 Paris : Paris au temps des Impressionnistes | Paris Running Tours","isPartOf":{"@id":"https:\/\/test-parisrunningtour.laurieassemat.com\/fr\/#website"},"primaryImageOfPage":{"@id":"https:\/\/test-parisrunningtour.laurieassemat.com\/fr\/nouvelles-de-lart-et-de-la-culture-a-paris-paris-au-temps-des-impressionnistes\/#primaryimage"},"image":{"@id":"https:\/\/test-parisrunningtour.laurieassemat.com\/fr\/nouvelles-de-lart-et-de-la-culture-a-paris-paris-au-temps-des-impressionnistes\/#primaryimage"},"thumbnailUrl":"https:\/\/test-parisrunningtour.laurieassemat.com\/fr\/wp-content\/uploads\/sites\/1\/2011\/04\/PRT2011-04-22_ExpoImpressionnistesMairie.jpg","datePublished":"2011-04-22T17:00:00+00:00","dateModified":"2017-01-16T16:24:59+00:00","breadcrumb":{"@id":"https:\/\/test-parisrunningtour.laurieassemat.com\/fr\/nouvelles-de-lart-et-de-la-culture-a-paris-paris-au-temps-des-impressionnistes\/#breadcrumb"},"inLanguage":"fr-FR","potentialAction":[{"@type":"ReadAction","target":["https:\/\/test-parisrunningtour.laurieassemat.com\/fr\/nouvelles-de-lart-et-de-la-culture-a-paris-paris-au-temps-des-impressionnistes\/"]}]},{"@type":"ImageObject","inLanguage":"fr-FR","@id":"https:\/\/test-parisrunningtour.laurieassemat.com\/fr\/nouvelles-de-lart-et-de-la-culture-a-paris-paris-au-temps-des-impressionnistes\/#primaryimage","url":"https:\/\/test-parisrunningtour.laurieassemat.com\/fr\/wp-content\/uploads\/sites\/1\/2011\/04\/PRT2011-04-22_ExpoImpressionnistesMairie.jpg","contentUrl":"https:\/\/test-parisrunningtour.laurieassemat.com\/fr\/wp-content\/uploads\/sites\/1\/2011\/04\/PRT2011-04-22_ExpoImpressionnistesMairie.jpg","width":900,"height":900},{"@type":"BreadcrumbList","@id":"https:\/\/test-parisrunningtour.laurieassemat.com\/fr\/nouvelles-de-lart-et-de-la-culture-a-paris-paris-au-temps-des-impressionnistes\/#breadcrumb","itemListElement":[{"@type":"ListItem","position":1,"name":"Accueil","item":"https:\/\/test-parisrunningtour.laurieassemat.com\/fr\/"},{"@type":"ListItem","position":2,"name":"Nouvelles de l&rsquo;art et de la culture \u00e0 Paris : Paris au temps des Impressionnistes"}]},{"@type":"WebSite","@id":"https:\/\/test-parisrunningtour.laurieassemat.com\/fr\/#website","url":"https:\/\/test-parisrunningtour.laurieassemat.com\/fr\/","name":"Paris Running Tours","description":"D\u00e9couvrir Paris en courant","publisher":{"@id":"https:\/\/test-parisrunningtour.laurieassemat.com\/fr\/#organization"},"potentialAction":[{"@type":"SearchAction","target":{"@type":"EntryPoint","urlTemplate":"https:\/\/test-parisrunningtour.laurieassemat.com\/fr\/?s={search_term_string}"},"query-input":{"@type":"PropertyValueSpecification","valueRequired":true,"valueName":"search_term_string"}}],"inLanguage":"fr-FR"},{"@type":"Organization","@id":"https:\/\/test-parisrunningtour.laurieassemat.com\/fr\/#organization","name":"Paris Running Tours","url":"https:\/\/test-parisrunningtour.laurieassemat.com\/fr\/","logo":{"@type":"ImageObject","inLanguage":"fr-FR","@id":"https:\/\/test-parisrunningtour.laurieassemat.com\/fr\/#\/schema\/logo\/image\/","url":"https:\/\/test-parisrunningtour.laurieassemat.com\/fr\/wp-content\/uploads\/sites\/1\/2016\/12\/cropped-faviconPRT.png","contentUrl":"https:\/\/test-parisrunningtour.laurieassemat.com\/fr\/wp-content\/uploads\/sites\/1\/2016\/12\/cropped-faviconPRT.png","width":512,"height":512,"caption":"Paris Running Tours"},"image":{"@id":"https:\/\/test-parisrunningtour.laurieassemat.com\/fr\/#\/schema\/logo\/image\/"}},{"@type":"Person","@id":"https:\/\/test-parisrunningtour.laurieassemat.com\/fr\/#\/schema\/person\/75f0dc3c395ae2b4e14e29aff8f6a5af","name":"Admin","image":{"@type":"ImageObject","inLanguage":"fr-FR","@id":"https:\/\/secure.gravatar.com\/avatar\/2980d1c79775d028873614111fac5ea2906175b9eba90c2fe773d875d19902e0?s=96&d=mm&r=g","url":"https:\/\/secure.gravatar.com\/avatar\/2980d1c79775d028873614111fac5ea2906175b9eba90c2fe773d875d19902e0?s=96&d=mm&r=g","contentUrl":"https:\/\/secure.gravatar.com\/avatar\/2980d1c79775d028873614111fac5ea2906175b9eba90c2fe773d875d19902e0?s=96&d=mm&r=g","caption":"Admin"},"sameAs":["https:\/\/www.parisrunningtour.com"]}]}},"_links":{"self":[{"href":"https:\/\/test-parisrunningtour.laurieassemat.com\/fr\/wp-json\/wp\/v2\/posts\/148","targetHints":{"allow":["GET"]}}],"collection":[{"href":"https:\/\/test-parisrunningtour.laurieassemat.com\/fr\/wp-json\/wp\/v2\/posts"}],"about":[{"href":"https:\/\/test-parisrunningtour.laurieassemat.com\/fr\/wp-json\/wp\/v2\/types\/post"}],"author":[{"embeddable":true,"href":"https:\/\/test-parisrunningtour.laurieassemat.com\/fr\/wp-json\/wp\/v2\/users\/1"}],"replies":[{"embeddable":true,"href":"https:\/\/test-parisrunningtour.laurieassemat.com\/fr\/wp-json\/wp\/v2\/comments?post=148"}],"version-history":[{"count":1,"href":"https:\/\/test-parisrunningtour.laurieassemat.com\/fr\/wp-json\/wp\/v2\/posts\/148\/revisions"}],"predecessor-version":[{"id":1429,"href":"https:\/\/test-parisrunningtour.laurieassemat.com\/fr\/wp-json\/wp\/v2\/posts\/148\/revisions\/1429"}],"wp:featuredmedia":[{"embeddable":true,"href":"https:\/\/test-parisrunningtour.laurieassemat.com\/fr\/wp-json\/wp\/v2\/media\/1428"}],"wp:attachment":[{"href":"https:\/\/test-parisrunningtour.laurieassemat.com\/fr\/wp-json\/wp\/v2\/media?parent=148"}],"wp:term":[{"taxonomy":"category","embeddable":true,"href":"https:\/\/test-parisrunningtour.laurieassemat.com\/fr\/wp-json\/wp\/v2\/categories?post=148"},{"taxonomy":"post_tag","embeddable":true,"href":"https:\/\/test-parisrunningtour.laurieassemat.com\/fr\/wp-json\/wp\/v2\/tags?post=148"}],"curies":[{"name":"wp","href":"https:\/\/api.w.org\/{rel}","templated":true}]}}