{"id":158,"date":"2010-12-01T08:30:00","date_gmt":"2010-12-01T07:30:00","guid":{"rendered":"http:\/\/runningtour.paris\/blog\/2010\/12\/01\/hiver-precoce-aux-champs-elysees-avec-karine\/"},"modified":"2017-01-16T17:38:16","modified_gmt":"2017-01-16T16:38:16","slug":"hiver-precoce-aux-champs-elysees-avec-karine","status":"publish","type":"post","link":"https:\/\/test-parisrunningtour.laurieassemat.com\/fr\/hiver-precoce-aux-champs-elysees-avec-karine\/","title":{"rendered":"Hiver pr\u00e9coce aux Champs-Elys\u00e9es avec Karine"},"content":{"rendered":"<div>\n<table style=\"margin-left: auto; margin-right: auto; text-align: center;\" cellspacing=\"0\" cellpadding=\"0\" align=\"center\">\n<tbody>\n<tr>\n<td style=\"text-align: center;\"><a style=\"margin-left: auto; margin-right: auto;\" href=\"http:\/\/3.bp.blogspot.com\/_hKFF_RLY0oQ\/TPutv2XnHbI\/AAAAAAAAAI8\/aO2N2--x_fE\/s1600\/2010-12-01_ParisRunningTour_09_ChampsElyseesBlog3.jpg\" target=\"_blank\"><img fetchpriority=\"high\" decoding=\"async\" src=\"http:\/\/3.bp.blogspot.com\/_hKFF_RLY0oQ\/TPutv2XnHbI\/AAAAAAAAAI8\/aO2N2--x_fE\/s400\/2010-12-01_ParisRunningTour_09_ChampsElyseesBlog3.jpg\" width=\"305\" height=\"400\" border=\"0\" \/><\/a><\/td>\n<\/tr>\n<tr>\n<td style=\"text-align: center;\">Champs-Elys\u00e9es &#8211; Karine<\/td>\n<\/tr>\n<\/tbody>\n<\/table>\n<p><b>7h30<\/b> &#8211; Moins 6\u00b0C ce matin ! Paris est d\u00e9j\u00e0 pr\u00eat pour c\u00e9l\u00e9brer les festivit\u00e9s de fin d&rsquo;ann\u00e9e, ajoutant le temps froid et la neige au programme pour \u00eatre dans l&rsquo;ambiance id\u00e9ale&#8230; Aussi, avec Karine de Montr\u00e9al (Canada), nous sommes partis avec la ferme intention de nous r\u00e9chauffer rapidement, courant au centre de Paris en passant notamment par le Palais Royal et les Champs-Elys\u00e9es. Froid ? Nous ? Jamais ? Tant que nous courons !<\/p>\n<p>Alice, une journaliste de <a href=\"http:\/\/www.rfi.fr\/emission\/loin-proche\" target=\"_blank\">RFI<\/a> (Radio France Internationale) a couru avec nous. Son reportage radio pr\u00e9sente des mani\u00e8res originales de visiter une ville comme Paris. Nous pensons que Paris Running Tours en est vraiment une ! :^) Vous pouvez \u00e9couter ce reportage <a href=\"http:\/\/www.rfi.fr\/emission\/20110129-visiter-paris-autrement\" target=\"_blank\">ici<\/a>.<br \/>\nMerci Karine, merci Alice !<\/p>\n<p><b>A propos des Champs-Elys\u00e9es:<\/b><br \/>\nL&rsquo;avenue des Champs-Elys\u00e9es est consid\u00e9r\u00e9e comme la plus belle avenue au monde, vous le savez, mais savez-vous ce que \u00ab\u00a0Champs-Elys\u00e9es\u00a0\u00bb signifie ?<br \/>\nDans la mythologie grecque, les champs Elys\u00e9es \u00e9taient le lieu o\u00f9 se rendaient les morts qui \u00e9taient b\u00e9nis des Dieux, les \u00e2mes h\u00e9ro\u00efques et vertueuses.<br \/>\nLe tout proche Palais de l&rsquo;Elys\u00e9e est la r\u00e9sidence du Pr\u00e9sident de la R\u00e9publique, raison pour laquelle \u00ab\u00a0l&rsquo;\u00c9lys\u00e9e\u00a0\u00bb est fr\u00e9quemment utilis\u00e9 pour d\u00e9signer la Pr\u00e9sidence de la R\u00e9publique fran\u00e7aise.<\/p>\n<\/div>\n<div><\/div>\n<div><span style=\"border-collapse: separate; color: black; font-family: 'Times New Roman'; font-size: small; font-style: normal; font-variant: normal; font-weight: normal; letter-spacing: normal; line-height: normal; text-indent: 0px;\"><span style=\"color: #222222; font-family: 'Trebuchet MS',sans-serif; font-size: 13px; line-height: 18px;\"><b>Le parcours :\u00a0<\/b><\/span><\/span><\/div>\n<div style=\"clear: both; text-align: center;\"><a style=\"margin-left: 1em; margin-right: 1em;\" href=\"http:\/\/4.bp.blogspot.com\/_hKFF_RLY0oQ\/TPut-cwqCFI\/AAAAAAAAAJA\/IbCWfQ4ZDng\/s1600\/TourKarineMiron%2528Pr%25C3%25A9paration%2529.jpg\" target=\"_blank\"><img decoding=\"async\" src=\"http:\/\/4.bp.blogspot.com\/_hKFF_RLY0oQ\/TPut-cwqCFI\/AAAAAAAAAJA\/IbCWfQ4ZDng\/s400\/TourKarineMiron%2528Pr%25C3%25A9paration%2529.jpg\" width=\"400\" height=\"189\" border=\"0\" \/><\/a><\/div>\n<div><\/div>\n","protected":false},"excerpt":{"rendered":"<p>Champs-Elys\u00e9es &#8211; Karine 7h30 &#8211; Moins 6\u00b0C ce matin ! Paris est d\u00e9j\u00e0 pr\u00eat pour c\u00e9l\u00e9brer les festivit\u00e9s de fin d&rsquo;ann\u00e9e, ajoutant le temps froid et la neige au programme pour \u00eatre dans l&rsquo;ambiance id\u00e9ale&#8230; Aussi, avec Karine de Montr\u00e9al (Canada), nous sommes partis avec la ferme intention de nous r\u00e9chauffer rapidement, courant au centre de Paris en passant notamment par le Palais Royal et les Champs-Elys\u00e9es. Froid ? Nous ? Jamais ? Tant que nous courons ! Alice, une journaliste de RFI (Radio France Internationale) a couru avec nous. Son reportage radio pr\u00e9sente des mani\u00e8res originales de visiter une ville comme Paris. Nous pensons que Paris Running Tours en est vraiment une ! :^) Vous pouvez \u00e9couter ce reportage ici. Merci Karine, merci Alice ! A propos des Champs-Elys\u00e9es: L&rsquo;avenue des Champs-Elys\u00e9es est consid\u00e9r\u00e9e comme la plus belle avenue au monde, vous le savez, mais savez-vous ce que \u00ab\u00a0Champs-Elys\u00e9es\u00a0\u00bb signifie ? Dans la mythologie grecque, les champs Elys\u00e9es \u00e9taient le lieu o\u00f9 se rendaient les morts qui \u00e9taient b\u00e9nis des Dieux, les \u00e2mes h\u00e9ro\u00efques et vertueuses. Le tout proche Palais de l&rsquo;Elys\u00e9e est la r\u00e9sidence du Pr\u00e9sident de la R\u00e9publique, raison pour laquelle \u00ab\u00a0l&rsquo;\u00c9lys\u00e9e\u00a0\u00bb est fr\u00e9quemment utilis\u00e9 pour d\u00e9signer la Pr\u00e9sidence de la R\u00e9publique fran\u00e7aise. Le parcours :\u00a0<\/p>\n","protected":false},"author":1,"featured_media":1448,"comment_status":"open","ping_status":"open","sticky":false,"template":"","format":"standard","meta":{"footnotes":""},"categories":[34,44],"tags":[],"class_list":["post-158","post","type-post","status-publish","format-standard","has-post-thumbnail","hentry","category-champs-elysees","category-elysee-palais-de"],"yoast_head":"<!-- This site is optimized with the Yoast SEO plugin v27.5 - https:\/\/yoast.com\/product\/yoast-seo-wordpress\/ -->\n<title>Hiver pr\u00e9coce aux Champs-Elys\u00e9es avec Karine | Paris Running Tours<\/title>\n<meta name=\"robots\" content=\"noindex, follow, max-snippet:-1, max-image-preview:large, max-video-preview:-1\" \/>\n<meta property=\"og:locale\" content=\"fr_FR\" \/>\n<meta property=\"og:type\" content=\"article\" \/>\n<meta property=\"og:title\" content=\"Hiver pr\u00e9coce aux Champs-Elys\u00e9es avec Karine | Paris Running Tours\" \/>\n<meta property=\"og:description\" content=\"Champs-Elys\u00e9es &#8211; Karine 7h30 &#8211; Moins 6\u00b0C ce matin ! Paris est d\u00e9j\u00e0 pr\u00eat pour c\u00e9l\u00e9brer les festivit\u00e9s de fin d&rsquo;ann\u00e9e, ajoutant le temps froid et la neige au programme pour \u00eatre dans l&rsquo;ambiance id\u00e9ale&#8230; Aussi, avec Karine de Montr\u00e9al (Canada), nous sommes partis avec la ferme intention de nous r\u00e9chauffer rapidement, courant au centre de Paris en passant notamment par le Palais Royal et les Champs-Elys\u00e9es. Froid ? Nous ? Jamais ? Tant que nous courons ! Alice, une journaliste de RFI (Radio France Internationale) a couru avec nous. Son reportage radio pr\u00e9sente des mani\u00e8res originales de visiter une ville comme Paris. Nous pensons que Paris Running Tours en est vraiment une ! :^) Vous pouvez \u00e9couter ce reportage ici. Merci Karine, merci Alice ! A propos des Champs-Elys\u00e9es: L&rsquo;avenue des Champs-Elys\u00e9es est consid\u00e9r\u00e9e comme la plus belle avenue au monde, vous le savez, mais savez-vous ce que \u00ab\u00a0Champs-Elys\u00e9es\u00a0\u00bb signifie ? Dans la mythologie grecque, les champs Elys\u00e9es \u00e9taient le lieu o\u00f9 se rendaient les morts qui \u00e9taient b\u00e9nis des Dieux, les \u00e2mes h\u00e9ro\u00efques et vertueuses. Le tout proche Palais de l&rsquo;Elys\u00e9e est la r\u00e9sidence du Pr\u00e9sident de la R\u00e9publique, raison pour laquelle \u00ab\u00a0l&rsquo;\u00c9lys\u00e9e\u00a0\u00bb est fr\u00e9quemment utilis\u00e9 pour d\u00e9signer la Pr\u00e9sidence de la R\u00e9publique fran\u00e7aise. Le parcours :\u00a0\" \/>\n<meta property=\"og:url\" content=\"https:\/\/test-parisrunningtour.laurieassemat.com\/fr\/hiver-precoce-aux-champs-elysees-avec-karine\/\" \/>\n<meta property=\"og:site_name\" content=\"Paris Running Tours\" \/>\n<meta property=\"article:published_time\" content=\"2010-12-01T07:30:00+00:00\" \/>\n<meta property=\"article:modified_time\" content=\"2017-01-16T16:38:16+00:00\" \/>\n<meta property=\"og:image\" content=\"https:\/\/test-parisrunningtour.laurieassemat.com\/fr\/wp-content\/uploads\/sites\/1\/2010\/12\/PRT2010-12-01_ChampsElysees.jpg\" \/>\n\t<meta property=\"og:image:width\" content=\"556\" \/>\n\t<meta property=\"og:image:height\" content=\"556\" \/>\n\t<meta property=\"og:image:type\" content=\"image\/jpeg\" \/>\n<meta name=\"author\" content=\"Admin\" \/>\n<meta name=\"twitter:card\" content=\"summary_large_image\" \/>\n<meta name=\"twitter:label1\" content=\"\u00c9crit par\" \/>\n\t<meta name=\"twitter:data1\" content=\"Admin\" \/>\n\t<meta name=\"twitter:label2\" content=\"Dur\u00e9e de lecture estim\u00e9e\" \/>\n\t<meta name=\"twitter:data2\" content=\"1 minute\" \/>\n<script type=\"application\/ld+json\" class=\"yoast-schema-graph\">{\"@context\":\"https:\\\/\\\/schema.org\",\"@graph\":[{\"@type\":\"Article\",\"@id\":\"https:\\\/\\\/test-parisrunningtour.laurieassemat.com\\\/fr\\\/hiver-precoce-aux-champs-elysees-avec-karine\\\/#article\",\"isPartOf\":{\"@id\":\"https:\\\/\\\/test-parisrunningtour.laurieassemat.com\\\/fr\\\/hiver-precoce-aux-champs-elysees-avec-karine\\\/\"},\"author\":{\"name\":\"Admin\",\"@id\":\"https:\\\/\\\/test-parisrunningtour.laurieassemat.com\\\/fr\\\/#\\\/schema\\\/person\\\/75f0dc3c395ae2b4e14e29aff8f6a5af\"},\"headline\":\"Hiver pr\u00e9coce aux Champs-Elys\u00e9es avec Karine\",\"datePublished\":\"2010-12-01T07:30:00+00:00\",\"dateModified\":\"2017-01-16T16:38:16+00:00\",\"mainEntityOfPage\":{\"@id\":\"https:\\\/\\\/test-parisrunningtour.laurieassemat.com\\\/fr\\\/hiver-precoce-aux-champs-elysees-avec-karine\\\/\"},\"wordCount\":244,\"commentCount\":0,\"publisher\":{\"@id\":\"https:\\\/\\\/test-parisrunningtour.laurieassemat.com\\\/fr\\\/#organization\"},\"image\":{\"@id\":\"https:\\\/\\\/test-parisrunningtour.laurieassemat.com\\\/fr\\\/hiver-precoce-aux-champs-elysees-avec-karine\\\/#primaryimage\"},\"thumbnailUrl\":\"https:\\\/\\\/test-parisrunningtour.laurieassemat.com\\\/fr\\\/wp-content\\\/uploads\\\/sites\\\/1\\\/2010\\\/12\\\/PRT2010-12-01_ChampsElysees.jpg\",\"articleSection\":[\"Champs-Elys\u00e9es\",\"Elys\u00e9e (Palais de)\"],\"inLanguage\":\"fr-FR\",\"potentialAction\":[{\"@type\":\"CommentAction\",\"name\":\"Comment\",\"target\":[\"https:\\\/\\\/test-parisrunningtour.laurieassemat.com\\\/fr\\\/hiver-precoce-aux-champs-elysees-avec-karine\\\/#respond\"]}]},{\"@type\":\"WebPage\",\"@id\":\"https:\\\/\\\/test-parisrunningtour.laurieassemat.com\\\/fr\\\/hiver-precoce-aux-champs-elysees-avec-karine\\\/\",\"url\":\"https:\\\/\\\/test-parisrunningtour.laurieassemat.com\\\/fr\\\/hiver-precoce-aux-champs-elysees-avec-karine\\\/\",\"name\":\"Hiver pr\u00e9coce aux Champs-Elys\u00e9es avec Karine | Paris Running Tours\",\"isPartOf\":{\"@id\":\"https:\\\/\\\/test-parisrunningtour.laurieassemat.com\\\/fr\\\/#website\"},\"primaryImageOfPage\":{\"@id\":\"https:\\\/\\\/test-parisrunningtour.laurieassemat.com\\\/fr\\\/hiver-precoce-aux-champs-elysees-avec-karine\\\/#primaryimage\"},\"image\":{\"@id\":\"https:\\\/\\\/test-parisrunningtour.laurieassemat.com\\\/fr\\\/hiver-precoce-aux-champs-elysees-avec-karine\\\/#primaryimage\"},\"thumbnailUrl\":\"https:\\\/\\\/test-parisrunningtour.laurieassemat.com\\\/fr\\\/wp-content\\\/uploads\\\/sites\\\/1\\\/2010\\\/12\\\/PRT2010-12-01_ChampsElysees.jpg\",\"datePublished\":\"2010-12-01T07:30:00+00:00\",\"dateModified\":\"2017-01-16T16:38:16+00:00\",\"breadcrumb\":{\"@id\":\"https:\\\/\\\/test-parisrunningtour.laurieassemat.com\\\/fr\\\/hiver-precoce-aux-champs-elysees-avec-karine\\\/#breadcrumb\"},\"inLanguage\":\"fr-FR\",\"potentialAction\":[{\"@type\":\"ReadAction\",\"target\":[\"https:\\\/\\\/test-parisrunningtour.laurieassemat.com\\\/fr\\\/hiver-precoce-aux-champs-elysees-avec-karine\\\/\"]}]},{\"@type\":\"ImageObject\",\"inLanguage\":\"fr-FR\",\"@id\":\"https:\\\/\\\/test-parisrunningtour.laurieassemat.com\\\/fr\\\/hiver-precoce-aux-champs-elysees-avec-karine\\\/#primaryimage\",\"url\":\"https:\\\/\\\/test-parisrunningtour.laurieassemat.com\\\/fr\\\/wp-content\\\/uploads\\\/sites\\\/1\\\/2010\\\/12\\\/PRT2010-12-01_ChampsElysees.jpg\",\"contentUrl\":\"https:\\\/\\\/test-parisrunningtour.laurieassemat.com\\\/fr\\\/wp-content\\\/uploads\\\/sites\\\/1\\\/2010\\\/12\\\/PRT2010-12-01_ChampsElysees.jpg\",\"width\":556,\"height\":556},{\"@type\":\"BreadcrumbList\",\"@id\":\"https:\\\/\\\/test-parisrunningtour.laurieassemat.com\\\/fr\\\/hiver-precoce-aux-champs-elysees-avec-karine\\\/#breadcrumb\",\"itemListElement\":[{\"@type\":\"ListItem\",\"position\":1,\"name\":\"Accueil\",\"item\":\"https:\\\/\\\/test-parisrunningtour.laurieassemat.com\\\/fr\\\/\"},{\"@type\":\"ListItem\",\"position\":2,\"name\":\"Hiver pr\u00e9coce aux Champs-Elys\u00e9es avec Karine\"}]},{\"@type\":\"WebSite\",\"@id\":\"https:\\\/\\\/test-parisrunningtour.laurieassemat.com\\\/fr\\\/#website\",\"url\":\"https:\\\/\\\/test-parisrunningtour.laurieassemat.com\\\/fr\\\/\",\"name\":\"Paris Running Tours\",\"description\":\"D\u00e9couvrir Paris en courant\",\"publisher\":{\"@id\":\"https:\\\/\\\/test-parisrunningtour.laurieassemat.com\\\/fr\\\/#organization\"},\"potentialAction\":[{\"@type\":\"SearchAction\",\"target\":{\"@type\":\"EntryPoint\",\"urlTemplate\":\"https:\\\/\\\/test-parisrunningtour.laurieassemat.com\\\/fr\\\/?s={search_term_string}\"},\"query-input\":{\"@type\":\"PropertyValueSpecification\",\"valueRequired\":true,\"valueName\":\"search_term_string\"}}],\"inLanguage\":\"fr-FR\"},{\"@type\":\"Organization\",\"@id\":\"https:\\\/\\\/test-parisrunningtour.laurieassemat.com\\\/fr\\\/#organization\",\"name\":\"Paris Running Tours\",\"url\":\"https:\\\/\\\/test-parisrunningtour.laurieassemat.com\\\/fr\\\/\",\"logo\":{\"@type\":\"ImageObject\",\"inLanguage\":\"fr-FR\",\"@id\":\"https:\\\/\\\/test-parisrunningtour.laurieassemat.com\\\/fr\\\/#\\\/schema\\\/logo\\\/image\\\/\",\"url\":\"https:\\\/\\\/test-parisrunningtour.laurieassemat.com\\\/fr\\\/wp-content\\\/uploads\\\/sites\\\/1\\\/2016\\\/12\\\/cropped-faviconPRT.png\",\"contentUrl\":\"https:\\\/\\\/test-parisrunningtour.laurieassemat.com\\\/fr\\\/wp-content\\\/uploads\\\/sites\\\/1\\\/2016\\\/12\\\/cropped-faviconPRT.png\",\"width\":512,\"height\":512,\"caption\":\"Paris Running Tours\"},\"image\":{\"@id\":\"https:\\\/\\\/test-parisrunningtour.laurieassemat.com\\\/fr\\\/#\\\/schema\\\/logo\\\/image\\\/\"}},{\"@type\":\"Person\",\"@id\":\"https:\\\/\\\/test-parisrunningtour.laurieassemat.com\\\/fr\\\/#\\\/schema\\\/person\\\/75f0dc3c395ae2b4e14e29aff8f6a5af\",\"name\":\"Admin\",\"image\":{\"@type\":\"ImageObject\",\"inLanguage\":\"fr-FR\",\"@id\":\"https:\\\/\\\/secure.gravatar.com\\\/avatar\\\/2980d1c79775d028873614111fac5ea2906175b9eba90c2fe773d875d19902e0?s=96&d=mm&r=g\",\"url\":\"https:\\\/\\\/secure.gravatar.com\\\/avatar\\\/2980d1c79775d028873614111fac5ea2906175b9eba90c2fe773d875d19902e0?s=96&d=mm&r=g\",\"contentUrl\":\"https:\\\/\\\/secure.gravatar.com\\\/avatar\\\/2980d1c79775d028873614111fac5ea2906175b9eba90c2fe773d875d19902e0?s=96&d=mm&r=g\",\"caption\":\"Admin\"},\"sameAs\":[\"https:\\\/\\\/www.parisrunningtour.com\"]}]}<\/script>\n<!-- \/ Yoast SEO plugin. -->","yoast_head_json":{"title":"Hiver pr\u00e9coce aux Champs-Elys\u00e9es avec Karine | Paris Running Tours","robots":{"index":"noindex","follow":"follow","max-snippet":"max-snippet:-1","max-image-preview":"max-image-preview:large","max-video-preview":"max-video-preview:-1"},"og_locale":"fr_FR","og_type":"article","og_title":"Hiver pr\u00e9coce aux Champs-Elys\u00e9es avec Karine | Paris Running Tours","og_description":"Champs-Elys\u00e9es &#8211; Karine 7h30 &#8211; Moins 6\u00b0C ce matin ! Paris est d\u00e9j\u00e0 pr\u00eat pour c\u00e9l\u00e9brer les festivit\u00e9s de fin d&rsquo;ann\u00e9e, ajoutant le temps froid et la neige au programme pour \u00eatre dans l&rsquo;ambiance id\u00e9ale&#8230; Aussi, avec Karine de Montr\u00e9al (Canada), nous sommes partis avec la ferme intention de nous r\u00e9chauffer rapidement, courant au centre de Paris en passant notamment par le Palais Royal et les Champs-Elys\u00e9es. Froid ? Nous ? Jamais ? Tant que nous courons ! Alice, une journaliste de RFI (Radio France Internationale) a couru avec nous. Son reportage radio pr\u00e9sente des mani\u00e8res originales de visiter une ville comme Paris. Nous pensons que Paris Running Tours en est vraiment une ! :^) Vous pouvez \u00e9couter ce reportage ici. Merci Karine, merci Alice ! A propos des Champs-Elys\u00e9es: L&rsquo;avenue des Champs-Elys\u00e9es est consid\u00e9r\u00e9e comme la plus belle avenue au monde, vous le savez, mais savez-vous ce que \u00ab\u00a0Champs-Elys\u00e9es\u00a0\u00bb signifie ? Dans la mythologie grecque, les champs Elys\u00e9es \u00e9taient le lieu o\u00f9 se rendaient les morts qui \u00e9taient b\u00e9nis des Dieux, les \u00e2mes h\u00e9ro\u00efques et vertueuses. Le tout proche Palais de l&rsquo;Elys\u00e9e est la r\u00e9sidence du Pr\u00e9sident de la R\u00e9publique, raison pour laquelle \u00ab\u00a0l&rsquo;\u00c9lys\u00e9e\u00a0\u00bb est fr\u00e9quemment utilis\u00e9 pour d\u00e9signer la Pr\u00e9sidence de la R\u00e9publique fran\u00e7aise. Le parcours :\u00a0","og_url":"https:\/\/test-parisrunningtour.laurieassemat.com\/fr\/hiver-precoce-aux-champs-elysees-avec-karine\/","og_site_name":"Paris Running Tours","article_published_time":"2010-12-01T07:30:00+00:00","article_modified_time":"2017-01-16T16:38:16+00:00","og_image":[{"width":556,"height":556,"url":"https:\/\/test-parisrunningtour.laurieassemat.com\/fr\/wp-content\/uploads\/sites\/1\/2010\/12\/PRT2010-12-01_ChampsElysees.jpg","type":"image\/jpeg"}],"author":"Admin","twitter_card":"summary_large_image","twitter_misc":{"\u00c9crit par":"Admin","Dur\u00e9e de lecture estim\u00e9e":"1 minute"},"schema":{"@context":"https:\/\/schema.org","@graph":[{"@type":"Article","@id":"https:\/\/test-parisrunningtour.laurieassemat.com\/fr\/hiver-precoce-aux-champs-elysees-avec-karine\/#article","isPartOf":{"@id":"https:\/\/test-parisrunningtour.laurieassemat.com\/fr\/hiver-precoce-aux-champs-elysees-avec-karine\/"},"author":{"name":"Admin","@id":"https:\/\/test-parisrunningtour.laurieassemat.com\/fr\/#\/schema\/person\/75f0dc3c395ae2b4e14e29aff8f6a5af"},"headline":"Hiver pr\u00e9coce aux Champs-Elys\u00e9es avec Karine","datePublished":"2010-12-01T07:30:00+00:00","dateModified":"2017-01-16T16:38:16+00:00","mainEntityOfPage":{"@id":"https:\/\/test-parisrunningtour.laurieassemat.com\/fr\/hiver-precoce-aux-champs-elysees-avec-karine\/"},"wordCount":244,"commentCount":0,"publisher":{"@id":"https:\/\/test-parisrunningtour.laurieassemat.com\/fr\/#organization"},"image":{"@id":"https:\/\/test-parisrunningtour.laurieassemat.com\/fr\/hiver-precoce-aux-champs-elysees-avec-karine\/#primaryimage"},"thumbnailUrl":"https:\/\/test-parisrunningtour.laurieassemat.com\/fr\/wp-content\/uploads\/sites\/1\/2010\/12\/PRT2010-12-01_ChampsElysees.jpg","articleSection":["Champs-Elys\u00e9es","Elys\u00e9e (Palais de)"],"inLanguage":"fr-FR","potentialAction":[{"@type":"CommentAction","name":"Comment","target":["https:\/\/test-parisrunningtour.laurieassemat.com\/fr\/hiver-precoce-aux-champs-elysees-avec-karine\/#respond"]}]},{"@type":"WebPage","@id":"https:\/\/test-parisrunningtour.laurieassemat.com\/fr\/hiver-precoce-aux-champs-elysees-avec-karine\/","url":"https:\/\/test-parisrunningtour.laurieassemat.com\/fr\/hiver-precoce-aux-champs-elysees-avec-karine\/","name":"Hiver pr\u00e9coce aux Champs-Elys\u00e9es avec Karine | Paris Running Tours","isPartOf":{"@id":"https:\/\/test-parisrunningtour.laurieassemat.com\/fr\/#website"},"primaryImageOfPage":{"@id":"https:\/\/test-parisrunningtour.laurieassemat.com\/fr\/hiver-precoce-aux-champs-elysees-avec-karine\/#primaryimage"},"image":{"@id":"https:\/\/test-parisrunningtour.laurieassemat.com\/fr\/hiver-precoce-aux-champs-elysees-avec-karine\/#primaryimage"},"thumbnailUrl":"https:\/\/test-parisrunningtour.laurieassemat.com\/fr\/wp-content\/uploads\/sites\/1\/2010\/12\/PRT2010-12-01_ChampsElysees.jpg","datePublished":"2010-12-01T07:30:00+00:00","dateModified":"2017-01-16T16:38:16+00:00","breadcrumb":{"@id":"https:\/\/test-parisrunningtour.laurieassemat.com\/fr\/hiver-precoce-aux-champs-elysees-avec-karine\/#breadcrumb"},"inLanguage":"fr-FR","potentialAction":[{"@type":"ReadAction","target":["https:\/\/test-parisrunningtour.laurieassemat.com\/fr\/hiver-precoce-aux-champs-elysees-avec-karine\/"]}]},{"@type":"ImageObject","inLanguage":"fr-FR","@id":"https:\/\/test-parisrunningtour.laurieassemat.com\/fr\/hiver-precoce-aux-champs-elysees-avec-karine\/#primaryimage","url":"https:\/\/test-parisrunningtour.laurieassemat.com\/fr\/wp-content\/uploads\/sites\/1\/2010\/12\/PRT2010-12-01_ChampsElysees.jpg","contentUrl":"https:\/\/test-parisrunningtour.laurieassemat.com\/fr\/wp-content\/uploads\/sites\/1\/2010\/12\/PRT2010-12-01_ChampsElysees.jpg","width":556,"height":556},{"@type":"BreadcrumbList","@id":"https:\/\/test-parisrunningtour.laurieassemat.com\/fr\/hiver-precoce-aux-champs-elysees-avec-karine\/#breadcrumb","itemListElement":[{"@type":"ListItem","position":1,"name":"Accueil","item":"https:\/\/test-parisrunningtour.laurieassemat.com\/fr\/"},{"@type":"ListItem","position":2,"name":"Hiver pr\u00e9coce aux Champs-Elys\u00e9es avec Karine"}]},{"@type":"WebSite","@id":"https:\/\/test-parisrunningtour.laurieassemat.com\/fr\/#website","url":"https:\/\/test-parisrunningtour.laurieassemat.com\/fr\/","name":"Paris Running Tours","description":"D\u00e9couvrir Paris en courant","publisher":{"@id":"https:\/\/test-parisrunningtour.laurieassemat.com\/fr\/#organization"},"potentialAction":[{"@type":"SearchAction","target":{"@type":"EntryPoint","urlTemplate":"https:\/\/test-parisrunningtour.laurieassemat.com\/fr\/?s={search_term_string}"},"query-input":{"@type":"PropertyValueSpecification","valueRequired":true,"valueName":"search_term_string"}}],"inLanguage":"fr-FR"},{"@type":"Organization","@id":"https:\/\/test-parisrunningtour.laurieassemat.com\/fr\/#organization","name":"Paris Running Tours","url":"https:\/\/test-parisrunningtour.laurieassemat.com\/fr\/","logo":{"@type":"ImageObject","inLanguage":"fr-FR","@id":"https:\/\/test-parisrunningtour.laurieassemat.com\/fr\/#\/schema\/logo\/image\/","url":"https:\/\/test-parisrunningtour.laurieassemat.com\/fr\/wp-content\/uploads\/sites\/1\/2016\/12\/cropped-faviconPRT.png","contentUrl":"https:\/\/test-parisrunningtour.laurieassemat.com\/fr\/wp-content\/uploads\/sites\/1\/2016\/12\/cropped-faviconPRT.png","width":512,"height":512,"caption":"Paris Running Tours"},"image":{"@id":"https:\/\/test-parisrunningtour.laurieassemat.com\/fr\/#\/schema\/logo\/image\/"}},{"@type":"Person","@id":"https:\/\/test-parisrunningtour.laurieassemat.com\/fr\/#\/schema\/person\/75f0dc3c395ae2b4e14e29aff8f6a5af","name":"Admin","image":{"@type":"ImageObject","inLanguage":"fr-FR","@id":"https:\/\/secure.gravatar.com\/avatar\/2980d1c79775d028873614111fac5ea2906175b9eba90c2fe773d875d19902e0?s=96&d=mm&r=g","url":"https:\/\/secure.gravatar.com\/avatar\/2980d1c79775d028873614111fac5ea2906175b9eba90c2fe773d875d19902e0?s=96&d=mm&r=g","contentUrl":"https:\/\/secure.gravatar.com\/avatar\/2980d1c79775d028873614111fac5ea2906175b9eba90c2fe773d875d19902e0?s=96&d=mm&r=g","caption":"Admin"},"sameAs":["https:\/\/www.parisrunningtour.com"]}]}},"_links":{"self":[{"href":"https:\/\/test-parisrunningtour.laurieassemat.com\/fr\/wp-json\/wp\/v2\/posts\/158","targetHints":{"allow":["GET"]}}],"collection":[{"href":"https:\/\/test-parisrunningtour.laurieassemat.com\/fr\/wp-json\/wp\/v2\/posts"}],"about":[{"href":"https:\/\/test-parisrunningtour.laurieassemat.com\/fr\/wp-json\/wp\/v2\/types\/post"}],"author":[{"embeddable":true,"href":"https:\/\/test-parisrunningtour.laurieassemat.com\/fr\/wp-json\/wp\/v2\/users\/1"}],"replies":[{"embeddable":true,"href":"https:\/\/test-parisrunningtour.laurieassemat.com\/fr\/wp-json\/wp\/v2\/comments?post=158"}],"version-history":[{"count":2,"href":"https:\/\/test-parisrunningtour.laurieassemat.com\/fr\/wp-json\/wp\/v2\/posts\/158\/revisions"}],"predecessor-version":[{"id":1450,"href":"https:\/\/test-parisrunningtour.laurieassemat.com\/fr\/wp-json\/wp\/v2\/posts\/158\/revisions\/1450"}],"wp:featuredmedia":[{"embeddable":true,"href":"https:\/\/test-parisrunningtour.laurieassemat.com\/fr\/wp-json\/wp\/v2\/media\/1448"}],"wp:attachment":[{"href":"https:\/\/test-parisrunningtour.laurieassemat.com\/fr\/wp-json\/wp\/v2\/media?parent=158"}],"wp:term":[{"taxonomy":"category","embeddable":true,"href":"https:\/\/test-parisrunningtour.laurieassemat.com\/fr\/wp-json\/wp\/v2\/categories?post=158"},{"taxonomy":"post_tag","embeddable":true,"href":"https:\/\/test-parisrunningtour.laurieassemat.com\/fr\/wp-json\/wp\/v2\/tags?post=158"}],"curies":[{"name":"wp","href":"https:\/\/api.w.org\/{rel}","templated":true}]}}