{"id":160,"date":"2010-10-23T19:57:00","date_gmt":"2010-10-23T17:57:00","guid":{"rendered":"http:\/\/runningtour.paris\/blog\/2010\/10\/23\/le-long-du-canal-avec-jannicke-par-une-matinee-fraiche-et-ensoleillee\/"},"modified":"2017-01-16T17:42:01","modified_gmt":"2017-01-16T16:42:01","slug":"le-long-du-canal-avec-jannicke-par-une-matinee-fraiche-et-ensoleillee","status":"publish","type":"post","link":"https:\/\/test-parisrunningtour.laurieassemat.com\/fr\/le-long-du-canal-avec-jannicke-par-une-matinee-fraiche-et-ensoleillee\/","title":{"rendered":"Le long du canal avec Jannicke par une matin\u00e9e fra\u00eeche et ensoleill\u00e9e"},"content":{"rendered":"<div>\n<table style=\"margin-left: auto; margin-right: auto; text-align: center;\" cellspacing=\"0\" cellpadding=\"0\" align=\"center\">\n<tbody>\n<tr>\n<td style=\"text-align: center;\"><img fetchpriority=\"high\" decoding=\"async\" style=\"margin-left: auto; margin-right: auto;\" src=\"http:\/\/3.bp.blogspot.com\/_hKFF_RLY0oQ\/TMcIhRI1XYI\/AAAAAAAAAH8\/MdkHHxNxGdI\/s640\/Jannicke_BlogR.jpg\" width=\"325\" height=\"640\" border=\"0\" \/><\/td>\n<\/tr>\n<tr>\n<td style=\"text-align: center;\">Place de la Bastille &#8211; Colonne de Juillet &#8211; Jannicke<\/td>\n<\/tr>\n<\/tbody>\n<\/table>\n<div style=\"clear: both; text-align: center;\"><\/div>\n<p><b>7h57<\/b> Avec Jannicke d&rsquo;Oslo (Norv\u00e8ge), nous sommes partis du quartier du Marais et avons couru le long du canal Saint-Martin en passant par la place de la R\u00e9publique pour rejoindre la place de la Bastille et le port de plaisance du bassin de l&rsquo;Arsenal, o\u00f9 de nombreux yachts flottent sur l&rsquo;eau calme.<br \/>\nNous avons aim\u00e9 courir dans le matin froid (+3\u00b0C environ, une temp\u00e9rature relativement fra\u00eeche \u00e0 Paris pour un mois d&rsquo;octobre), avons fait le tour de la place des Vosges et fini le long de la Seine au pied de la cath\u00e9drale Notre Dame de Paris avec un soleil levant bien agr\u00e9able. Merci Jannicke !<\/div>\n<div>\n<b>Sur notre chemin :<\/b><br \/>\nSur la place de la Bastille se dresse la Colonne de Juillet. Ce monument comm\u00e9more la r\u00e9volution de 1830 (et non pas celle de 1789), les \u00ab\u00a0trois glorieuses\u00a0\u00bb, ces trois journ\u00e9es de juillet 1830 qui virent le d\u00e9but de la Monarchie de juillet o\u00f9 Louis-Philippe, le \u00ab\u00a0Roi des fran\u00e7ais\u00a0\u00bb rempla\u00e7a Charles X, le \u00ab\u00a0Roi de France\u00a0\u00bb, d\u00e9chu.<br \/>\nCette colonne, avec \u00e0 son sommet \u00ab\u00a0Le G\u00e9nie de la Libert\u00e9\u00a0\u00bb est inspir\u00e9e de la colonne Trajan \u00e0 Rome. La colonne au centre de la place Vend\u00f4me \u00e0 Paris est aussi inspir\u00e9e de la colonne romaine, avec cette fois-ci, habill\u00e9 en empereur romain, Napol\u00e9on \u00e0 son sommet !<\/div>\n<div><\/div>\n<div><i>Nous avons d\u00e9j\u00e0 \u00e9voqu\u00e9 la Bastille, <a href=\"http:\/\/parisrunningtour-fr.blogspot.com\/2010_05_01_archive.html\" target=\"_blank\"><b style=\"background-color: white; color: blue;\">ici<\/b><\/a>.<\/i><\/div>\n<div>\n<span style=\"border-collapse: separate; color: black; font-family: 'Times New Roman'; font-size: small; font-style: normal; font-variant: normal; font-weight: normal; letter-spacing: normal; line-height: normal; text-indent: 0px;\"><span style=\"color: #222222; font-family: 'Trebuchet MS',sans-serif; font-size: 13px; line-height: 18px;\"><b>Le parcours : <\/b><\/span><\/span><\/div>\n<div><\/div>\n<div><span style=\"font-size: small;\"><b>Vous pouvez afficher la <a style=\"color: blue; text-align: left;\" href=\"http:\/\/maps.google.fr\/maps\/ms?ie=UTF8&amp;hl=fr&amp;oe=UTF8&amp;start=0&amp;num=200&amp;t=h&amp;msa=0&amp;msid=118070176640260600302.00049387ae812bb615ea2&amp;ll=48.86223,2.363777&amp;spn=0.039526,0.072956&amp;z=13&amp;source=embed\" target=\"_blank\">course de Jannicke<\/a> sur une carte plus grande<\/b><\/span><\/div>\n","protected":false},"excerpt":{"rendered":"<p>Place de la Bastille &#8211; Colonne de Juillet &#8211; Jannicke 7h57 Avec Jannicke d&rsquo;Oslo (Norv\u00e8ge), nous sommes partis du quartier du Marais et avons couru le long du canal Saint-Martin en passant par la place de la R\u00e9publique pour rejoindre la place de la Bastille et le port de plaisance du bassin de l&rsquo;Arsenal, o\u00f9 de nombreux yachts flottent sur l&rsquo;eau calme. Nous avons aim\u00e9 courir dans le matin froid (+3\u00b0C environ, une temp\u00e9rature relativement fra\u00eeche \u00e0 Paris pour un mois d&rsquo;octobre), avons fait le tour de la place des Vosges et fini le long de la Seine au pied de la cath\u00e9drale Notre Dame de Paris avec un soleil levant bien agr\u00e9able. Merci Jannicke ! Sur notre chemin : Sur la place de la Bastille se dresse la Colonne de Juillet. Ce monument comm\u00e9more la r\u00e9volution de 1830 (et non pas celle de 1789), les \u00ab\u00a0trois glorieuses\u00a0\u00bb, ces trois journ\u00e9es de juillet 1830 qui virent le d\u00e9but de la Monarchie de juillet o\u00f9 Louis-Philippe, le \u00ab\u00a0Roi des fran\u00e7ais\u00a0\u00bb rempla\u00e7a Charles X, le \u00ab\u00a0Roi de France\u00a0\u00bb, d\u00e9chu. Cette colonne, avec \u00e0 son sommet \u00ab\u00a0Le G\u00e9nie de la Libert\u00e9\u00a0\u00bb est inspir\u00e9e de la colonne Trajan \u00e0 Rome. La colonne au centre de la place Vend\u00f4me \u00e0 Paris est aussi inspir\u00e9e de la colonne romaine, avec cette fois-ci, habill\u00e9 en empereur romain, Napol\u00e9on \u00e0 son sommet ! Nous avons d\u00e9j\u00e0 \u00e9voqu\u00e9 la Bastille, ici. Le parcours : Vous pouvez afficher la course de Jannicke sur une carte plus grande<\/p>\n","protected":false},"author":1,"featured_media":1453,"comment_status":"open","ping_status":"open","sticky":false,"template":"","format":"standard","meta":{"footnotes":""},"categories":[82,73],"tags":[],"class_list":["post-160","post","type-post","status-publish","format-standard","has-post-thumbnail","hentry","category-bastille","category-canal-saint-martin"],"yoast_head":"<!-- This site is optimized with the Yoast SEO plugin v27.5 - https:\/\/yoast.com\/product\/yoast-seo-wordpress\/ -->\n<title>Le long du canal avec Jannicke par une matin\u00e9e fra\u00eeche et ensoleill\u00e9e | Paris Running Tours<\/title>\n<meta name=\"robots\" content=\"noindex, follow, max-snippet:-1, max-image-preview:large, max-video-preview:-1\" \/>\n<meta property=\"og:locale\" content=\"fr_FR\" \/>\n<meta property=\"og:type\" content=\"article\" \/>\n<meta property=\"og:title\" content=\"Le long du canal avec Jannicke par une matin\u00e9e fra\u00eeche et ensoleill\u00e9e | Paris Running Tours\" \/>\n<meta property=\"og:description\" content=\"Place de la Bastille &#8211; Colonne de Juillet &#8211; Jannicke 7h57 Avec Jannicke d&rsquo;Oslo (Norv\u00e8ge), nous sommes partis du quartier du Marais et avons couru le long du canal Saint-Martin en passant par la place de la R\u00e9publique pour rejoindre la place de la Bastille et le port de plaisance du bassin de l&rsquo;Arsenal, o\u00f9 de nombreux yachts flottent sur l&rsquo;eau calme. Nous avons aim\u00e9 courir dans le matin froid (+3\u00b0C environ, une temp\u00e9rature relativement fra\u00eeche \u00e0 Paris pour un mois d&rsquo;octobre), avons fait le tour de la place des Vosges et fini le long de la Seine au pied de la cath\u00e9drale Notre Dame de Paris avec un soleil levant bien agr\u00e9able. Merci Jannicke ! Sur notre chemin : Sur la place de la Bastille se dresse la Colonne de Juillet. Ce monument comm\u00e9more la r\u00e9volution de 1830 (et non pas celle de 1789), les \u00ab\u00a0trois glorieuses\u00a0\u00bb, ces trois journ\u00e9es de juillet 1830 qui virent le d\u00e9but de la Monarchie de juillet o\u00f9 Louis-Philippe, le \u00ab\u00a0Roi des fran\u00e7ais\u00a0\u00bb rempla\u00e7a Charles X, le \u00ab\u00a0Roi de France\u00a0\u00bb, d\u00e9chu. Cette colonne, avec \u00e0 son sommet \u00ab\u00a0Le G\u00e9nie de la Libert\u00e9\u00a0\u00bb est inspir\u00e9e de la colonne Trajan \u00e0 Rome. La colonne au centre de la place Vend\u00f4me \u00e0 Paris est aussi inspir\u00e9e de la colonne romaine, avec cette fois-ci, habill\u00e9 en empereur romain, Napol\u00e9on \u00e0 son sommet ! Nous avons d\u00e9j\u00e0 \u00e9voqu\u00e9 la Bastille, ici. Le parcours : Vous pouvez afficher la course de Jannicke sur une carte plus grande\" \/>\n<meta property=\"og:url\" content=\"https:\/\/test-parisrunningtour.laurieassemat.com\/fr\/le-long-du-canal-avec-jannicke-par-une-matinee-fraiche-et-ensoleillee\/\" \/>\n<meta property=\"og:site_name\" content=\"Paris Running Tours\" \/>\n<meta property=\"article:published_time\" content=\"2010-10-23T17:57:00+00:00\" \/>\n<meta property=\"article:modified_time\" content=\"2017-01-16T16:42:01+00:00\" \/>\n<meta property=\"og:image\" content=\"https:\/\/test-parisrunningtour.laurieassemat.com\/fr\/wp-content\/uploads\/sites\/1\/2010\/10\/PRT2010-10-23_Jannicke.jpg\" \/>\n\t<meta property=\"og:image:width\" content=\"325\" \/>\n\t<meta property=\"og:image:height\" content=\"325\" \/>\n\t<meta property=\"og:image:type\" content=\"image\/jpeg\" \/>\n<meta name=\"author\" content=\"Admin\" \/>\n<meta name=\"twitter:card\" content=\"summary_large_image\" \/>\n<meta name=\"twitter:label1\" content=\"\u00c9crit par\" \/>\n\t<meta name=\"twitter:data1\" content=\"Admin\" \/>\n\t<meta name=\"twitter:label2\" content=\"Dur\u00e9e de lecture estim\u00e9e\" \/>\n\t<meta name=\"twitter:data2\" content=\"1 minute\" \/>\n<script type=\"application\/ld+json\" class=\"yoast-schema-graph\">{\"@context\":\"https:\\\/\\\/schema.org\",\"@graph\":[{\"@type\":\"Article\",\"@id\":\"https:\\\/\\\/test-parisrunningtour.laurieassemat.com\\\/fr\\\/le-long-du-canal-avec-jannicke-par-une-matinee-fraiche-et-ensoleillee\\\/#article\",\"isPartOf\":{\"@id\":\"https:\\\/\\\/test-parisrunningtour.laurieassemat.com\\\/fr\\\/le-long-du-canal-avec-jannicke-par-une-matinee-fraiche-et-ensoleillee\\\/\"},\"author\":{\"name\":\"Admin\",\"@id\":\"https:\\\/\\\/test-parisrunningtour.laurieassemat.com\\\/fr\\\/#\\\/schema\\\/person\\\/75f0dc3c395ae2b4e14e29aff8f6a5af\"},\"headline\":\"Le long du canal avec Jannicke par une matin\u00e9e fra\u00eeche et ensoleill\u00e9e\",\"datePublished\":\"2010-10-23T17:57:00+00:00\",\"dateModified\":\"2017-01-16T16:42:01+00:00\",\"mainEntityOfPage\":{\"@id\":\"https:\\\/\\\/test-parisrunningtour.laurieassemat.com\\\/fr\\\/le-long-du-canal-avec-jannicke-par-une-matinee-fraiche-et-ensoleillee\\\/\"},\"wordCount\":273,\"commentCount\":0,\"publisher\":{\"@id\":\"https:\\\/\\\/test-parisrunningtour.laurieassemat.com\\\/fr\\\/#organization\"},\"image\":{\"@id\":\"https:\\\/\\\/test-parisrunningtour.laurieassemat.com\\\/fr\\\/le-long-du-canal-avec-jannicke-par-une-matinee-fraiche-et-ensoleillee\\\/#primaryimage\"},\"thumbnailUrl\":\"https:\\\/\\\/test-parisrunningtour.laurieassemat.com\\\/fr\\\/wp-content\\\/uploads\\\/sites\\\/1\\\/2010\\\/10\\\/PRT2010-10-23_Jannicke.jpg\",\"articleSection\":[\"Bastille\",\"Canal Saint Martin\"],\"inLanguage\":\"fr-FR\",\"potentialAction\":[{\"@type\":\"CommentAction\",\"name\":\"Comment\",\"target\":[\"https:\\\/\\\/test-parisrunningtour.laurieassemat.com\\\/fr\\\/le-long-du-canal-avec-jannicke-par-une-matinee-fraiche-et-ensoleillee\\\/#respond\"]}]},{\"@type\":\"WebPage\",\"@id\":\"https:\\\/\\\/test-parisrunningtour.laurieassemat.com\\\/fr\\\/le-long-du-canal-avec-jannicke-par-une-matinee-fraiche-et-ensoleillee\\\/\",\"url\":\"https:\\\/\\\/test-parisrunningtour.laurieassemat.com\\\/fr\\\/le-long-du-canal-avec-jannicke-par-une-matinee-fraiche-et-ensoleillee\\\/\",\"name\":\"Le long du canal avec Jannicke par une matin\u00e9e fra\u00eeche et ensoleill\u00e9e | Paris Running Tours\",\"isPartOf\":{\"@id\":\"https:\\\/\\\/test-parisrunningtour.laurieassemat.com\\\/fr\\\/#website\"},\"primaryImageOfPage\":{\"@id\":\"https:\\\/\\\/test-parisrunningtour.laurieassemat.com\\\/fr\\\/le-long-du-canal-avec-jannicke-par-une-matinee-fraiche-et-ensoleillee\\\/#primaryimage\"},\"image\":{\"@id\":\"https:\\\/\\\/test-parisrunningtour.laurieassemat.com\\\/fr\\\/le-long-du-canal-avec-jannicke-par-une-matinee-fraiche-et-ensoleillee\\\/#primaryimage\"},\"thumbnailUrl\":\"https:\\\/\\\/test-parisrunningtour.laurieassemat.com\\\/fr\\\/wp-content\\\/uploads\\\/sites\\\/1\\\/2010\\\/10\\\/PRT2010-10-23_Jannicke.jpg\",\"datePublished\":\"2010-10-23T17:57:00+00:00\",\"dateModified\":\"2017-01-16T16:42:01+00:00\",\"breadcrumb\":{\"@id\":\"https:\\\/\\\/test-parisrunningtour.laurieassemat.com\\\/fr\\\/le-long-du-canal-avec-jannicke-par-une-matinee-fraiche-et-ensoleillee\\\/#breadcrumb\"},\"inLanguage\":\"fr-FR\",\"potentialAction\":[{\"@type\":\"ReadAction\",\"target\":[\"https:\\\/\\\/test-parisrunningtour.laurieassemat.com\\\/fr\\\/le-long-du-canal-avec-jannicke-par-une-matinee-fraiche-et-ensoleillee\\\/\"]}]},{\"@type\":\"ImageObject\",\"inLanguage\":\"fr-FR\",\"@id\":\"https:\\\/\\\/test-parisrunningtour.laurieassemat.com\\\/fr\\\/le-long-du-canal-avec-jannicke-par-une-matinee-fraiche-et-ensoleillee\\\/#primaryimage\",\"url\":\"https:\\\/\\\/test-parisrunningtour.laurieassemat.com\\\/fr\\\/wp-content\\\/uploads\\\/sites\\\/1\\\/2010\\\/10\\\/PRT2010-10-23_Jannicke.jpg\",\"contentUrl\":\"https:\\\/\\\/test-parisrunningtour.laurieassemat.com\\\/fr\\\/wp-content\\\/uploads\\\/sites\\\/1\\\/2010\\\/10\\\/PRT2010-10-23_Jannicke.jpg\",\"width\":325,\"height\":325,\"caption\":\"OLYMPUS DIGITAL CAMERA\"},{\"@type\":\"BreadcrumbList\",\"@id\":\"https:\\\/\\\/test-parisrunningtour.laurieassemat.com\\\/fr\\\/le-long-du-canal-avec-jannicke-par-une-matinee-fraiche-et-ensoleillee\\\/#breadcrumb\",\"itemListElement\":[{\"@type\":\"ListItem\",\"position\":1,\"name\":\"Accueil\",\"item\":\"https:\\\/\\\/test-parisrunningtour.laurieassemat.com\\\/fr\\\/\"},{\"@type\":\"ListItem\",\"position\":2,\"name\":\"Le long du canal avec Jannicke par une matin\u00e9e fra\u00eeche et ensoleill\u00e9e\"}]},{\"@type\":\"WebSite\",\"@id\":\"https:\\\/\\\/test-parisrunningtour.laurieassemat.com\\\/fr\\\/#website\",\"url\":\"https:\\\/\\\/test-parisrunningtour.laurieassemat.com\\\/fr\\\/\",\"name\":\"Paris Running Tours\",\"description\":\"D\u00e9couvrir Paris en courant\",\"publisher\":{\"@id\":\"https:\\\/\\\/test-parisrunningtour.laurieassemat.com\\\/fr\\\/#organization\"},\"potentialAction\":[{\"@type\":\"SearchAction\",\"target\":{\"@type\":\"EntryPoint\",\"urlTemplate\":\"https:\\\/\\\/test-parisrunningtour.laurieassemat.com\\\/fr\\\/?s={search_term_string}\"},\"query-input\":{\"@type\":\"PropertyValueSpecification\",\"valueRequired\":true,\"valueName\":\"search_term_string\"}}],\"inLanguage\":\"fr-FR\"},{\"@type\":\"Organization\",\"@id\":\"https:\\\/\\\/test-parisrunningtour.laurieassemat.com\\\/fr\\\/#organization\",\"name\":\"Paris Running Tours\",\"url\":\"https:\\\/\\\/test-parisrunningtour.laurieassemat.com\\\/fr\\\/\",\"logo\":{\"@type\":\"ImageObject\",\"inLanguage\":\"fr-FR\",\"@id\":\"https:\\\/\\\/test-parisrunningtour.laurieassemat.com\\\/fr\\\/#\\\/schema\\\/logo\\\/image\\\/\",\"url\":\"https:\\\/\\\/test-parisrunningtour.laurieassemat.com\\\/fr\\\/wp-content\\\/uploads\\\/sites\\\/1\\\/2016\\\/12\\\/cropped-faviconPRT.png\",\"contentUrl\":\"https:\\\/\\\/test-parisrunningtour.laurieassemat.com\\\/fr\\\/wp-content\\\/uploads\\\/sites\\\/1\\\/2016\\\/12\\\/cropped-faviconPRT.png\",\"width\":512,\"height\":512,\"caption\":\"Paris Running Tours\"},\"image\":{\"@id\":\"https:\\\/\\\/test-parisrunningtour.laurieassemat.com\\\/fr\\\/#\\\/schema\\\/logo\\\/image\\\/\"}},{\"@type\":\"Person\",\"@id\":\"https:\\\/\\\/test-parisrunningtour.laurieassemat.com\\\/fr\\\/#\\\/schema\\\/person\\\/75f0dc3c395ae2b4e14e29aff8f6a5af\",\"name\":\"Admin\",\"image\":{\"@type\":\"ImageObject\",\"inLanguage\":\"fr-FR\",\"@id\":\"https:\\\/\\\/secure.gravatar.com\\\/avatar\\\/2980d1c79775d028873614111fac5ea2906175b9eba90c2fe773d875d19902e0?s=96&d=mm&r=g\",\"url\":\"https:\\\/\\\/secure.gravatar.com\\\/avatar\\\/2980d1c79775d028873614111fac5ea2906175b9eba90c2fe773d875d19902e0?s=96&d=mm&r=g\",\"contentUrl\":\"https:\\\/\\\/secure.gravatar.com\\\/avatar\\\/2980d1c79775d028873614111fac5ea2906175b9eba90c2fe773d875d19902e0?s=96&d=mm&r=g\",\"caption\":\"Admin\"},\"sameAs\":[\"https:\\\/\\\/www.parisrunningtour.com\"]}]}<\/script>\n<!-- \/ Yoast SEO plugin. -->","yoast_head_json":{"title":"Le long du canal avec Jannicke par une matin\u00e9e fra\u00eeche et ensoleill\u00e9e | Paris Running Tours","robots":{"index":"noindex","follow":"follow","max-snippet":"max-snippet:-1","max-image-preview":"max-image-preview:large","max-video-preview":"max-video-preview:-1"},"og_locale":"fr_FR","og_type":"article","og_title":"Le long du canal avec Jannicke par une matin\u00e9e fra\u00eeche et ensoleill\u00e9e | Paris Running Tours","og_description":"Place de la Bastille &#8211; Colonne de Juillet &#8211; Jannicke 7h57 Avec Jannicke d&rsquo;Oslo (Norv\u00e8ge), nous sommes partis du quartier du Marais et avons couru le long du canal Saint-Martin en passant par la place de la R\u00e9publique pour rejoindre la place de la Bastille et le port de plaisance du bassin de l&rsquo;Arsenal, o\u00f9 de nombreux yachts flottent sur l&rsquo;eau calme. Nous avons aim\u00e9 courir dans le matin froid (+3\u00b0C environ, une temp\u00e9rature relativement fra\u00eeche \u00e0 Paris pour un mois d&rsquo;octobre), avons fait le tour de la place des Vosges et fini le long de la Seine au pied de la cath\u00e9drale Notre Dame de Paris avec un soleil levant bien agr\u00e9able. Merci Jannicke ! Sur notre chemin : Sur la place de la Bastille se dresse la Colonne de Juillet. Ce monument comm\u00e9more la r\u00e9volution de 1830 (et non pas celle de 1789), les \u00ab\u00a0trois glorieuses\u00a0\u00bb, ces trois journ\u00e9es de juillet 1830 qui virent le d\u00e9but de la Monarchie de juillet o\u00f9 Louis-Philippe, le \u00ab\u00a0Roi des fran\u00e7ais\u00a0\u00bb rempla\u00e7a Charles X, le \u00ab\u00a0Roi de France\u00a0\u00bb, d\u00e9chu. Cette colonne, avec \u00e0 son sommet \u00ab\u00a0Le G\u00e9nie de la Libert\u00e9\u00a0\u00bb est inspir\u00e9e de la colonne Trajan \u00e0 Rome. La colonne au centre de la place Vend\u00f4me \u00e0 Paris est aussi inspir\u00e9e de la colonne romaine, avec cette fois-ci, habill\u00e9 en empereur romain, Napol\u00e9on \u00e0 son sommet ! Nous avons d\u00e9j\u00e0 \u00e9voqu\u00e9 la Bastille, ici. Le parcours : Vous pouvez afficher la course de Jannicke sur une carte plus grande","og_url":"https:\/\/test-parisrunningtour.laurieassemat.com\/fr\/le-long-du-canal-avec-jannicke-par-une-matinee-fraiche-et-ensoleillee\/","og_site_name":"Paris Running Tours","article_published_time":"2010-10-23T17:57:00+00:00","article_modified_time":"2017-01-16T16:42:01+00:00","og_image":[{"width":325,"height":325,"url":"https:\/\/test-parisrunningtour.laurieassemat.com\/fr\/wp-content\/uploads\/sites\/1\/2010\/10\/PRT2010-10-23_Jannicke.jpg","type":"image\/jpeg"}],"author":"Admin","twitter_card":"summary_large_image","twitter_misc":{"\u00c9crit par":"Admin","Dur\u00e9e de lecture estim\u00e9e":"1 minute"},"schema":{"@context":"https:\/\/schema.org","@graph":[{"@type":"Article","@id":"https:\/\/test-parisrunningtour.laurieassemat.com\/fr\/le-long-du-canal-avec-jannicke-par-une-matinee-fraiche-et-ensoleillee\/#article","isPartOf":{"@id":"https:\/\/test-parisrunningtour.laurieassemat.com\/fr\/le-long-du-canal-avec-jannicke-par-une-matinee-fraiche-et-ensoleillee\/"},"author":{"name":"Admin","@id":"https:\/\/test-parisrunningtour.laurieassemat.com\/fr\/#\/schema\/person\/75f0dc3c395ae2b4e14e29aff8f6a5af"},"headline":"Le long du canal avec Jannicke par une matin\u00e9e fra\u00eeche et ensoleill\u00e9e","datePublished":"2010-10-23T17:57:00+00:00","dateModified":"2017-01-16T16:42:01+00:00","mainEntityOfPage":{"@id":"https:\/\/test-parisrunningtour.laurieassemat.com\/fr\/le-long-du-canal-avec-jannicke-par-une-matinee-fraiche-et-ensoleillee\/"},"wordCount":273,"commentCount":0,"publisher":{"@id":"https:\/\/test-parisrunningtour.laurieassemat.com\/fr\/#organization"},"image":{"@id":"https:\/\/test-parisrunningtour.laurieassemat.com\/fr\/le-long-du-canal-avec-jannicke-par-une-matinee-fraiche-et-ensoleillee\/#primaryimage"},"thumbnailUrl":"https:\/\/test-parisrunningtour.laurieassemat.com\/fr\/wp-content\/uploads\/sites\/1\/2010\/10\/PRT2010-10-23_Jannicke.jpg","articleSection":["Bastille","Canal Saint Martin"],"inLanguage":"fr-FR","potentialAction":[{"@type":"CommentAction","name":"Comment","target":["https:\/\/test-parisrunningtour.laurieassemat.com\/fr\/le-long-du-canal-avec-jannicke-par-une-matinee-fraiche-et-ensoleillee\/#respond"]}]},{"@type":"WebPage","@id":"https:\/\/test-parisrunningtour.laurieassemat.com\/fr\/le-long-du-canal-avec-jannicke-par-une-matinee-fraiche-et-ensoleillee\/","url":"https:\/\/test-parisrunningtour.laurieassemat.com\/fr\/le-long-du-canal-avec-jannicke-par-une-matinee-fraiche-et-ensoleillee\/","name":"Le long du canal avec Jannicke par une matin\u00e9e fra\u00eeche et ensoleill\u00e9e | Paris Running Tours","isPartOf":{"@id":"https:\/\/test-parisrunningtour.laurieassemat.com\/fr\/#website"},"primaryImageOfPage":{"@id":"https:\/\/test-parisrunningtour.laurieassemat.com\/fr\/le-long-du-canal-avec-jannicke-par-une-matinee-fraiche-et-ensoleillee\/#primaryimage"},"image":{"@id":"https:\/\/test-parisrunningtour.laurieassemat.com\/fr\/le-long-du-canal-avec-jannicke-par-une-matinee-fraiche-et-ensoleillee\/#primaryimage"},"thumbnailUrl":"https:\/\/test-parisrunningtour.laurieassemat.com\/fr\/wp-content\/uploads\/sites\/1\/2010\/10\/PRT2010-10-23_Jannicke.jpg","datePublished":"2010-10-23T17:57:00+00:00","dateModified":"2017-01-16T16:42:01+00:00","breadcrumb":{"@id":"https:\/\/test-parisrunningtour.laurieassemat.com\/fr\/le-long-du-canal-avec-jannicke-par-une-matinee-fraiche-et-ensoleillee\/#breadcrumb"},"inLanguage":"fr-FR","potentialAction":[{"@type":"ReadAction","target":["https:\/\/test-parisrunningtour.laurieassemat.com\/fr\/le-long-du-canal-avec-jannicke-par-une-matinee-fraiche-et-ensoleillee\/"]}]},{"@type":"ImageObject","inLanguage":"fr-FR","@id":"https:\/\/test-parisrunningtour.laurieassemat.com\/fr\/le-long-du-canal-avec-jannicke-par-une-matinee-fraiche-et-ensoleillee\/#primaryimage","url":"https:\/\/test-parisrunningtour.laurieassemat.com\/fr\/wp-content\/uploads\/sites\/1\/2010\/10\/PRT2010-10-23_Jannicke.jpg","contentUrl":"https:\/\/test-parisrunningtour.laurieassemat.com\/fr\/wp-content\/uploads\/sites\/1\/2010\/10\/PRT2010-10-23_Jannicke.jpg","width":325,"height":325,"caption":"OLYMPUS DIGITAL CAMERA"},{"@type":"BreadcrumbList","@id":"https:\/\/test-parisrunningtour.laurieassemat.com\/fr\/le-long-du-canal-avec-jannicke-par-une-matinee-fraiche-et-ensoleillee\/#breadcrumb","itemListElement":[{"@type":"ListItem","position":1,"name":"Accueil","item":"https:\/\/test-parisrunningtour.laurieassemat.com\/fr\/"},{"@type":"ListItem","position":2,"name":"Le long du canal avec Jannicke par une matin\u00e9e fra\u00eeche et ensoleill\u00e9e"}]},{"@type":"WebSite","@id":"https:\/\/test-parisrunningtour.laurieassemat.com\/fr\/#website","url":"https:\/\/test-parisrunningtour.laurieassemat.com\/fr\/","name":"Paris Running Tours","description":"D\u00e9couvrir Paris en courant","publisher":{"@id":"https:\/\/test-parisrunningtour.laurieassemat.com\/fr\/#organization"},"potentialAction":[{"@type":"SearchAction","target":{"@type":"EntryPoint","urlTemplate":"https:\/\/test-parisrunningtour.laurieassemat.com\/fr\/?s={search_term_string}"},"query-input":{"@type":"PropertyValueSpecification","valueRequired":true,"valueName":"search_term_string"}}],"inLanguage":"fr-FR"},{"@type":"Organization","@id":"https:\/\/test-parisrunningtour.laurieassemat.com\/fr\/#organization","name":"Paris Running Tours","url":"https:\/\/test-parisrunningtour.laurieassemat.com\/fr\/","logo":{"@type":"ImageObject","inLanguage":"fr-FR","@id":"https:\/\/test-parisrunningtour.laurieassemat.com\/fr\/#\/schema\/logo\/image\/","url":"https:\/\/test-parisrunningtour.laurieassemat.com\/fr\/wp-content\/uploads\/sites\/1\/2016\/12\/cropped-faviconPRT.png","contentUrl":"https:\/\/test-parisrunningtour.laurieassemat.com\/fr\/wp-content\/uploads\/sites\/1\/2016\/12\/cropped-faviconPRT.png","width":512,"height":512,"caption":"Paris Running Tours"},"image":{"@id":"https:\/\/test-parisrunningtour.laurieassemat.com\/fr\/#\/schema\/logo\/image\/"}},{"@type":"Person","@id":"https:\/\/test-parisrunningtour.laurieassemat.com\/fr\/#\/schema\/person\/75f0dc3c395ae2b4e14e29aff8f6a5af","name":"Admin","image":{"@type":"ImageObject","inLanguage":"fr-FR","@id":"https:\/\/secure.gravatar.com\/avatar\/2980d1c79775d028873614111fac5ea2906175b9eba90c2fe773d875d19902e0?s=96&d=mm&r=g","url":"https:\/\/secure.gravatar.com\/avatar\/2980d1c79775d028873614111fac5ea2906175b9eba90c2fe773d875d19902e0?s=96&d=mm&r=g","contentUrl":"https:\/\/secure.gravatar.com\/avatar\/2980d1c79775d028873614111fac5ea2906175b9eba90c2fe773d875d19902e0?s=96&d=mm&r=g","caption":"Admin"},"sameAs":["https:\/\/www.parisrunningtour.com"]}]}},"_links":{"self":[{"href":"https:\/\/test-parisrunningtour.laurieassemat.com\/fr\/wp-json\/wp\/v2\/posts\/160","targetHints":{"allow":["GET"]}}],"collection":[{"href":"https:\/\/test-parisrunningtour.laurieassemat.com\/fr\/wp-json\/wp\/v2\/posts"}],"about":[{"href":"https:\/\/test-parisrunningtour.laurieassemat.com\/fr\/wp-json\/wp\/v2\/types\/post"}],"author":[{"embeddable":true,"href":"https:\/\/test-parisrunningtour.laurieassemat.com\/fr\/wp-json\/wp\/v2\/users\/1"}],"replies":[{"embeddable":true,"href":"https:\/\/test-parisrunningtour.laurieassemat.com\/fr\/wp-json\/wp\/v2\/comments?post=160"}],"version-history":[{"count":1,"href":"https:\/\/test-parisrunningtour.laurieassemat.com\/fr\/wp-json\/wp\/v2\/posts\/160\/revisions"}],"predecessor-version":[{"id":1454,"href":"https:\/\/test-parisrunningtour.laurieassemat.com\/fr\/wp-json\/wp\/v2\/posts\/160\/revisions\/1454"}],"wp:featuredmedia":[{"embeddable":true,"href":"https:\/\/test-parisrunningtour.laurieassemat.com\/fr\/wp-json\/wp\/v2\/media\/1453"}],"wp:attachment":[{"href":"https:\/\/test-parisrunningtour.laurieassemat.com\/fr\/wp-json\/wp\/v2\/media?parent=160"}],"wp:term":[{"taxonomy":"category","embeddable":true,"href":"https:\/\/test-parisrunningtour.laurieassemat.com\/fr\/wp-json\/wp\/v2\/categories?post=160"},{"taxonomy":"post_tag","embeddable":true,"href":"https:\/\/test-parisrunningtour.laurieassemat.com\/fr\/wp-json\/wp\/v2\/tags?post=160"}],"curies":[{"name":"wp","href":"https:\/\/api.w.org\/{rel}","templated":true}]}}