{"id":64,"date":"2014-04-30T11:03:00","date_gmt":"2014-04-30T09:03:00","guid":{"rendered":"http:\/\/runningtour.paris\/blog\/2014\/04\/30\/marronniers-en-fleurs-place-dauphine-avec-lena\/"},"modified":"2017-01-16T15:12:12","modified_gmt":"2017-01-16T14:12:12","slug":"marronniers-en-fleurs-place-dauphine-avec-lena","status":"publish","type":"post","link":"https:\/\/test-parisrunningtour.laurieassemat.com\/fr\/marronniers-en-fleurs-place-dauphine-avec-lena\/","title":{"rendered":"Marronniers en fleurs, place Dauphine, avec Lena"},"content":{"rendered":"<div style=\"clear: both; text-align: center;\"><\/div>\n<table style=\"margin-left: auto; margin-right: auto; text-align: center;\" cellspacing=\"0\" cellpadding=\"0\" align=\"center\">\n<tbody>\n<tr>\n<td style=\"text-align: center;\"><a style=\"margin-left: auto; margin-right: auto;\" href=\"http:\/\/1.bp.blogspot.com\/-q5iF9Sp7OJo\/U6k69tBAN9I\/AAAAAAAACE4\/4UYG09DPpE0\/s1600\/PRT2014-04-30_23_PlaceDauphine.jpg\" target=\"_blank\"><img fetchpriority=\"high\" decoding=\"async\" title=\"Cliquer sur l'image pour l'agrandir\" src=\"http:\/\/1.bp.blogspot.com\/-q5iF9Sp7OJo\/U6k69tBAN9I\/AAAAAAAACE4\/4UYG09DPpE0\/s1600\/PRT2014-04-30_23_PlaceDauphine.jpg\" alt=\"\" width=\"640\" height=\"450\" border=\"0\" \/><\/a><\/td>\n<\/tr>\n<tr>\n<td style=\"text-align: center;\"><span style=\"font-family: Trebuchet MS, sans-serif;\">Lena &#8211; Place Dauphine<\/span><\/td>\n<\/tr>\n<\/tbody>\n<\/table>\n<p><b style=\"font-family: 'Trebuchet MS', sans-serif;\">11h03 &#8211;<\/b><span style=\"font-family: 'Trebuchet MS', sans-serif;\">\u00a0Lena vient de Su\u00e8de. C&rsquo;est un Paris bien printanier que nous avons travers\u00e9 en courant.<\/span><br \/>\n<span style=\"font-family: 'Trebuchet MS', sans-serif;\">Regardez la photo ci-dessus o\u00f9 la place Dauphine affiche fi\u00e8rement ses marronniers en fleur.<\/span><br \/>\n<span style=\"font-family: 'Trebuchet MS', sans-serif;\">Cr\u00e9\u00e9e peu apr\u00e8s la Place des Vosges (\u00e0 l&rsquo;\u00e9poque, Place Royale), la place Dauphine doit son nom au fils du roi, le Dauphin, futur Louis XIII, fils d&rsquo;Henri IV (dont on peut voir la statue \u00e0 l&rsquo;ouest de la place).<\/span><br \/>\n<span style=\"font-family: 'Trebuchet MS', sans-serif;\">Belle petite place tranquille, ouverte sur le Palais de Justice, c&rsquo;\u00e9tait jusqu&rsquo;en 1874 une place ferm\u00e9e par un troisi\u00e8me c\u00f4t\u00e9 d&rsquo;immeuble. La place \u00e9tait alors un<\/span><span style=\"font-family: 'Trebuchet MS', sans-serif;\">\u00a0triangle complet.<\/span><br \/>\n<span style=\"font-family: 'Trebuchet MS', sans-serif;\"><br \/>\n<\/span><\/p>\n<table style=\"margin-left: auto; margin-right: auto; text-align: center;\" cellspacing=\"0\" cellpadding=\"0\" align=\"center\">\n<tbody>\n<tr>\n<td style=\"text-align: center;\"><img decoding=\"async\" style=\"margin-left: auto; margin-right: auto;\" src=\"http:\/\/2.bp.blogspot.com\/-TBcfgoFtJ2Q\/U8Kt0BBulZI\/AAAAAAAACI4\/79wHYyDcNqA\/s1600\/PlaceDauphinePlansAvtApr.jpg\" border=\"0\" \/><\/td>\n<\/tr>\n<tr>\n<td style=\"text-align: center;\"><span style=\"font-family: Trebuchet MS, sans-serif;\">Avant &#8211; Apr\u00e8s<\/span><\/td>\n<\/tr>\n<\/tbody>\n<\/table>\n<p><span style=\"font-family: 'Trebuchet MS', sans-serif;\"><br \/>\n<\/span><span style=\"font-family: 'Trebuchet MS', sans-serif;\">Voici les immeubles qui constituaient la base du triangle :<\/span><br \/>\n<span style=\"font-family: 'Trebuchet MS', sans-serif;\"><br \/>\n<\/span><\/p>\n<table style=\"margin-left: auto; margin-right: auto; text-align: center;\" cellspacing=\"0\" cellpadding=\"0\" align=\"center\">\n<tbody>\n<tr>\n<td style=\"text-align: center;\"><a style=\"margin-left: auto; margin-right: auto;\" href=\"http:\/\/2.bp.blogspot.com\/-xQJl2Si46ZE\/U8KuuCt5OmI\/AAAAAAAACJA\/KwUiABgl1ZA\/s1600\/PlaceDauphineAvant1874.JPG\" target=\"_blank\"><img decoding=\"async\" title=\"Cliquer sur l'image pour l'agrandir\" src=\"http:\/\/2.bp.blogspot.com\/-xQJl2Si46ZE\/U8KuuCt5OmI\/AAAAAAAACJA\/KwUiABgl1ZA\/s1600\/PlaceDauphineAvant1874.JPG\" alt=\"\" width=\"640\" height=\"400\" border=\"0\" \/><\/a><\/td>\n<\/tr>\n<tr>\n<td style=\"text-align: center;\"><span style=\"font-family: Trebuchet MS, sans-serif;\">Place Dauphine avant 1874 &#8211; C\u00f4t\u00e9 Est &#8211; Pas d&rsquo;arbres !<\/span><\/td>\n<\/tr>\n<\/tbody>\n<\/table>\n<p><span style=\"font-family: 'Trebuchet MS', sans-serif;\"><br \/>\n<\/span><span style=\"font-family: 'Trebuchet MS', sans-serif;\">D&rsquo;autres beaux arbres et v\u00e9g\u00e9taux ont accompagn\u00e9 notre parcours :<\/span><br \/>\n<span style=\"font-family: 'Trebuchet MS', sans-serif;\"><br \/>\n<\/span><span style=\"font-family: 'Trebuchet MS', sans-serif;\"><b>Le plus vieil arbre de Paris<\/b><\/span><br \/>\n<span style=\"font-family: 'Trebuchet MS', sans-serif;\"><b><br \/>\n<\/b><\/span><\/p>\n<table style=\"margin-left: auto; margin-right: auto; text-align: center;\" cellspacing=\"0\" cellpadding=\"0\" align=\"center\">\n<tbody>\n<tr>\n<td style=\"text-align: center;\"><img decoding=\"async\" src=\"http:\/\/2.bp.blogspot.com\/-xyZ2nFPxdWA\/U8KwxdM2IKI\/AAAAAAAACJM\/0mkbDbW0-Es\/s1600\/PRT2014-04-30_21_OldestTreeOfParis.jpg\" width=\"441\" height=\"640\" border=\"0\" \/><\/td>\n<\/tr>\n<tr>\n<td style=\"text-align: center;\"><span style=\"font-family: Trebuchet MS, sans-serif;\">Lena &#8211; Robinier (Robinia pseudoacacia) plant\u00e9 en 1602 (Square Ren\u00e9 Viviani)<\/span><\/td>\n<\/tr>\n<\/tbody>\n<\/table>\n<p><span style=\"font-family: 'Trebuchet MS', sans-serif;\"><br \/>\n<\/span><span style=\"font-family: 'Trebuchet MS', sans-serif;\"><b>Le mur v\u00e9g\u00e9tal qui couvre une partie des b\u00e2timents du Mus\u00e9e du Quai Branly<\/b><\/span><br \/>\n<span style=\"font-family: 'Trebuchet MS', sans-serif;\"><b><br \/>\n<\/b><\/span><\/p>\n<table style=\"margin-left: auto; margin-right: auto; text-align: center;\" cellspacing=\"0\" cellpadding=\"0\" align=\"center\">\n<tbody>\n<tr>\n<td style=\"text-align: center;\"><a style=\"margin-left: auto; margin-right: auto;\" href=\"http:\/\/4.bp.blogspot.com\/-ker0SNcbTSI\/U8KzE5sfWLI\/AAAAAAAACJg\/zmps52qgjpM\/s1600\/PRT2014-04-30_04_AdmMuseeDuQuaiBranly.jpg\" target=\"_blank\"><img loading=\"lazy\" decoding=\"async\" title=\"Cliquez sur l'image pour l'agrandir\" src=\"http:\/\/4.bp.blogspot.com\/-ker0SNcbTSI\/U8KzE5sfWLI\/AAAAAAAACJg\/zmps52qgjpM\/s1600\/PRT2014-04-30_04_AdmMuseeDuQuaiBranly.jpg\" alt=\"\" width=\"640\" height=\"384\" border=\"0\" \/><\/a><\/td>\n<\/tr>\n<tr>\n<td style=\"text-align: center;\"><span style=\"font-family: Trebuchet MS, sans-serif;\">Lena &#8211; Mur v\u00e9g\u00e9tal cr\u00e9\u00e9 en 2004 par Patrick Blanc (B\u00e2timents administratifs du Mus\u00e9e du Quai Branly)<\/span><\/td>\n<\/tr>\n<\/tbody>\n<\/table>\n<p><span style=\"font-family: 'Trebuchet MS', sans-serif;\"><br \/>\n<\/span><b style=\"font-family: 'Trebuchet MS', sans-serif;\">Les arbres qui longent les nouvelles berges de la Seine<\/b><br \/>\n<b style=\"font-family: 'Trebuchet MS', sans-serif;\"><br \/>\n<\/b><\/p>\n<table style=\"margin-left: auto; margin-right: auto; text-align: center;\" cellspacing=\"0\" cellpadding=\"0\" align=\"center\">\n<tbody>\n<tr>\n<td style=\"text-align: center;\"><img loading=\"lazy\" decoding=\"async\" src=\"http:\/\/4.bp.blogspot.com\/-jgKNkbaJrSA\/U8KyCdLm00I\/AAAAAAAACJY\/KynctxYFKZM\/s1600\/PRT2014-04-30_13_BergesDeLaSeine.jpg\" width=\"609\" height=\"640\" border=\"0\" \/><\/td>\n<\/tr>\n<tr>\n<td style=\"text-align: center;\"><span style=\"font-family: Trebuchet MS, sans-serif;\">Lena &#8211; Berges de Seine (rive gauche) &#8211; Au fond, la tour Eiffel<\/span><\/td>\n<\/tr>\n<\/tbody>\n<\/table>\n<div style=\"clear: both; text-align: center;\"><\/div>\n<div style=\"clear: both; text-align: center;\"><\/div>\n<div style=\"clear: both; text-align: center;\"><img decoding=\"async\" src=\"http:\/\/3.bp.blogspot.com\/-mfU1DMPBx44\/U8K3tztylOI\/AAAAAAAACJs\/XeQaxqhJCVs\/s1600\/PRT2014-04-30_17_PontDesArts.jpg\" border=\"0\" \/><\/div>\n<p><span style=\"font-family: 'Trebuchet MS', sans-serif;\"><br \/>\n<\/span><\/p>\n<div style=\"text-align: center;\"><span style=\"font-family: 'Trebuchet MS', sans-serif;\">Merci Lena !<\/span><\/div>\n<p><span style=\"font-family: 'Trebuchet MS', sans-serif;\"><br \/>\n<\/span><b style=\"font-family: 'Trebuchet MS', sans-serif;\">Le circuit du tour :<\/b><\/p>\n<div style=\"clear: both; text-align: center;\"><\/div>\n<div style=\"clear: both; text-align: center;\"><\/div>\n<div style=\"clear: both; text-align: center;\"><\/div>\n<div style=\"clear: both; text-align: center;\"><\/div>\n<div style=\"clear: both; text-align: center;\"><a style=\"clear: left; float: left; margin-bottom: 1em; margin-right: 1em;\" href=\"http:\/\/4.bp.blogspot.com\/-ATHW6hvPOWA\/U8KmOqqyFVI\/AAAAAAAACIo\/q5TRz23ClVE\/s1600\/TourLena14,7km.jpg\" target=\"_blank\"><img loading=\"lazy\" decoding=\"async\" title=\"Cliquez sur l'image pour l'agrandir\" src=\"http:\/\/4.bp.blogspot.com\/-ATHW6hvPOWA\/U8KmOqqyFVI\/AAAAAAAACIo\/q5TRz23ClVE\/s1600\/TourLena14,7km.jpg\" alt=\"\" width=\"640\" height=\"318\" border=\"0\" \/><\/a><\/div>\n<p><span style=\"font-family: Trebuchet MS, sans-serif; font-size: x-small;\"><br \/>\n<\/span><\/p>\n","protected":false},"excerpt":{"rendered":"<p>Lena &#8211; Place Dauphine 11h03 &#8211;\u00a0Lena vient de Su\u00e8de. C&rsquo;est un Paris bien printanier que nous avons travers\u00e9 en courant. Regardez la photo ci-dessus o\u00f9 la place Dauphine affiche fi\u00e8rement ses marronniers en fleur. Cr\u00e9\u00e9e peu apr\u00e8s la Place des Vosges (\u00e0 l&rsquo;\u00e9poque, Place Royale), la place Dauphine doit son nom au fils du roi, le Dauphin, futur Louis XIII, fils d&rsquo;Henri IV (dont on peut voir la statue \u00e0 l&rsquo;ouest de la place). Belle petite place tranquille, ouverte sur le Palais de Justice, c&rsquo;\u00e9tait jusqu&rsquo;en 1874 une place ferm\u00e9e par un troisi\u00e8me c\u00f4t\u00e9 d&rsquo;immeuble. La place \u00e9tait alors un\u00a0triangle complet. Avant &#8211; Apr\u00e8s Voici les immeubles qui constituaient la base du triangle : Place Dauphine avant 1874 &#8211; C\u00f4t\u00e9 Est &#8211; Pas d&rsquo;arbres ! D&rsquo;autres beaux arbres et v\u00e9g\u00e9taux ont accompagn\u00e9 notre parcours : Le plus vieil arbre de Paris Lena &#8211; Robinier (Robinia pseudoacacia) plant\u00e9 en 1602 (Square Ren\u00e9 Viviani) Le mur v\u00e9g\u00e9tal qui couvre une partie des b\u00e2timents du Mus\u00e9e du Quai Branly Lena &#8211; Mur v\u00e9g\u00e9tal cr\u00e9\u00e9 en 2004 par Patrick Blanc (B\u00e2timents administratifs du Mus\u00e9e du Quai Branly) Les arbres qui longent les nouvelles berges de la Seine Lena &#8211; Berges de Seine (rive gauche) &#8211; Au fond, la tour Eiffel Merci Lena ! Le circuit du tour :<\/p>\n","protected":false},"author":1,"featured_media":1254,"comment_status":"open","ping_status":"open","sticky":false,"template":"","format":"standard","meta":{"footnotes":""},"categories":[50,49,3,10],"tags":[],"class_list":["post-64","post","type-post","status-publish","format-standard","has-post-thumbnail","hentry","category-cite-ile-de-la","category-musee-du-quai-branly","category-place-dauphine","category-tour-eiffel"],"yoast_head":"<!-- This site is optimized with the Yoast SEO plugin v27.5 - https:\/\/yoast.com\/product\/yoast-seo-wordpress\/ -->\n<title>Marronniers en fleurs, place Dauphine, avec Lena | Paris Running Tours<\/title>\n<meta name=\"robots\" content=\"noindex, follow, max-snippet:-1, max-image-preview:large, max-video-preview:-1\" \/>\n<meta property=\"og:locale\" content=\"fr_FR\" \/>\n<meta property=\"og:type\" content=\"article\" \/>\n<meta property=\"og:title\" content=\"Marronniers en fleurs, place Dauphine, avec Lena | Paris Running Tours\" \/>\n<meta property=\"og:description\" content=\"Lena &#8211; Place Dauphine 11h03 &#8211;\u00a0Lena vient de Su\u00e8de. C&rsquo;est un Paris bien printanier que nous avons travers\u00e9 en courant. Regardez la photo ci-dessus o\u00f9 la place Dauphine affiche fi\u00e8rement ses marronniers en fleur. Cr\u00e9\u00e9e peu apr\u00e8s la Place des Vosges (\u00e0 l&rsquo;\u00e9poque, Place Royale), la place Dauphine doit son nom au fils du roi, le Dauphin, futur Louis XIII, fils d&rsquo;Henri IV (dont on peut voir la statue \u00e0 l&rsquo;ouest de la place). Belle petite place tranquille, ouverte sur le Palais de Justice, c&rsquo;\u00e9tait jusqu&rsquo;en 1874 une place ferm\u00e9e par un troisi\u00e8me c\u00f4t\u00e9 d&rsquo;immeuble. La place \u00e9tait alors un\u00a0triangle complet. Avant &#8211; Apr\u00e8s Voici les immeubles qui constituaient la base du triangle : Place Dauphine avant 1874 &#8211; C\u00f4t\u00e9 Est &#8211; Pas d&rsquo;arbres ! D&rsquo;autres beaux arbres et v\u00e9g\u00e9taux ont accompagn\u00e9 notre parcours : Le plus vieil arbre de Paris Lena &#8211; Robinier (Robinia pseudoacacia) plant\u00e9 en 1602 (Square Ren\u00e9 Viviani) Le mur v\u00e9g\u00e9tal qui couvre une partie des b\u00e2timents du Mus\u00e9e du Quai Branly Lena &#8211; Mur v\u00e9g\u00e9tal cr\u00e9\u00e9 en 2004 par Patrick Blanc (B\u00e2timents administratifs du Mus\u00e9e du Quai Branly) Les arbres qui longent les nouvelles berges de la Seine Lena &#8211; Berges de Seine (rive gauche) &#8211; Au fond, la tour Eiffel Merci Lena ! Le circuit du tour :\" \/>\n<meta property=\"og:url\" content=\"https:\/\/test-parisrunningtour.laurieassemat.com\/fr\/marronniers-en-fleurs-place-dauphine-avec-lena\/\" \/>\n<meta property=\"og:site_name\" content=\"Paris Running Tours\" \/>\n<meta property=\"article:published_time\" content=\"2014-04-30T09:03:00+00:00\" \/>\n<meta property=\"article:modified_time\" content=\"2017-01-16T14:12:12+00:00\" \/>\n<meta property=\"og:image\" content=\"https:\/\/test-parisrunningtour.laurieassemat.com\/fr\/wp-content\/uploads\/sites\/1\/2014\/04\/PRT2014-04-30_23_PlaceDauphine.jpg\" \/>\n\t<meta property=\"og:image:width\" content=\"900\" \/>\n\t<meta property=\"og:image:height\" content=\"900\" \/>\n\t<meta property=\"og:image:type\" content=\"image\/jpeg\" \/>\n<meta name=\"author\" content=\"Admin\" \/>\n<meta name=\"twitter:card\" content=\"summary_large_image\" \/>\n<meta name=\"twitter:label1\" content=\"\u00c9crit par\" \/>\n\t<meta name=\"twitter:data1\" content=\"Admin\" \/>\n\t<meta name=\"twitter:label2\" content=\"Dur\u00e9e de lecture estim\u00e9e\" \/>\n\t<meta name=\"twitter:data2\" content=\"1 minute\" \/>\n<script type=\"application\/ld+json\" class=\"yoast-schema-graph\">{\"@context\":\"https:\\\/\\\/schema.org\",\"@graph\":[{\"@type\":\"Article\",\"@id\":\"https:\\\/\\\/test-parisrunningtour.laurieassemat.com\\\/fr\\\/marronniers-en-fleurs-place-dauphine-avec-lena\\\/#article\",\"isPartOf\":{\"@id\":\"https:\\\/\\\/test-parisrunningtour.laurieassemat.com\\\/fr\\\/marronniers-en-fleurs-place-dauphine-avec-lena\\\/\"},\"author\":{\"name\":\"Admin\",\"@id\":\"https:\\\/\\\/test-parisrunningtour.laurieassemat.com\\\/fr\\\/#\\\/schema\\\/person\\\/75f0dc3c395ae2b4e14e29aff8f6a5af\"},\"headline\":\"Marronniers en fleurs, place Dauphine, avec Lena\",\"datePublished\":\"2014-04-30T09:03:00+00:00\",\"dateModified\":\"2017-01-16T14:12:12+00:00\",\"mainEntityOfPage\":{\"@id\":\"https:\\\/\\\/test-parisrunningtour.laurieassemat.com\\\/fr\\\/marronniers-en-fleurs-place-dauphine-avec-lena\\\/\"},\"wordCount\":240,\"commentCount\":0,\"publisher\":{\"@id\":\"https:\\\/\\\/test-parisrunningtour.laurieassemat.com\\\/fr\\\/#organization\"},\"image\":{\"@id\":\"https:\\\/\\\/test-parisrunningtour.laurieassemat.com\\\/fr\\\/marronniers-en-fleurs-place-dauphine-avec-lena\\\/#primaryimage\"},\"thumbnailUrl\":\"https:\\\/\\\/test-parisrunningtour.laurieassemat.com\\\/fr\\\/wp-content\\\/uploads\\\/sites\\\/1\\\/2014\\\/04\\\/PRT2014-04-30_23_PlaceDauphine.jpg\",\"articleSection\":[\"Cit\u00e9 (Ile de la)\",\"Mus\u00e9e du Quai Branly\",\"Place Dauphine\",\"Tour Eiffel\"],\"inLanguage\":\"fr-FR\",\"potentialAction\":[{\"@type\":\"CommentAction\",\"name\":\"Comment\",\"target\":[\"https:\\\/\\\/test-parisrunningtour.laurieassemat.com\\\/fr\\\/marronniers-en-fleurs-place-dauphine-avec-lena\\\/#respond\"]}]},{\"@type\":\"WebPage\",\"@id\":\"https:\\\/\\\/test-parisrunningtour.laurieassemat.com\\\/fr\\\/marronniers-en-fleurs-place-dauphine-avec-lena\\\/\",\"url\":\"https:\\\/\\\/test-parisrunningtour.laurieassemat.com\\\/fr\\\/marronniers-en-fleurs-place-dauphine-avec-lena\\\/\",\"name\":\"Marronniers en fleurs, place Dauphine, avec Lena | Paris Running Tours\",\"isPartOf\":{\"@id\":\"https:\\\/\\\/test-parisrunningtour.laurieassemat.com\\\/fr\\\/#website\"},\"primaryImageOfPage\":{\"@id\":\"https:\\\/\\\/test-parisrunningtour.laurieassemat.com\\\/fr\\\/marronniers-en-fleurs-place-dauphine-avec-lena\\\/#primaryimage\"},\"image\":{\"@id\":\"https:\\\/\\\/test-parisrunningtour.laurieassemat.com\\\/fr\\\/marronniers-en-fleurs-place-dauphine-avec-lena\\\/#primaryimage\"},\"thumbnailUrl\":\"https:\\\/\\\/test-parisrunningtour.laurieassemat.com\\\/fr\\\/wp-content\\\/uploads\\\/sites\\\/1\\\/2014\\\/04\\\/PRT2014-04-30_23_PlaceDauphine.jpg\",\"datePublished\":\"2014-04-30T09:03:00+00:00\",\"dateModified\":\"2017-01-16T14:12:12+00:00\",\"breadcrumb\":{\"@id\":\"https:\\\/\\\/test-parisrunningtour.laurieassemat.com\\\/fr\\\/marronniers-en-fleurs-place-dauphine-avec-lena\\\/#breadcrumb\"},\"inLanguage\":\"fr-FR\",\"potentialAction\":[{\"@type\":\"ReadAction\",\"target\":[\"https:\\\/\\\/test-parisrunningtour.laurieassemat.com\\\/fr\\\/marronniers-en-fleurs-place-dauphine-avec-lena\\\/\"]}]},{\"@type\":\"ImageObject\",\"inLanguage\":\"fr-FR\",\"@id\":\"https:\\\/\\\/test-parisrunningtour.laurieassemat.com\\\/fr\\\/marronniers-en-fleurs-place-dauphine-avec-lena\\\/#primaryimage\",\"url\":\"https:\\\/\\\/test-parisrunningtour.laurieassemat.com\\\/fr\\\/wp-content\\\/uploads\\\/sites\\\/1\\\/2014\\\/04\\\/PRT2014-04-30_23_PlaceDauphine.jpg\",\"contentUrl\":\"https:\\\/\\\/test-parisrunningtour.laurieassemat.com\\\/fr\\\/wp-content\\\/uploads\\\/sites\\\/1\\\/2014\\\/04\\\/PRT2014-04-30_23_PlaceDauphine.jpg\",\"width\":900,\"height\":900},{\"@type\":\"BreadcrumbList\",\"@id\":\"https:\\\/\\\/test-parisrunningtour.laurieassemat.com\\\/fr\\\/marronniers-en-fleurs-place-dauphine-avec-lena\\\/#breadcrumb\",\"itemListElement\":[{\"@type\":\"ListItem\",\"position\":1,\"name\":\"Accueil\",\"item\":\"https:\\\/\\\/test-parisrunningtour.laurieassemat.com\\\/fr\\\/\"},{\"@type\":\"ListItem\",\"position\":2,\"name\":\"Marronniers en fleurs, place Dauphine, avec Lena\"}]},{\"@type\":\"WebSite\",\"@id\":\"https:\\\/\\\/test-parisrunningtour.laurieassemat.com\\\/fr\\\/#website\",\"url\":\"https:\\\/\\\/test-parisrunningtour.laurieassemat.com\\\/fr\\\/\",\"name\":\"Paris Running Tours\",\"description\":\"D\u00e9couvrir Paris en courant\",\"publisher\":{\"@id\":\"https:\\\/\\\/test-parisrunningtour.laurieassemat.com\\\/fr\\\/#organization\"},\"potentialAction\":[{\"@type\":\"SearchAction\",\"target\":{\"@type\":\"EntryPoint\",\"urlTemplate\":\"https:\\\/\\\/test-parisrunningtour.laurieassemat.com\\\/fr\\\/?s={search_term_string}\"},\"query-input\":{\"@type\":\"PropertyValueSpecification\",\"valueRequired\":true,\"valueName\":\"search_term_string\"}}],\"inLanguage\":\"fr-FR\"},{\"@type\":\"Organization\",\"@id\":\"https:\\\/\\\/test-parisrunningtour.laurieassemat.com\\\/fr\\\/#organization\",\"name\":\"Paris Running Tours\",\"url\":\"https:\\\/\\\/test-parisrunningtour.laurieassemat.com\\\/fr\\\/\",\"logo\":{\"@type\":\"ImageObject\",\"inLanguage\":\"fr-FR\",\"@id\":\"https:\\\/\\\/test-parisrunningtour.laurieassemat.com\\\/fr\\\/#\\\/schema\\\/logo\\\/image\\\/\",\"url\":\"https:\\\/\\\/test-parisrunningtour.laurieassemat.com\\\/fr\\\/wp-content\\\/uploads\\\/sites\\\/1\\\/2016\\\/12\\\/cropped-faviconPRT.png\",\"contentUrl\":\"https:\\\/\\\/test-parisrunningtour.laurieassemat.com\\\/fr\\\/wp-content\\\/uploads\\\/sites\\\/1\\\/2016\\\/12\\\/cropped-faviconPRT.png\",\"width\":512,\"height\":512,\"caption\":\"Paris Running Tours\"},\"image\":{\"@id\":\"https:\\\/\\\/test-parisrunningtour.laurieassemat.com\\\/fr\\\/#\\\/schema\\\/logo\\\/image\\\/\"}},{\"@type\":\"Person\",\"@id\":\"https:\\\/\\\/test-parisrunningtour.laurieassemat.com\\\/fr\\\/#\\\/schema\\\/person\\\/75f0dc3c395ae2b4e14e29aff8f6a5af\",\"name\":\"Admin\",\"image\":{\"@type\":\"ImageObject\",\"inLanguage\":\"fr-FR\",\"@id\":\"https:\\\/\\\/secure.gravatar.com\\\/avatar\\\/2980d1c79775d028873614111fac5ea2906175b9eba90c2fe773d875d19902e0?s=96&d=mm&r=g\",\"url\":\"https:\\\/\\\/secure.gravatar.com\\\/avatar\\\/2980d1c79775d028873614111fac5ea2906175b9eba90c2fe773d875d19902e0?s=96&d=mm&r=g\",\"contentUrl\":\"https:\\\/\\\/secure.gravatar.com\\\/avatar\\\/2980d1c79775d028873614111fac5ea2906175b9eba90c2fe773d875d19902e0?s=96&d=mm&r=g\",\"caption\":\"Admin\"},\"sameAs\":[\"https:\\\/\\\/www.parisrunningtour.com\"]}]}<\/script>\n<!-- \/ Yoast SEO plugin. -->","yoast_head_json":{"title":"Marronniers en fleurs, place Dauphine, avec Lena | Paris Running Tours","robots":{"index":"noindex","follow":"follow","max-snippet":"max-snippet:-1","max-image-preview":"max-image-preview:large","max-video-preview":"max-video-preview:-1"},"og_locale":"fr_FR","og_type":"article","og_title":"Marronniers en fleurs, place Dauphine, avec Lena | Paris Running Tours","og_description":"Lena &#8211; Place Dauphine 11h03 &#8211;\u00a0Lena vient de Su\u00e8de. C&rsquo;est un Paris bien printanier que nous avons travers\u00e9 en courant. Regardez la photo ci-dessus o\u00f9 la place Dauphine affiche fi\u00e8rement ses marronniers en fleur. Cr\u00e9\u00e9e peu apr\u00e8s la Place des Vosges (\u00e0 l&rsquo;\u00e9poque, Place Royale), la place Dauphine doit son nom au fils du roi, le Dauphin, futur Louis XIII, fils d&rsquo;Henri IV (dont on peut voir la statue \u00e0 l&rsquo;ouest de la place). Belle petite place tranquille, ouverte sur le Palais de Justice, c&rsquo;\u00e9tait jusqu&rsquo;en 1874 une place ferm\u00e9e par un troisi\u00e8me c\u00f4t\u00e9 d&rsquo;immeuble. La place \u00e9tait alors un\u00a0triangle complet. Avant &#8211; Apr\u00e8s Voici les immeubles qui constituaient la base du triangle : Place Dauphine avant 1874 &#8211; C\u00f4t\u00e9 Est &#8211; Pas d&rsquo;arbres ! D&rsquo;autres beaux arbres et v\u00e9g\u00e9taux ont accompagn\u00e9 notre parcours : Le plus vieil arbre de Paris Lena &#8211; Robinier (Robinia pseudoacacia) plant\u00e9 en 1602 (Square Ren\u00e9 Viviani) Le mur v\u00e9g\u00e9tal qui couvre une partie des b\u00e2timents du Mus\u00e9e du Quai Branly Lena &#8211; Mur v\u00e9g\u00e9tal cr\u00e9\u00e9 en 2004 par Patrick Blanc (B\u00e2timents administratifs du Mus\u00e9e du Quai Branly) Les arbres qui longent les nouvelles berges de la Seine Lena &#8211; Berges de Seine (rive gauche) &#8211; Au fond, la tour Eiffel Merci Lena ! Le circuit du tour :","og_url":"https:\/\/test-parisrunningtour.laurieassemat.com\/fr\/marronniers-en-fleurs-place-dauphine-avec-lena\/","og_site_name":"Paris Running Tours","article_published_time":"2014-04-30T09:03:00+00:00","article_modified_time":"2017-01-16T14:12:12+00:00","og_image":[{"width":900,"height":900,"url":"https:\/\/test-parisrunningtour.laurieassemat.com\/fr\/wp-content\/uploads\/sites\/1\/2014\/04\/PRT2014-04-30_23_PlaceDauphine.jpg","type":"image\/jpeg"}],"author":"Admin","twitter_card":"summary_large_image","twitter_misc":{"\u00c9crit par":"Admin","Dur\u00e9e de lecture estim\u00e9e":"1 minute"},"schema":{"@context":"https:\/\/schema.org","@graph":[{"@type":"Article","@id":"https:\/\/test-parisrunningtour.laurieassemat.com\/fr\/marronniers-en-fleurs-place-dauphine-avec-lena\/#article","isPartOf":{"@id":"https:\/\/test-parisrunningtour.laurieassemat.com\/fr\/marronniers-en-fleurs-place-dauphine-avec-lena\/"},"author":{"name":"Admin","@id":"https:\/\/test-parisrunningtour.laurieassemat.com\/fr\/#\/schema\/person\/75f0dc3c395ae2b4e14e29aff8f6a5af"},"headline":"Marronniers en fleurs, place Dauphine, avec Lena","datePublished":"2014-04-30T09:03:00+00:00","dateModified":"2017-01-16T14:12:12+00:00","mainEntityOfPage":{"@id":"https:\/\/test-parisrunningtour.laurieassemat.com\/fr\/marronniers-en-fleurs-place-dauphine-avec-lena\/"},"wordCount":240,"commentCount":0,"publisher":{"@id":"https:\/\/test-parisrunningtour.laurieassemat.com\/fr\/#organization"},"image":{"@id":"https:\/\/test-parisrunningtour.laurieassemat.com\/fr\/marronniers-en-fleurs-place-dauphine-avec-lena\/#primaryimage"},"thumbnailUrl":"https:\/\/test-parisrunningtour.laurieassemat.com\/fr\/wp-content\/uploads\/sites\/1\/2014\/04\/PRT2014-04-30_23_PlaceDauphine.jpg","articleSection":["Cit\u00e9 (Ile de la)","Mus\u00e9e du Quai Branly","Place Dauphine","Tour Eiffel"],"inLanguage":"fr-FR","potentialAction":[{"@type":"CommentAction","name":"Comment","target":["https:\/\/test-parisrunningtour.laurieassemat.com\/fr\/marronniers-en-fleurs-place-dauphine-avec-lena\/#respond"]}]},{"@type":"WebPage","@id":"https:\/\/test-parisrunningtour.laurieassemat.com\/fr\/marronniers-en-fleurs-place-dauphine-avec-lena\/","url":"https:\/\/test-parisrunningtour.laurieassemat.com\/fr\/marronniers-en-fleurs-place-dauphine-avec-lena\/","name":"Marronniers en fleurs, place Dauphine, avec Lena | Paris Running Tours","isPartOf":{"@id":"https:\/\/test-parisrunningtour.laurieassemat.com\/fr\/#website"},"primaryImageOfPage":{"@id":"https:\/\/test-parisrunningtour.laurieassemat.com\/fr\/marronniers-en-fleurs-place-dauphine-avec-lena\/#primaryimage"},"image":{"@id":"https:\/\/test-parisrunningtour.laurieassemat.com\/fr\/marronniers-en-fleurs-place-dauphine-avec-lena\/#primaryimage"},"thumbnailUrl":"https:\/\/test-parisrunningtour.laurieassemat.com\/fr\/wp-content\/uploads\/sites\/1\/2014\/04\/PRT2014-04-30_23_PlaceDauphine.jpg","datePublished":"2014-04-30T09:03:00+00:00","dateModified":"2017-01-16T14:12:12+00:00","breadcrumb":{"@id":"https:\/\/test-parisrunningtour.laurieassemat.com\/fr\/marronniers-en-fleurs-place-dauphine-avec-lena\/#breadcrumb"},"inLanguage":"fr-FR","potentialAction":[{"@type":"ReadAction","target":["https:\/\/test-parisrunningtour.laurieassemat.com\/fr\/marronniers-en-fleurs-place-dauphine-avec-lena\/"]}]},{"@type":"ImageObject","inLanguage":"fr-FR","@id":"https:\/\/test-parisrunningtour.laurieassemat.com\/fr\/marronniers-en-fleurs-place-dauphine-avec-lena\/#primaryimage","url":"https:\/\/test-parisrunningtour.laurieassemat.com\/fr\/wp-content\/uploads\/sites\/1\/2014\/04\/PRT2014-04-30_23_PlaceDauphine.jpg","contentUrl":"https:\/\/test-parisrunningtour.laurieassemat.com\/fr\/wp-content\/uploads\/sites\/1\/2014\/04\/PRT2014-04-30_23_PlaceDauphine.jpg","width":900,"height":900},{"@type":"BreadcrumbList","@id":"https:\/\/test-parisrunningtour.laurieassemat.com\/fr\/marronniers-en-fleurs-place-dauphine-avec-lena\/#breadcrumb","itemListElement":[{"@type":"ListItem","position":1,"name":"Accueil","item":"https:\/\/test-parisrunningtour.laurieassemat.com\/fr\/"},{"@type":"ListItem","position":2,"name":"Marronniers en fleurs, place Dauphine, avec Lena"}]},{"@type":"WebSite","@id":"https:\/\/test-parisrunningtour.laurieassemat.com\/fr\/#website","url":"https:\/\/test-parisrunningtour.laurieassemat.com\/fr\/","name":"Paris Running Tours","description":"D\u00e9couvrir Paris en courant","publisher":{"@id":"https:\/\/test-parisrunningtour.laurieassemat.com\/fr\/#organization"},"potentialAction":[{"@type":"SearchAction","target":{"@type":"EntryPoint","urlTemplate":"https:\/\/test-parisrunningtour.laurieassemat.com\/fr\/?s={search_term_string}"},"query-input":{"@type":"PropertyValueSpecification","valueRequired":true,"valueName":"search_term_string"}}],"inLanguage":"fr-FR"},{"@type":"Organization","@id":"https:\/\/test-parisrunningtour.laurieassemat.com\/fr\/#organization","name":"Paris Running Tours","url":"https:\/\/test-parisrunningtour.laurieassemat.com\/fr\/","logo":{"@type":"ImageObject","inLanguage":"fr-FR","@id":"https:\/\/test-parisrunningtour.laurieassemat.com\/fr\/#\/schema\/logo\/image\/","url":"https:\/\/test-parisrunningtour.laurieassemat.com\/fr\/wp-content\/uploads\/sites\/1\/2016\/12\/cropped-faviconPRT.png","contentUrl":"https:\/\/test-parisrunningtour.laurieassemat.com\/fr\/wp-content\/uploads\/sites\/1\/2016\/12\/cropped-faviconPRT.png","width":512,"height":512,"caption":"Paris Running Tours"},"image":{"@id":"https:\/\/test-parisrunningtour.laurieassemat.com\/fr\/#\/schema\/logo\/image\/"}},{"@type":"Person","@id":"https:\/\/test-parisrunningtour.laurieassemat.com\/fr\/#\/schema\/person\/75f0dc3c395ae2b4e14e29aff8f6a5af","name":"Admin","image":{"@type":"ImageObject","inLanguage":"fr-FR","@id":"https:\/\/secure.gravatar.com\/avatar\/2980d1c79775d028873614111fac5ea2906175b9eba90c2fe773d875d19902e0?s=96&d=mm&r=g","url":"https:\/\/secure.gravatar.com\/avatar\/2980d1c79775d028873614111fac5ea2906175b9eba90c2fe773d875d19902e0?s=96&d=mm&r=g","contentUrl":"https:\/\/secure.gravatar.com\/avatar\/2980d1c79775d028873614111fac5ea2906175b9eba90c2fe773d875d19902e0?s=96&d=mm&r=g","caption":"Admin"},"sameAs":["https:\/\/www.parisrunningtour.com"]}]}},"_links":{"self":[{"href":"https:\/\/test-parisrunningtour.laurieassemat.com\/fr\/wp-json\/wp\/v2\/posts\/64","targetHints":{"allow":["GET"]}}],"collection":[{"href":"https:\/\/test-parisrunningtour.laurieassemat.com\/fr\/wp-json\/wp\/v2\/posts"}],"about":[{"href":"https:\/\/test-parisrunningtour.laurieassemat.com\/fr\/wp-json\/wp\/v2\/types\/post"}],"author":[{"embeddable":true,"href":"https:\/\/test-parisrunningtour.laurieassemat.com\/fr\/wp-json\/wp\/v2\/users\/1"}],"replies":[{"embeddable":true,"href":"https:\/\/test-parisrunningtour.laurieassemat.com\/fr\/wp-json\/wp\/v2\/comments?post=64"}],"version-history":[{"count":1,"href":"https:\/\/test-parisrunningtour.laurieassemat.com\/fr\/wp-json\/wp\/v2\/posts\/64\/revisions"}],"predecessor-version":[{"id":1255,"href":"https:\/\/test-parisrunningtour.laurieassemat.com\/fr\/wp-json\/wp\/v2\/posts\/64\/revisions\/1255"}],"wp:featuredmedia":[{"embeddable":true,"href":"https:\/\/test-parisrunningtour.laurieassemat.com\/fr\/wp-json\/wp\/v2\/media\/1254"}],"wp:attachment":[{"href":"https:\/\/test-parisrunningtour.laurieassemat.com\/fr\/wp-json\/wp\/v2\/media?parent=64"}],"wp:term":[{"taxonomy":"category","embeddable":true,"href":"https:\/\/test-parisrunningtour.laurieassemat.com\/fr\/wp-json\/wp\/v2\/categories?post=64"},{"taxonomy":"post_tag","embeddable":true,"href":"https:\/\/test-parisrunningtour.laurieassemat.com\/fr\/wp-json\/wp\/v2\/tags?post=64"}],"curies":[{"name":"wp","href":"https:\/\/api.w.org\/{rel}","templated":true}]}}