{"id":73,"date":"2013-09-20T07:03:00","date_gmt":"2013-09-20T05:03:00","guid":{"rendered":"http:\/\/runningtour.paris\/blog\/2013\/09\/20\/art-medieval-art-nouveau-art-moderne-16-km-dans-paris-avec-lysa\/"},"modified":"2017-01-16T15:28:11","modified_gmt":"2017-01-16T14:28:11","slug":"art-medieval-art-nouveau-art-moderne-16-km-dans-paris-avec-lysa","status":"publish","type":"post","link":"https:\/\/test-parisrunningtour.laurieassemat.com\/fr\/art-medieval-art-nouveau-art-moderne-16-km-dans-paris-avec-lysa\/","title":{"rendered":"Art M\u00e9di\u00e9val, Art Nouveau, Art Moderne, 16 km dans Paris avec Lysa"},"content":{"rendered":"<div style=\"clear: both; text-align: center;\"><\/div>\n<table style=\"margin-left: auto; margin-right: auto; text-align: center;\" cellspacing=\"0\" cellpadding=\"0\" align=\"center\">\n<tbody>\n<tr>\n<td style=\"text-align: center;\"><a style=\"margin-left: auto; margin-right: auto;\" title=\"Cliquez sur l'image pour l'agrandir\" href=\"http:\/\/2.bp.blogspot.com\/-dK01gBAFDaU\/Un5WzJgpvSI\/AAAAAAAAByI\/r6_DuLlF9uU\/s1600\/PRT2013-09-20_03_ArtNouveauIleDeLaCite.jpg\" target=\"_blank\"><img fetchpriority=\"high\" decoding=\"async\" src=\"http:\/\/2.bp.blogspot.com\/-dK01gBAFDaU\/Un5WzJgpvSI\/AAAAAAAAByI\/r6_DuLlF9uU\/s640\/PRT2013-09-20_03_ArtNouveauIleDeLaCite.jpg\" width=\"640\" height=\"474\" border=\"0\" \/><\/a><\/td>\n<\/tr>\n<tr>\n<td style=\"text-align: center;\"><span style=\"font-family: Trebuchet MS, sans-serif;\">Lysa &#8211; Ile de la Cit\u00e9<\/span><\/td>\n<\/tr>\n<\/tbody>\n<\/table>\n<p><b style=\"font-family: 'Trebuchet MS', sans-serif;\">7h03 &#8211;<\/b><span style=\"font-family: 'Trebuchet MS', sans-serif;\">\u00a0Avec Lysa, de Buffalo (\u00e9tat de New York), nous avons fait un circuit de 10 miles (16 kilom\u00e8tres) pour d\u00e9couvrir les nombreuses facettes artistiques de Paris. Plus de 2000 ans d&rsquo;Histoire&#8230; et de cr\u00e9ations artistiques et architecturales !<\/span><br \/>\n<span style=\"font-family: 'Trebuchet MS', sans-serif;\"><br \/>\n<\/span><span style=\"font-family: 'Trebuchet MS', sans-serif;\">Avez-vous remarqu\u00e9 les nombreuses bouches de m\u00e9tro parisiennes avec ces formes en arabesques, comme celle que l&rsquo;on voit sur la photo ci-dessus \u00e0 c\u00f4t\u00e9 de Lysa ?<\/span><br \/>\n<span style=\"font-family: 'Trebuchet MS', sans-serif;\">Ces \u00ab\u00a0\u00e9dicules\u00a0\u00bb sont typiques des cr\u00e9ations artistiques du d\u00e9but du 20i\u00e8me si\u00e8cle, cet art que l&rsquo;on a appel\u00e9 l&rsquo;<b>Art Nouveau<\/b>.<\/span><br \/>\n<span style=\"font-family: 'Trebuchet MS', sans-serif;\">Le cr\u00e9ateur, Hector Guimard, artiste tr\u00e8s repr\u00e9sentatif du mouvement Art Nouveau, a r\u00e9alis\u00e9\u00a0<\/span><span style=\"font-family: 'Trebuchet MS', sans-serif;\">pr\u00e8s de 141 de ces entr\u00e9es du m\u00e9tro Parisien de 1900 \u00e0 1912. Certains \u00e9dicules sont m\u00eame recouverts d&rsquo;un toit vitr\u00e9.<\/span><br \/>\n<span style=\"font-family: 'Trebuchet MS', sans-serif;\">Il n&rsquo;en reste aujourd&rsquo;hui que 86 dont 2 avec un toit vitr\u00e9 comme celui de la porte Dauphine :<\/span><br \/>\n<span style=\"font-family: 'Trebuchet MS', sans-serif;\"><br \/>\n<\/span><\/p>\n<div style=\"clear: both; text-align: center;\"><a style=\"margin-left: 1em; margin-right: 1em;\" title=\"Cliquez sur l'image pour l'agrandir\" href=\"http:\/\/2.bp.blogspot.com\/-BOq2HlzZA-g\/Un5r56GMXJI\/AAAAAAAAByk\/TKUbblgrcFA\/s1600\/EdiculeAvFoch.JPG\" target=\"_blank\"><img decoding=\"async\" src=\"http:\/\/2.bp.blogspot.com\/-BOq2HlzZA-g\/Un5r56GMXJI\/AAAAAAAAByk\/TKUbblgrcFA\/s400\/EdiculeAvFoch.JPG\" width=\"400\" height=\"357\" border=\"0\" \/><\/a><\/div>\n<p><span style=\"font-family: 'Trebuchet MS', sans-serif;\"><br \/>\n<\/span><span style=\"font-family: 'Trebuchet MS', sans-serif;\">Des \u00e9dicules d&rsquo;Hector Guimard ont \u00e9t\u00e9 offerts aux m\u00e9tros d&rsquo;autres villes, Montr\u00e9al, Mexico, Chicago, etc. Il en existe m\u00eame un \u00e0 la National Gallery of Art de Washington.<\/span><br \/>\n<span style=\"font-family: 'Trebuchet MS', sans-serif;\"><br \/>\n<\/span><span style=\"font-family: 'Trebuchet MS', sans-serif;\"><br \/>\n<\/span><span style=\"font-family: 'Trebuchet MS', sans-serif;\">Toujours sur l&rsquo;Ile de Cit\u00e9, nous avons aussi admir\u00e9 deux exemples de l&rsquo;Art M\u00e9di\u00e9val (vaste ensemble des Arts du Moyen Age, sur une p\u00e9riode de 1000 ans&#8230;) :<\/span><\/p>\n<ul>\n<li><span style=\"font-family: 'Trebuchet MS', sans-serif;\">La fameuse Cath\u00e9drale Notre Dame de Paris, repr\u00e9sentative de l&rsquo;Art Gothique :<\/span><\/li>\n<\/ul>\n<p>&nbsp;<\/p>\n<table style=\"margin-left: auto; margin-right: auto; text-align: center;\" cellspacing=\"0\" cellpadding=\"0\" align=\"center\">\n<tbody>\n<tr>\n<td style=\"text-align: center;\"><a style=\"margin-left: auto; margin-right: auto;\" title=\"Cliquez sur l'image pour l'agrandir\" href=\"http:\/\/2.bp.blogspot.com\/-pl1c4u_3YjU\/Un5tjgIuzrI\/AAAAAAAAByw\/yEwbccP7IXk\/s1600\/PRT2013-09-20_02_NotreDame.jpg\" target=\"_blank\"><img decoding=\"async\" src=\"http:\/\/2.bp.blogspot.com\/-pl1c4u_3YjU\/Un5tjgIuzrI\/AAAAAAAAByw\/yEwbccP7IXk\/s640\/PRT2013-09-20_02_NotreDame.jpg\" width=\"442\" height=\"640\" border=\"0\" \/><\/a><\/td>\n<\/tr>\n<tr>\n<td style=\"text-align: center;\"><span style=\"font-family: Trebuchet MS, sans-serif;\">Lysa et la Cath\u00e9drale Notre Dame de Paris<br \/>\n(\u00e0 gauche, les installations temporaires c\u00e9l\u00e9brant les 850 ans de Notre Dame)<\/span><\/td>\n<\/tr>\n<\/tbody>\n<\/table>\n<p>&nbsp;<\/p>\n<ul>\n<li><span style=\"font-family: 'Trebuchet MS', sans-serif;\">L&rsquo;Horloge de la Conciergerie (pour plus d&rsquo;informations, lire cet <\/span><a style=\"font-family: 'Trebuchet MS', sans-serif;\" href=\"http:\/\/www.myamazingparis.com\/2012\/09\/conciergerie-first-public-clock.html\" target=\"_blank\">article<\/a><span style=\"font-family: 'Trebuchet MS', sans-serif;\">) :<\/span><\/li>\n<\/ul>\n<p>&nbsp;<\/p>\n<table style=\"margin-left: auto; margin-right: auto; text-align: center;\" cellspacing=\"0\" cellpadding=\"0\" align=\"center\">\n<tbody>\n<tr>\n<td style=\"text-align: center;\"><a style=\"margin-left: auto; margin-right: auto;\" title=\"Cliquez sur l'image pour l'agrandir\" href=\"http:\/\/1.bp.blogspot.com\/-Tuw_XF-aUow\/Un5vPuBp0qI\/AAAAAAAABzE\/qUZYdu3e3GU\/s1600\/PRT2013-09-20_04_Conciergerie.jpg\" target=\"_blank\"><img loading=\"lazy\" decoding=\"async\" src=\"http:\/\/1.bp.blogspot.com\/-Tuw_XF-aUow\/Un5vPuBp0qI\/AAAAAAAABzE\/qUZYdu3e3GU\/s640\/PRT2013-09-20_04_Conciergerie.jpg\" width=\"408\" height=\"640\" border=\"0\" \/><\/a><\/td>\n<\/tr>\n<tr>\n<td style=\"text-align: center;\"><span style=\"font-family: Trebuchet MS, sans-serif;\">Lysa &#8211; Tour de l&rsquo;Horloge<\/span><\/td>\n<\/tr>\n<\/tbody>\n<\/table>\n<p><span style=\"font-family: 'Trebuchet MS', sans-serif;\"><br \/>\n<\/span><span style=\"font-family: 'Trebuchet MS', sans-serif;\">Plus \u00e0 l&rsquo;Ouest, c&rsquo;est deux formes d&rsquo;arts plus r\u00e9cents que nous avons rencontr\u00e9es :<\/span><\/p>\n<ul>\n<li><span style=\"font-family: 'Trebuchet MS', sans-serif;\">Un mur v\u00e9g\u00e9tal ! L&rsquo;un des premiers murs v\u00e9g\u00e9talis\u00e9s r\u00e9alis\u00e9s par Patrick Blanc, qui a invent\u00e9 le concept de murs v\u00e9g\u00e9taux. Celui-ci fut cr\u00e9\u00e9 en 2004, sur le mur d&rsquo;un b\u00e2timent administratif du mus\u00e9e du Quai Branly :<\/span><\/li>\n<\/ul>\n<p>&nbsp;<\/p>\n<table style=\"margin-left: auto; margin-right: auto; text-align: center;\" cellspacing=\"0\" cellpadding=\"0\" align=\"center\">\n<tbody>\n<tr>\n<td style=\"text-align: center;\"><a style=\"margin-left: auto; margin-right: auto;\" title=\"Cliquez sur l'image pour l'agrandir\" href=\"http:\/\/4.bp.blogspot.com\/-1u7qJBVEFpo\/Un5xnlvlLAI\/AAAAAAAABzQ\/6Ix2WHGnVm8\/s1600\/PRT2013-09-20_08_MuseeDuQuaiBranly.jpg\" target=\"_blank\"><img loading=\"lazy\" decoding=\"async\" src=\"http:\/\/4.bp.blogspot.com\/-1u7qJBVEFpo\/Un5xnlvlLAI\/AAAAAAAABzQ\/6Ix2WHGnVm8\/s640\/PRT2013-09-20_08_MuseeDuQuaiBranly.jpg\" width=\"612\" height=\"640\" border=\"0\" \/><\/a><\/td>\n<\/tr>\n<tr>\n<td style=\"text-align: center;\"><span style=\"font-family: Trebuchet MS, sans-serif;\">Lysa &#8211; Mur v\u00e9g\u00e9talis\u00e9 (Patrick Blanc 2004)<\/span><\/td>\n<\/tr>\n<\/tbody>\n<\/table>\n<p>&nbsp;<\/p>\n<ul>\n<li><span style=\"font-family: 'Trebuchet MS', sans-serif;\">Et bien s\u00fbr, la fameuse Tour de fer, la Tour Eiffel !<\/span><\/li>\n<\/ul>\n<p><span style=\"font-family: 'Trebuchet MS', sans-serif;\">La Tour fut construite pour l&rsquo;exposition universelle de 1889.\u00a0<\/span><br \/>\n<span style=\"font-family: 'Trebuchet MS', sans-serif;\">De 1889 \u00e0 1931, ce fut le monument le plus \u00e9lev\u00e9 du monde.<\/span><br \/>\n<span style=\"font-family: 'Trebuchet MS', sans-serif;\">Lors de sa construction, elle fut tr\u00e8s critiqu\u00e9e, mais obtint un grand succ\u00e8s lors de l&rsquo;exposition de 1889, succ\u00e8s qui retomba assez vite (malgr\u00e9 un regain de curiosit\u00e9 lors de l&rsquo;exposition universelle de 1900&#8230;)<\/span><br \/>\n<span style=\"font-family: 'Trebuchet MS', sans-serif;\">On envisagea m\u00eame de la d\u00e9truire&#8230; C&rsquo;est maintenant le symbole le plus embl\u00e9matique de Paris !<\/span><br \/>\n<span style=\"font-family: 'Trebuchet MS', sans-serif;\"><br \/>\n<\/span><\/p>\n<table style=\"margin-left: auto; margin-right: auto; text-align: center;\" cellspacing=\"0\" cellpadding=\"0\" align=\"center\">\n<tbody>\n<tr>\n<td style=\"text-align: center;\"><a style=\"margin-left: auto; margin-right: auto;\" title=\"Cliquez sur l'image pour l'agrandir\" href=\"http:\/\/2.bp.blogspot.com\/-u7yviE2rDDY\/Un521WekDyI\/AAAAAAAABzg\/ZZle5B4zebo\/s1600\/PRT2013-09-20_05_TourEiffel.jpg\" target=\"_blank\"><img loading=\"lazy\" decoding=\"async\" src=\"http:\/\/2.bp.blogspot.com\/-u7yviE2rDDY\/Un521WekDyI\/AAAAAAAABzg\/ZZle5B4zebo\/s640\/PRT2013-09-20_05_TourEiffel.jpg\" width=\"640\" height=\"474\" border=\"0\" \/><\/a><\/td>\n<\/tr>\n<tr>\n<td style=\"text-align: center;\"><span style=\"font-family: Trebuchet MS, sans-serif;\">Lysa &#8211; Tour Eiffel<\/span><\/td>\n<\/tr>\n<\/tbody>\n<\/table>\n<p><span style=\"font-family: 'Trebuchet MS', sans-serif;\"><br \/>\n<\/span><\/p>\n<div style=\"clear: both; text-align: center;\"><span style=\"font-family: 'Trebuchet MS', sans-serif;\">\u00a0<\/span><\/div>\n<div style=\"text-align: center;\"><span style=\"font-family: 'Trebuchet MS', sans-serif; font-size: x-small;\">Le plaisir de pouvoir courir \u00e0 Paris !<\/span><\/div>\n<p><span style=\"font-family: 'Trebuchet MS', sans-serif;\"><br \/>\n<\/span><span style=\"font-family: 'Trebuchet MS', sans-serif;\">Merci\u00a0<\/span><span style=\"font-family: 'Trebuchet MS', sans-serif;\">Lysa\u00a0<\/span><span style=\"font-family: 'Trebuchet MS', sans-serif;\">!<\/span><br \/>\n<span style=\"font-family: 'Trebuchet MS', sans-serif;\"><br \/>\n<\/span><b style=\"font-family: 'Trebuchet MS', sans-serif;\">Le circuit du tour :<\/b><\/p>\n<div style=\"clear: both; text-align: center;\"><\/div>\n<div style=\"clear: both; text-align: center;\"><\/div>\n<div style=\"clear: both; text-align: center;\"><a style=\"clear: left; float: left; margin-bottom: 1em; margin-right: 1em;\" title=\"Cliquez sur l'image pour l'agrandir\" href=\"http:\/\/2.bp.blogspot.com\/-o2__EMTD9jY\/Un5Z-tlFv0I\/AAAAAAAAByU\/7JUGhWIntrc\/s1600\/TourLysa_16,2km_10Miles.jpg\" target=\"_blank\"><img loading=\"lazy\" decoding=\"async\" src=\"http:\/\/2.bp.blogspot.com\/-o2__EMTD9jY\/Un5Z-tlFv0I\/AAAAAAAAByU\/7JUGhWIntrc\/s640\/TourLysa_16,2km_10Miles.jpg\" width=\"640\" height=\"332\" border=\"0\" \/><\/a><\/div>\n","protected":false},"excerpt":{"rendered":"<p>Lysa &#8211; Ile de la Cit\u00e9 7h03 &#8211;\u00a0Avec Lysa, de Buffalo (\u00e9tat de New York), nous avons fait un circuit de 10 miles (16 kilom\u00e8tres) pour d\u00e9couvrir les nombreuses facettes artistiques de Paris. Plus de 2000 ans d&rsquo;Histoire&#8230; et de cr\u00e9ations artistiques et architecturales ! Avez-vous remarqu\u00e9 les nombreuses bouches de m\u00e9tro parisiennes avec ces formes en arabesques, comme celle que l&rsquo;on voit sur la photo ci-dessus \u00e0 c\u00f4t\u00e9 de Lysa ? Ces \u00ab\u00a0\u00e9dicules\u00a0\u00bb sont typiques des cr\u00e9ations artistiques du d\u00e9but du 20i\u00e8me si\u00e8cle, cet art que l&rsquo;on a appel\u00e9 l&rsquo;Art Nouveau. Le cr\u00e9ateur, Hector Guimard, artiste tr\u00e8s repr\u00e9sentatif du mouvement Art Nouveau, a r\u00e9alis\u00e9\u00a0pr\u00e8s de 141 de ces entr\u00e9es du m\u00e9tro Parisien de 1900 \u00e0 1912. Certains \u00e9dicules sont m\u00eame recouverts d&rsquo;un toit vitr\u00e9. Il n&rsquo;en reste aujourd&rsquo;hui que 86 dont 2 avec un toit vitr\u00e9 comme celui de la porte Dauphine : Des \u00e9dicules d&rsquo;Hector Guimard ont \u00e9t\u00e9 offerts aux m\u00e9tros d&rsquo;autres villes, Montr\u00e9al, Mexico, Chicago, etc. Il en existe m\u00eame un \u00e0 la National Gallery of Art de Washington. Toujours sur l&rsquo;Ile de Cit\u00e9, nous avons aussi admir\u00e9 deux exemples de l&rsquo;Art M\u00e9di\u00e9val (vaste ensemble des Arts du Moyen Age, sur une p\u00e9riode de 1000 ans&#8230;) : La fameuse Cath\u00e9drale Notre Dame de Paris, repr\u00e9sentative de l&rsquo;Art Gothique : &nbsp; Lysa et la Cath\u00e9drale Notre Dame de Paris (\u00e0 gauche, les installations temporaires c\u00e9l\u00e9brant les 850 ans de Notre Dame) &nbsp; L&rsquo;Horloge de la Conciergerie (pour plus d&rsquo;informations, lire cet article) : &nbsp; Lysa &#8211; Tour de l&rsquo;Horloge Plus \u00e0 l&rsquo;Ouest, c&rsquo;est deux formes d&rsquo;arts plus r\u00e9cents que nous avons rencontr\u00e9es : Un mur v\u00e9g\u00e9tal ! L&rsquo;un des premiers murs v\u00e9g\u00e9talis\u00e9s r\u00e9alis\u00e9s par Patrick Blanc, qui a invent\u00e9 le concept de murs v\u00e9g\u00e9taux. Celui-ci fut cr\u00e9\u00e9 en 2004, sur le mur d&rsquo;un b\u00e2timent administratif du mus\u00e9e du Quai Branly : &nbsp; Lysa &#8211; Mur v\u00e9g\u00e9talis\u00e9 (Patrick Blanc 2004) &nbsp; Et bien s\u00fbr, la fameuse Tour de fer, la Tour Eiffel ! La Tour fut construite pour l&rsquo;exposition universelle de 1889.\u00a0 De 1889 \u00e0 1931, ce fut le monument le plus \u00e9lev\u00e9 du monde. Lors de sa construction, elle fut tr\u00e8s critiqu\u00e9e, mais obtint un grand succ\u00e8s lors de l&rsquo;exposition de 1889, succ\u00e8s qui retomba assez vite (malgr\u00e9 un regain de curiosit\u00e9 lors de l&rsquo;exposition universelle de 1900&#8230;) On envisagea m\u00eame de la d\u00e9truire&#8230; C&rsquo;est maintenant le symbole le plus embl\u00e9matique de Paris ! Lysa &#8211; Tour Eiffel \u00a0 Le plaisir de pouvoir courir \u00e0 Paris ! Merci\u00a0Lysa\u00a0! Le circuit du tour :<\/p>\n","protected":false},"author":1,"featured_media":1271,"comment_status":"open","ping_status":"open","sticky":false,"template":"","format":"standard","meta":{"footnotes":""},"categories":[57,50,37,49,5,10],"tags":[],"class_list":["post-73","post","type-post","status-publish","format-standard","has-post-thumbnail","hentry","category-art-nouveau","category-cite-ile-de-la","category-conciergerie","category-musee-du-quai-branly","category-notre-dame","category-tour-eiffel"],"yoast_head":"<!-- This site is optimized with the Yoast SEO plugin v27.5 - https:\/\/yoast.com\/product\/yoast-seo-wordpress\/ -->\n<title>Art M\u00e9di\u00e9val, Art Nouveau, Art Moderne, 16 km dans Paris avec Lysa | Paris Running Tours<\/title>\n<meta name=\"robots\" content=\"noindex, follow, max-snippet:-1, max-image-preview:large, max-video-preview:-1\" \/>\n<meta property=\"og:locale\" content=\"fr_FR\" \/>\n<meta property=\"og:type\" content=\"article\" \/>\n<meta property=\"og:title\" content=\"Art M\u00e9di\u00e9val, Art Nouveau, Art Moderne, 16 km dans Paris avec Lysa | Paris Running Tours\" \/>\n<meta property=\"og:description\" content=\"Lysa &#8211; Ile de la Cit\u00e9 7h03 &#8211;\u00a0Avec Lysa, de Buffalo (\u00e9tat de New York), nous avons fait un circuit de 10 miles (16 kilom\u00e8tres) pour d\u00e9couvrir les nombreuses facettes artistiques de Paris. Plus de 2000 ans d&rsquo;Histoire&#8230; et de cr\u00e9ations artistiques et architecturales ! Avez-vous remarqu\u00e9 les nombreuses bouches de m\u00e9tro parisiennes avec ces formes en arabesques, comme celle que l&rsquo;on voit sur la photo ci-dessus \u00e0 c\u00f4t\u00e9 de Lysa ? Ces \u00ab\u00a0\u00e9dicules\u00a0\u00bb sont typiques des cr\u00e9ations artistiques du d\u00e9but du 20i\u00e8me si\u00e8cle, cet art que l&rsquo;on a appel\u00e9 l&rsquo;Art Nouveau. Le cr\u00e9ateur, Hector Guimard, artiste tr\u00e8s repr\u00e9sentatif du mouvement Art Nouveau, a r\u00e9alis\u00e9\u00a0pr\u00e8s de 141 de ces entr\u00e9es du m\u00e9tro Parisien de 1900 \u00e0 1912. Certains \u00e9dicules sont m\u00eame recouverts d&rsquo;un toit vitr\u00e9. Il n&rsquo;en reste aujourd&rsquo;hui que 86 dont 2 avec un toit vitr\u00e9 comme celui de la porte Dauphine : Des \u00e9dicules d&rsquo;Hector Guimard ont \u00e9t\u00e9 offerts aux m\u00e9tros d&rsquo;autres villes, Montr\u00e9al, Mexico, Chicago, etc. Il en existe m\u00eame un \u00e0 la National Gallery of Art de Washington. Toujours sur l&rsquo;Ile de Cit\u00e9, nous avons aussi admir\u00e9 deux exemples de l&rsquo;Art M\u00e9di\u00e9val (vaste ensemble des Arts du Moyen Age, sur une p\u00e9riode de 1000 ans&#8230;) : La fameuse Cath\u00e9drale Notre Dame de Paris, repr\u00e9sentative de l&rsquo;Art Gothique : &nbsp; Lysa et la Cath\u00e9drale Notre Dame de Paris (\u00e0 gauche, les installations temporaires c\u00e9l\u00e9brant les 850 ans de Notre Dame) &nbsp; L&rsquo;Horloge de la Conciergerie (pour plus d&rsquo;informations, lire cet article) : &nbsp; Lysa &#8211; Tour de l&rsquo;Horloge Plus \u00e0 l&rsquo;Ouest, c&rsquo;est deux formes d&rsquo;arts plus r\u00e9cents que nous avons rencontr\u00e9es : Un mur v\u00e9g\u00e9tal ! L&rsquo;un des premiers murs v\u00e9g\u00e9talis\u00e9s r\u00e9alis\u00e9s par Patrick Blanc, qui a invent\u00e9 le concept de murs v\u00e9g\u00e9taux. Celui-ci fut cr\u00e9\u00e9 en 2004, sur le mur d&rsquo;un b\u00e2timent administratif du mus\u00e9e du Quai Branly : &nbsp; Lysa &#8211; Mur v\u00e9g\u00e9talis\u00e9 (Patrick Blanc 2004) &nbsp; Et bien s\u00fbr, la fameuse Tour de fer, la Tour Eiffel ! La Tour fut construite pour l&rsquo;exposition universelle de 1889.\u00a0 De 1889 \u00e0 1931, ce fut le monument le plus \u00e9lev\u00e9 du monde. Lors de sa construction, elle fut tr\u00e8s critiqu\u00e9e, mais obtint un grand succ\u00e8s lors de l&rsquo;exposition de 1889, succ\u00e8s qui retomba assez vite (malgr\u00e9 un regain de curiosit\u00e9 lors de l&rsquo;exposition universelle de 1900&#8230;) On envisagea m\u00eame de la d\u00e9truire&#8230; C&rsquo;est maintenant le symbole le plus embl\u00e9matique de Paris ! Lysa &#8211; Tour Eiffel \u00a0 Le plaisir de pouvoir courir \u00e0 Paris ! Merci\u00a0Lysa\u00a0! Le circuit du tour :\" \/>\n<meta property=\"og:url\" content=\"https:\/\/test-parisrunningtour.laurieassemat.com\/fr\/art-medieval-art-nouveau-art-moderne-16-km-dans-paris-avec-lysa\/\" \/>\n<meta property=\"og:site_name\" content=\"Paris Running Tours\" \/>\n<meta property=\"article:published_time\" content=\"2013-09-20T05:03:00+00:00\" \/>\n<meta property=\"article:modified_time\" content=\"2017-01-16T14:28:11+00:00\" \/>\n<meta property=\"og:image\" content=\"https:\/\/test-parisrunningtour.laurieassemat.com\/fr\/wp-content\/uploads\/sites\/1\/2013\/09\/PRT2013-09-20_03_ArtNouveauIleDeLaCite.jpg\" \/>\n\t<meta property=\"og:image:width\" content=\"860\" \/>\n\t<meta property=\"og:image:height\" content=\"860\" \/>\n\t<meta property=\"og:image:type\" content=\"image\/jpeg\" \/>\n<meta name=\"author\" content=\"Admin\" \/>\n<meta name=\"twitter:card\" content=\"summary_large_image\" \/>\n<meta name=\"twitter:label1\" content=\"\u00c9crit par\" \/>\n\t<meta name=\"twitter:data1\" content=\"Admin\" \/>\n\t<meta name=\"twitter:label2\" content=\"Dur\u00e9e de lecture estim\u00e9e\" \/>\n\t<meta name=\"twitter:data2\" content=\"2 minutes\" \/>\n<script type=\"application\/ld+json\" class=\"yoast-schema-graph\">{\"@context\":\"https:\\\/\\\/schema.org\",\"@graph\":[{\"@type\":\"Article\",\"@id\":\"https:\\\/\\\/test-parisrunningtour.laurieassemat.com\\\/fr\\\/art-medieval-art-nouveau-art-moderne-16-km-dans-paris-avec-lysa\\\/#article\",\"isPartOf\":{\"@id\":\"https:\\\/\\\/test-parisrunningtour.laurieassemat.com\\\/fr\\\/art-medieval-art-nouveau-art-moderne-16-km-dans-paris-avec-lysa\\\/\"},\"author\":{\"name\":\"Admin\",\"@id\":\"https:\\\/\\\/test-parisrunningtour.laurieassemat.com\\\/fr\\\/#\\\/schema\\\/person\\\/75f0dc3c395ae2b4e14e29aff8f6a5af\"},\"headline\":\"Art M\u00e9di\u00e9val, Art Nouveau, Art Moderne, 16 km dans Paris avec Lysa\",\"datePublished\":\"2013-09-20T05:03:00+00:00\",\"dateModified\":\"2017-01-16T14:28:11+00:00\",\"mainEntityOfPage\":{\"@id\":\"https:\\\/\\\/test-parisrunningtour.laurieassemat.com\\\/fr\\\/art-medieval-art-nouveau-art-moderne-16-km-dans-paris-avec-lysa\\\/\"},\"wordCount\":468,\"commentCount\":0,\"publisher\":{\"@id\":\"https:\\\/\\\/test-parisrunningtour.laurieassemat.com\\\/fr\\\/#organization\"},\"image\":{\"@id\":\"https:\\\/\\\/test-parisrunningtour.laurieassemat.com\\\/fr\\\/art-medieval-art-nouveau-art-moderne-16-km-dans-paris-avec-lysa\\\/#primaryimage\"},\"thumbnailUrl\":\"https:\\\/\\\/test-parisrunningtour.laurieassemat.com\\\/fr\\\/wp-content\\\/uploads\\\/sites\\\/1\\\/2013\\\/09\\\/PRT2013-09-20_03_ArtNouveauIleDeLaCite.jpg\",\"articleSection\":[\"Art Nouveau\",\"Cit\u00e9 (Ile de la)\",\"Conciergerie\",\"Mus\u00e9e du Quai Branly\",\"Notre Dame\",\"Tour Eiffel\"],\"inLanguage\":\"fr-FR\",\"potentialAction\":[{\"@type\":\"CommentAction\",\"name\":\"Comment\",\"target\":[\"https:\\\/\\\/test-parisrunningtour.laurieassemat.com\\\/fr\\\/art-medieval-art-nouveau-art-moderne-16-km-dans-paris-avec-lysa\\\/#respond\"]}]},{\"@type\":\"WebPage\",\"@id\":\"https:\\\/\\\/test-parisrunningtour.laurieassemat.com\\\/fr\\\/art-medieval-art-nouveau-art-moderne-16-km-dans-paris-avec-lysa\\\/\",\"url\":\"https:\\\/\\\/test-parisrunningtour.laurieassemat.com\\\/fr\\\/art-medieval-art-nouveau-art-moderne-16-km-dans-paris-avec-lysa\\\/\",\"name\":\"Art M\u00e9di\u00e9val, Art Nouveau, Art Moderne, 16 km dans Paris avec Lysa | Paris Running Tours\",\"isPartOf\":{\"@id\":\"https:\\\/\\\/test-parisrunningtour.laurieassemat.com\\\/fr\\\/#website\"},\"primaryImageOfPage\":{\"@id\":\"https:\\\/\\\/test-parisrunningtour.laurieassemat.com\\\/fr\\\/art-medieval-art-nouveau-art-moderne-16-km-dans-paris-avec-lysa\\\/#primaryimage\"},\"image\":{\"@id\":\"https:\\\/\\\/test-parisrunningtour.laurieassemat.com\\\/fr\\\/art-medieval-art-nouveau-art-moderne-16-km-dans-paris-avec-lysa\\\/#primaryimage\"},\"thumbnailUrl\":\"https:\\\/\\\/test-parisrunningtour.laurieassemat.com\\\/fr\\\/wp-content\\\/uploads\\\/sites\\\/1\\\/2013\\\/09\\\/PRT2013-09-20_03_ArtNouveauIleDeLaCite.jpg\",\"datePublished\":\"2013-09-20T05:03:00+00:00\",\"dateModified\":\"2017-01-16T14:28:11+00:00\",\"breadcrumb\":{\"@id\":\"https:\\\/\\\/test-parisrunningtour.laurieassemat.com\\\/fr\\\/art-medieval-art-nouveau-art-moderne-16-km-dans-paris-avec-lysa\\\/#breadcrumb\"},\"inLanguage\":\"fr-FR\",\"potentialAction\":[{\"@type\":\"ReadAction\",\"target\":[\"https:\\\/\\\/test-parisrunningtour.laurieassemat.com\\\/fr\\\/art-medieval-art-nouveau-art-moderne-16-km-dans-paris-avec-lysa\\\/\"]}]},{\"@type\":\"ImageObject\",\"inLanguage\":\"fr-FR\",\"@id\":\"https:\\\/\\\/test-parisrunningtour.laurieassemat.com\\\/fr\\\/art-medieval-art-nouveau-art-moderne-16-km-dans-paris-avec-lysa\\\/#primaryimage\",\"url\":\"https:\\\/\\\/test-parisrunningtour.laurieassemat.com\\\/fr\\\/wp-content\\\/uploads\\\/sites\\\/1\\\/2013\\\/09\\\/PRT2013-09-20_03_ArtNouveauIleDeLaCite.jpg\",\"contentUrl\":\"https:\\\/\\\/test-parisrunningtour.laurieassemat.com\\\/fr\\\/wp-content\\\/uploads\\\/sites\\\/1\\\/2013\\\/09\\\/PRT2013-09-20_03_ArtNouveauIleDeLaCite.jpg\",\"width\":860,\"height\":860},{\"@type\":\"BreadcrumbList\",\"@id\":\"https:\\\/\\\/test-parisrunningtour.laurieassemat.com\\\/fr\\\/art-medieval-art-nouveau-art-moderne-16-km-dans-paris-avec-lysa\\\/#breadcrumb\",\"itemListElement\":[{\"@type\":\"ListItem\",\"position\":1,\"name\":\"Accueil\",\"item\":\"https:\\\/\\\/test-parisrunningtour.laurieassemat.com\\\/fr\\\/\"},{\"@type\":\"ListItem\",\"position\":2,\"name\":\"Art M\u00e9di\u00e9val, Art Nouveau, Art Moderne, 16 km dans Paris avec Lysa\"}]},{\"@type\":\"WebSite\",\"@id\":\"https:\\\/\\\/test-parisrunningtour.laurieassemat.com\\\/fr\\\/#website\",\"url\":\"https:\\\/\\\/test-parisrunningtour.laurieassemat.com\\\/fr\\\/\",\"name\":\"Paris Running Tours\",\"description\":\"D\u00e9couvrir Paris en courant\",\"publisher\":{\"@id\":\"https:\\\/\\\/test-parisrunningtour.laurieassemat.com\\\/fr\\\/#organization\"},\"potentialAction\":[{\"@type\":\"SearchAction\",\"target\":{\"@type\":\"EntryPoint\",\"urlTemplate\":\"https:\\\/\\\/test-parisrunningtour.laurieassemat.com\\\/fr\\\/?s={search_term_string}\"},\"query-input\":{\"@type\":\"PropertyValueSpecification\",\"valueRequired\":true,\"valueName\":\"search_term_string\"}}],\"inLanguage\":\"fr-FR\"},{\"@type\":\"Organization\",\"@id\":\"https:\\\/\\\/test-parisrunningtour.laurieassemat.com\\\/fr\\\/#organization\",\"name\":\"Paris Running Tours\",\"url\":\"https:\\\/\\\/test-parisrunningtour.laurieassemat.com\\\/fr\\\/\",\"logo\":{\"@type\":\"ImageObject\",\"inLanguage\":\"fr-FR\",\"@id\":\"https:\\\/\\\/test-parisrunningtour.laurieassemat.com\\\/fr\\\/#\\\/schema\\\/logo\\\/image\\\/\",\"url\":\"https:\\\/\\\/test-parisrunningtour.laurieassemat.com\\\/fr\\\/wp-content\\\/uploads\\\/sites\\\/1\\\/2016\\\/12\\\/cropped-faviconPRT.png\",\"contentUrl\":\"https:\\\/\\\/test-parisrunningtour.laurieassemat.com\\\/fr\\\/wp-content\\\/uploads\\\/sites\\\/1\\\/2016\\\/12\\\/cropped-faviconPRT.png\",\"width\":512,\"height\":512,\"caption\":\"Paris Running Tours\"},\"image\":{\"@id\":\"https:\\\/\\\/test-parisrunningtour.laurieassemat.com\\\/fr\\\/#\\\/schema\\\/logo\\\/image\\\/\"}},{\"@type\":\"Person\",\"@id\":\"https:\\\/\\\/test-parisrunningtour.laurieassemat.com\\\/fr\\\/#\\\/schema\\\/person\\\/75f0dc3c395ae2b4e14e29aff8f6a5af\",\"name\":\"Admin\",\"image\":{\"@type\":\"ImageObject\",\"inLanguage\":\"fr-FR\",\"@id\":\"https:\\\/\\\/secure.gravatar.com\\\/avatar\\\/2980d1c79775d028873614111fac5ea2906175b9eba90c2fe773d875d19902e0?s=96&d=mm&r=g\",\"url\":\"https:\\\/\\\/secure.gravatar.com\\\/avatar\\\/2980d1c79775d028873614111fac5ea2906175b9eba90c2fe773d875d19902e0?s=96&d=mm&r=g\",\"contentUrl\":\"https:\\\/\\\/secure.gravatar.com\\\/avatar\\\/2980d1c79775d028873614111fac5ea2906175b9eba90c2fe773d875d19902e0?s=96&d=mm&r=g\",\"caption\":\"Admin\"},\"sameAs\":[\"https:\\\/\\\/www.parisrunningtour.com\"]}]}<\/script>\n<!-- \/ Yoast SEO plugin. -->","yoast_head_json":{"title":"Art M\u00e9di\u00e9val, Art Nouveau, Art Moderne, 16 km dans Paris avec Lysa | Paris Running Tours","robots":{"index":"noindex","follow":"follow","max-snippet":"max-snippet:-1","max-image-preview":"max-image-preview:large","max-video-preview":"max-video-preview:-1"},"og_locale":"fr_FR","og_type":"article","og_title":"Art M\u00e9di\u00e9val, Art Nouveau, Art Moderne, 16 km dans Paris avec Lysa | Paris Running Tours","og_description":"Lysa &#8211; Ile de la Cit\u00e9 7h03 &#8211;\u00a0Avec Lysa, de Buffalo (\u00e9tat de New York), nous avons fait un circuit de 10 miles (16 kilom\u00e8tres) pour d\u00e9couvrir les nombreuses facettes artistiques de Paris. Plus de 2000 ans d&rsquo;Histoire&#8230; et de cr\u00e9ations artistiques et architecturales ! Avez-vous remarqu\u00e9 les nombreuses bouches de m\u00e9tro parisiennes avec ces formes en arabesques, comme celle que l&rsquo;on voit sur la photo ci-dessus \u00e0 c\u00f4t\u00e9 de Lysa ? Ces \u00ab\u00a0\u00e9dicules\u00a0\u00bb sont typiques des cr\u00e9ations artistiques du d\u00e9but du 20i\u00e8me si\u00e8cle, cet art que l&rsquo;on a appel\u00e9 l&rsquo;Art Nouveau. Le cr\u00e9ateur, Hector Guimard, artiste tr\u00e8s repr\u00e9sentatif du mouvement Art Nouveau, a r\u00e9alis\u00e9\u00a0pr\u00e8s de 141 de ces entr\u00e9es du m\u00e9tro Parisien de 1900 \u00e0 1912. Certains \u00e9dicules sont m\u00eame recouverts d&rsquo;un toit vitr\u00e9. Il n&rsquo;en reste aujourd&rsquo;hui que 86 dont 2 avec un toit vitr\u00e9 comme celui de la porte Dauphine : Des \u00e9dicules d&rsquo;Hector Guimard ont \u00e9t\u00e9 offerts aux m\u00e9tros d&rsquo;autres villes, Montr\u00e9al, Mexico, Chicago, etc. Il en existe m\u00eame un \u00e0 la National Gallery of Art de Washington. Toujours sur l&rsquo;Ile de Cit\u00e9, nous avons aussi admir\u00e9 deux exemples de l&rsquo;Art M\u00e9di\u00e9val (vaste ensemble des Arts du Moyen Age, sur une p\u00e9riode de 1000 ans&#8230;) : La fameuse Cath\u00e9drale Notre Dame de Paris, repr\u00e9sentative de l&rsquo;Art Gothique : &nbsp; Lysa et la Cath\u00e9drale Notre Dame de Paris (\u00e0 gauche, les installations temporaires c\u00e9l\u00e9brant les 850 ans de Notre Dame) &nbsp; L&rsquo;Horloge de la Conciergerie (pour plus d&rsquo;informations, lire cet article) : &nbsp; Lysa &#8211; Tour de l&rsquo;Horloge Plus \u00e0 l&rsquo;Ouest, c&rsquo;est deux formes d&rsquo;arts plus r\u00e9cents que nous avons rencontr\u00e9es : Un mur v\u00e9g\u00e9tal ! L&rsquo;un des premiers murs v\u00e9g\u00e9talis\u00e9s r\u00e9alis\u00e9s par Patrick Blanc, qui a invent\u00e9 le concept de murs v\u00e9g\u00e9taux. Celui-ci fut cr\u00e9\u00e9 en 2004, sur le mur d&rsquo;un b\u00e2timent administratif du mus\u00e9e du Quai Branly : &nbsp; Lysa &#8211; Mur v\u00e9g\u00e9talis\u00e9 (Patrick Blanc 2004) &nbsp; Et bien s\u00fbr, la fameuse Tour de fer, la Tour Eiffel ! La Tour fut construite pour l&rsquo;exposition universelle de 1889.\u00a0 De 1889 \u00e0 1931, ce fut le monument le plus \u00e9lev\u00e9 du monde. Lors de sa construction, elle fut tr\u00e8s critiqu\u00e9e, mais obtint un grand succ\u00e8s lors de l&rsquo;exposition de 1889, succ\u00e8s qui retomba assez vite (malgr\u00e9 un regain de curiosit\u00e9 lors de l&rsquo;exposition universelle de 1900&#8230;) On envisagea m\u00eame de la d\u00e9truire&#8230; C&rsquo;est maintenant le symbole le plus embl\u00e9matique de Paris ! Lysa &#8211; Tour Eiffel \u00a0 Le plaisir de pouvoir courir \u00e0 Paris ! Merci\u00a0Lysa\u00a0! Le circuit du tour :","og_url":"https:\/\/test-parisrunningtour.laurieassemat.com\/fr\/art-medieval-art-nouveau-art-moderne-16-km-dans-paris-avec-lysa\/","og_site_name":"Paris Running Tours","article_published_time":"2013-09-20T05:03:00+00:00","article_modified_time":"2017-01-16T14:28:11+00:00","og_image":[{"width":860,"height":860,"url":"https:\/\/test-parisrunningtour.laurieassemat.com\/fr\/wp-content\/uploads\/sites\/1\/2013\/09\/PRT2013-09-20_03_ArtNouveauIleDeLaCite.jpg","type":"image\/jpeg"}],"author":"Admin","twitter_card":"summary_large_image","twitter_misc":{"\u00c9crit par":"Admin","Dur\u00e9e de lecture estim\u00e9e":"2 minutes"},"schema":{"@context":"https:\/\/schema.org","@graph":[{"@type":"Article","@id":"https:\/\/test-parisrunningtour.laurieassemat.com\/fr\/art-medieval-art-nouveau-art-moderne-16-km-dans-paris-avec-lysa\/#article","isPartOf":{"@id":"https:\/\/test-parisrunningtour.laurieassemat.com\/fr\/art-medieval-art-nouveau-art-moderne-16-km-dans-paris-avec-lysa\/"},"author":{"name":"Admin","@id":"https:\/\/test-parisrunningtour.laurieassemat.com\/fr\/#\/schema\/person\/75f0dc3c395ae2b4e14e29aff8f6a5af"},"headline":"Art M\u00e9di\u00e9val, Art Nouveau, Art Moderne, 16 km dans Paris avec Lysa","datePublished":"2013-09-20T05:03:00+00:00","dateModified":"2017-01-16T14:28:11+00:00","mainEntityOfPage":{"@id":"https:\/\/test-parisrunningtour.laurieassemat.com\/fr\/art-medieval-art-nouveau-art-moderne-16-km-dans-paris-avec-lysa\/"},"wordCount":468,"commentCount":0,"publisher":{"@id":"https:\/\/test-parisrunningtour.laurieassemat.com\/fr\/#organization"},"image":{"@id":"https:\/\/test-parisrunningtour.laurieassemat.com\/fr\/art-medieval-art-nouveau-art-moderne-16-km-dans-paris-avec-lysa\/#primaryimage"},"thumbnailUrl":"https:\/\/test-parisrunningtour.laurieassemat.com\/fr\/wp-content\/uploads\/sites\/1\/2013\/09\/PRT2013-09-20_03_ArtNouveauIleDeLaCite.jpg","articleSection":["Art Nouveau","Cit\u00e9 (Ile de la)","Conciergerie","Mus\u00e9e du Quai Branly","Notre Dame","Tour Eiffel"],"inLanguage":"fr-FR","potentialAction":[{"@type":"CommentAction","name":"Comment","target":["https:\/\/test-parisrunningtour.laurieassemat.com\/fr\/art-medieval-art-nouveau-art-moderne-16-km-dans-paris-avec-lysa\/#respond"]}]},{"@type":"WebPage","@id":"https:\/\/test-parisrunningtour.laurieassemat.com\/fr\/art-medieval-art-nouveau-art-moderne-16-km-dans-paris-avec-lysa\/","url":"https:\/\/test-parisrunningtour.laurieassemat.com\/fr\/art-medieval-art-nouveau-art-moderne-16-km-dans-paris-avec-lysa\/","name":"Art M\u00e9di\u00e9val, Art Nouveau, Art Moderne, 16 km dans Paris avec Lysa | Paris Running Tours","isPartOf":{"@id":"https:\/\/test-parisrunningtour.laurieassemat.com\/fr\/#website"},"primaryImageOfPage":{"@id":"https:\/\/test-parisrunningtour.laurieassemat.com\/fr\/art-medieval-art-nouveau-art-moderne-16-km-dans-paris-avec-lysa\/#primaryimage"},"image":{"@id":"https:\/\/test-parisrunningtour.laurieassemat.com\/fr\/art-medieval-art-nouveau-art-moderne-16-km-dans-paris-avec-lysa\/#primaryimage"},"thumbnailUrl":"https:\/\/test-parisrunningtour.laurieassemat.com\/fr\/wp-content\/uploads\/sites\/1\/2013\/09\/PRT2013-09-20_03_ArtNouveauIleDeLaCite.jpg","datePublished":"2013-09-20T05:03:00+00:00","dateModified":"2017-01-16T14:28:11+00:00","breadcrumb":{"@id":"https:\/\/test-parisrunningtour.laurieassemat.com\/fr\/art-medieval-art-nouveau-art-moderne-16-km-dans-paris-avec-lysa\/#breadcrumb"},"inLanguage":"fr-FR","potentialAction":[{"@type":"ReadAction","target":["https:\/\/test-parisrunningtour.laurieassemat.com\/fr\/art-medieval-art-nouveau-art-moderne-16-km-dans-paris-avec-lysa\/"]}]},{"@type":"ImageObject","inLanguage":"fr-FR","@id":"https:\/\/test-parisrunningtour.laurieassemat.com\/fr\/art-medieval-art-nouveau-art-moderne-16-km-dans-paris-avec-lysa\/#primaryimage","url":"https:\/\/test-parisrunningtour.laurieassemat.com\/fr\/wp-content\/uploads\/sites\/1\/2013\/09\/PRT2013-09-20_03_ArtNouveauIleDeLaCite.jpg","contentUrl":"https:\/\/test-parisrunningtour.laurieassemat.com\/fr\/wp-content\/uploads\/sites\/1\/2013\/09\/PRT2013-09-20_03_ArtNouveauIleDeLaCite.jpg","width":860,"height":860},{"@type":"BreadcrumbList","@id":"https:\/\/test-parisrunningtour.laurieassemat.com\/fr\/art-medieval-art-nouveau-art-moderne-16-km-dans-paris-avec-lysa\/#breadcrumb","itemListElement":[{"@type":"ListItem","position":1,"name":"Accueil","item":"https:\/\/test-parisrunningtour.laurieassemat.com\/fr\/"},{"@type":"ListItem","position":2,"name":"Art M\u00e9di\u00e9val, Art Nouveau, Art Moderne, 16 km dans Paris avec Lysa"}]},{"@type":"WebSite","@id":"https:\/\/test-parisrunningtour.laurieassemat.com\/fr\/#website","url":"https:\/\/test-parisrunningtour.laurieassemat.com\/fr\/","name":"Paris Running Tours","description":"D\u00e9couvrir Paris en courant","publisher":{"@id":"https:\/\/test-parisrunningtour.laurieassemat.com\/fr\/#organization"},"potentialAction":[{"@type":"SearchAction","target":{"@type":"EntryPoint","urlTemplate":"https:\/\/test-parisrunningtour.laurieassemat.com\/fr\/?s={search_term_string}"},"query-input":{"@type":"PropertyValueSpecification","valueRequired":true,"valueName":"search_term_string"}}],"inLanguage":"fr-FR"},{"@type":"Organization","@id":"https:\/\/test-parisrunningtour.laurieassemat.com\/fr\/#organization","name":"Paris Running Tours","url":"https:\/\/test-parisrunningtour.laurieassemat.com\/fr\/","logo":{"@type":"ImageObject","inLanguage":"fr-FR","@id":"https:\/\/test-parisrunningtour.laurieassemat.com\/fr\/#\/schema\/logo\/image\/","url":"https:\/\/test-parisrunningtour.laurieassemat.com\/fr\/wp-content\/uploads\/sites\/1\/2016\/12\/cropped-faviconPRT.png","contentUrl":"https:\/\/test-parisrunningtour.laurieassemat.com\/fr\/wp-content\/uploads\/sites\/1\/2016\/12\/cropped-faviconPRT.png","width":512,"height":512,"caption":"Paris Running Tours"},"image":{"@id":"https:\/\/test-parisrunningtour.laurieassemat.com\/fr\/#\/schema\/logo\/image\/"}},{"@type":"Person","@id":"https:\/\/test-parisrunningtour.laurieassemat.com\/fr\/#\/schema\/person\/75f0dc3c395ae2b4e14e29aff8f6a5af","name":"Admin","image":{"@type":"ImageObject","inLanguage":"fr-FR","@id":"https:\/\/secure.gravatar.com\/avatar\/2980d1c79775d028873614111fac5ea2906175b9eba90c2fe773d875d19902e0?s=96&d=mm&r=g","url":"https:\/\/secure.gravatar.com\/avatar\/2980d1c79775d028873614111fac5ea2906175b9eba90c2fe773d875d19902e0?s=96&d=mm&r=g","contentUrl":"https:\/\/secure.gravatar.com\/avatar\/2980d1c79775d028873614111fac5ea2906175b9eba90c2fe773d875d19902e0?s=96&d=mm&r=g","caption":"Admin"},"sameAs":["https:\/\/www.parisrunningtour.com"]}]}},"_links":{"self":[{"href":"https:\/\/test-parisrunningtour.laurieassemat.com\/fr\/wp-json\/wp\/v2\/posts\/73","targetHints":{"allow":["GET"]}}],"collection":[{"href":"https:\/\/test-parisrunningtour.laurieassemat.com\/fr\/wp-json\/wp\/v2\/posts"}],"about":[{"href":"https:\/\/test-parisrunningtour.laurieassemat.com\/fr\/wp-json\/wp\/v2\/types\/post"}],"author":[{"embeddable":true,"href":"https:\/\/test-parisrunningtour.laurieassemat.com\/fr\/wp-json\/wp\/v2\/users\/1"}],"replies":[{"embeddable":true,"href":"https:\/\/test-parisrunningtour.laurieassemat.com\/fr\/wp-json\/wp\/v2\/comments?post=73"}],"version-history":[{"count":1,"href":"https:\/\/test-parisrunningtour.laurieassemat.com\/fr\/wp-json\/wp\/v2\/posts\/73\/revisions"}],"predecessor-version":[{"id":1272,"href":"https:\/\/test-parisrunningtour.laurieassemat.com\/fr\/wp-json\/wp\/v2\/posts\/73\/revisions\/1272"}],"wp:featuredmedia":[{"embeddable":true,"href":"https:\/\/test-parisrunningtour.laurieassemat.com\/fr\/wp-json\/wp\/v2\/media\/1271"}],"wp:attachment":[{"href":"https:\/\/test-parisrunningtour.laurieassemat.com\/fr\/wp-json\/wp\/v2\/media?parent=73"}],"wp:term":[{"taxonomy":"category","embeddable":true,"href":"https:\/\/test-parisrunningtour.laurieassemat.com\/fr\/wp-json\/wp\/v2\/categories?post=73"},{"taxonomy":"post_tag","embeddable":true,"href":"https:\/\/test-parisrunningtour.laurieassemat.com\/fr\/wp-json\/wp\/v2\/tags?post=73"}],"curies":[{"name":"wp","href":"https:\/\/api.w.org\/{rel}","templated":true}]}}