{"id":74,"date":"2013-09-15T07:00:00","date_gmt":"2013-09-15T05:00:00","guid":{"rendered":"http:\/\/runningtour.paris\/blog\/2013\/09\/15\/perspectives-parisiennes-avec-karine\/"},"modified":"2017-01-16T15:29:05","modified_gmt":"2017-01-16T14:29:05","slug":"perspectives-parisiennes-avec-karine","status":"publish","type":"post","link":"https:\/\/test-parisrunningtour.laurieassemat.com\/fr\/perspectives-parisiennes-avec-karine\/","title":{"rendered":"Perspectives Parisiennes avec Karine"},"content":{"rendered":"<div style=\"clear: both; text-align: center;\"><\/div>\n<table style=\"margin-left: auto; margin-right: auto; text-align: center;\" cellspacing=\"0\" cellpadding=\"0\" align=\"center\">\n<tbody>\n<tr>\n<td style=\"text-align: center;\"><a style=\"margin-left: auto; margin-right: auto;\" title=\"Cliquez sur l'image pour l'agrandir\" href=\"http:\/\/3.bp.blogspot.com\/-TWCoziU2AmE\/UlllWsk6w8I\/AAAAAAAABtU\/HBXHRng1JOU\/s1600\/PRT2013-09-15_11_PontNeuf.jpg\" target=\"_blank\"><img fetchpriority=\"high\" decoding=\"async\" src=\"http:\/\/3.bp.blogspot.com\/-TWCoziU2AmE\/UlllWsk6w8I\/AAAAAAAABtU\/HBXHRng1JOU\/s640\/PRT2013-09-15_11_PontNeuf.jpg\" width=\"640\" height=\"372\" border=\"0\" \/><\/a><\/td>\n<\/tr>\n<tr>\n<td style=\"text-align: center;\"><span style=\"font-family: Trebuchet MS, sans-serif;\">Karine &#8211; Le Pont Neuf<\/span><\/td>\n<\/tr>\n<\/tbody>\n<\/table>\n<p><span style=\"font-family: 'Trebuchet MS', sans-serif;\"><b>7h00 &#8211;<\/b>\u00a0Karine, coureuse\u00a0Qu\u00e9b\u00e9coise, a choisi de faire un Paris Running Tour, pour pr\u00e9parer le semi-marathon de Montr\u00e9al, tr\u00e8s proche, et aussi, bien s\u00fbr, profiter de la visite sportive pour d\u00e9couvrir le charme d&rsquo;un circuit parisien.<\/span><br \/>\n<span style=\"font-family: 'Trebuchet MS', sans-serif;\"><br \/>\n<\/span><span style=\"font-family: 'Trebuchet MS', sans-serif;\">Que de belles perspectives offertes par le soleil matinal ! Regardez la photo ci-dessus avec la lumi\u00e8re qui commence \u00e0 \u00e9clairer le Pont Neuf, le pont le plus vieux de Paris (Voir cet\u00a0<a href=\"http:\/\/parisrunningtour-fr.blogspot.fr\/2013\/05\/courir-sous-le-pont-saint-michel-avec.html\" target=\"_blank\">article<\/a>).<\/span><br \/>\n<span style=\"font-family: 'Trebuchet MS', sans-serif;\"><br \/>\n<\/span><span style=\"font-family: 'Trebuchet MS', sans-serif;\">Nous sommes partis t\u00f4t ce dimanche-l\u00e0. Au d\u00e9part de la course, il faisait encore nuit. La\u00a0silhouette de la Tour Eiffel se d\u00e9tache dans l&rsquo;aube&#8230;<\/span><\/p>\n<table style=\"margin-left: auto; margin-right: auto; text-align: center;\" cellspacing=\"0\" cellpadding=\"0\" align=\"center\">\n<tbody>\n<tr>\n<td style=\"text-align: center;\"><a style=\"margin-left: auto; margin-right: auto;\" title=\"Cliquez sur l'image pour l'agrandir\" href=\"http:\/\/1.bp.blogspot.com\/-ZK7LNDd6JJ8\/UllvW7RPMVI\/AAAAAAAABt0\/zkFBdVnpV3M\/s1600\/PRT2013-09-15_02_PontAlexandreIII.jpg\" target=\"_blank\"><img decoding=\"async\" src=\"http:\/\/1.bp.blogspot.com\/-ZK7LNDd6JJ8\/UllvW7RPMVI\/AAAAAAAABt0\/zkFBdVnpV3M\/s640\/PRT2013-09-15_02_PontAlexandreIII.jpg\" width=\"520\" height=\"640\" border=\"0\" \/><\/a><\/td>\n<\/tr>\n<tr>\n<td style=\"text-align: center;\"><span style=\"font-family: Trebuchet MS, sans-serif;\">Karine &#8211; Pont Alexandre III<\/span><\/td>\n<\/tr>\n<\/tbody>\n<\/table>\n<p><span style=\"font-family: 'Trebuchet MS', sans-serif;\">&#8230; ainsi que le Louvre, alors que le jour appara\u00eet :<\/span><\/p>\n<table style=\"margin-left: auto; margin-right: auto; text-align: center;\" cellspacing=\"0\" cellpadding=\"0\" align=\"center\">\n<tbody>\n<tr>\n<td style=\"text-align: center;\"><a style=\"margin-left: auto; margin-right: auto;\" title=\"Cliquez sur l'image pour l'agrandir\" href=\"http:\/\/1.bp.blogspot.com\/-0-v71B1rbQQ\/UllwUW_aIrI\/AAAAAAAABuI\/LCt5noH8Gd8\/s1600\/PRT2013-09-15_03_LeLouvreDepuisLaRiveGauche.jpg\" target=\"_blank\"><img decoding=\"async\" src=\"http:\/\/1.bp.blogspot.com\/-0-v71B1rbQQ\/UllwUW_aIrI\/AAAAAAAABuI\/LCt5noH8Gd8\/s640\/PRT2013-09-15_03_LeLouvreDepuisLaRiveGauche.jpg\" width=\"640\" height=\"480\" border=\"0\" \/><\/a><\/td>\n<\/tr>\n<tr>\n<td style=\"text-align: center;\"><span style=\"font-family: Trebuchet MS, sans-serif;\">Karine &#8211; Le Mus\u00e9e du Louvre vu depuis la rive gauche<\/span><\/td>\n<\/tr>\n<\/tbody>\n<\/table>\n<p><span style=\"font-family: 'Trebuchet MS', sans-serif;\"><br \/>\n<\/span><span style=\"font-family: 'Trebuchet MS', sans-serif;\">Toujours en courant vers le soleil levant, nous sommes parvenus au Quartier Latin pour y rencontrer l&rsquo;Universit\u00e9 de la Sorbonne :<\/span><\/p>\n<table style=\"margin-left: auto; margin-right: auto; text-align: center;\" cellspacing=\"0\" cellpadding=\"0\" align=\"center\">\n<tbody>\n<tr>\n<td style=\"text-align: center;\"><a style=\"margin-left: auto; margin-right: auto;\" title=\"Cliquez sur l'image pour l'agrandir\" href=\"http:\/\/4.bp.blogspot.com\/-Oo5V0rPGFsU\/UllzvFxheZI\/AAAAAAAABuQ\/pAIrZQ1O9M4\/s1600\/PRT2013-09-15_09_LaSorbonne.jpg\" target=\"_blank\"><img loading=\"lazy\" decoding=\"async\" src=\"http:\/\/4.bp.blogspot.com\/-Oo5V0rPGFsU\/UllzvFxheZI\/AAAAAAAABuQ\/pAIrZQ1O9M4\/s640\/PRT2013-09-15_09_LaSorbonne.jpg\" width=\"480\" height=\"640\" border=\"0\" \/><\/a><\/td>\n<\/tr>\n<tr>\n<td style=\"text-align: center;\"><span style=\"font-family: Trebuchet MS, sans-serif;\">Karine &#8211; Rue Saint Jacques &#8211; L&rsquo;Universit\u00e9 de la Sorbonne (et son observatoire)<\/span><\/td>\n<\/tr>\n<\/tbody>\n<\/table>\n<p><span style=\"font-family: 'Trebuchet MS', sans-serif;\"><br \/>\n<\/span><span style=\"font-family: 'Trebuchet MS', sans-serif;\">La Sorbonne longe la Rue Saint Jacques, ancienne voie romaine. Le b\u00e2timent que nous voyons est la troisi\u00e8me version de la Sorbonne et date des ann\u00e9es 1880. L&rsquo;Universit\u00e9 de la Sorbonne fut fond\u00e9e au XIII\u00e8 si\u00e8cle par Robert de Sorbon. Elle est au coeur du Quartier Latin.\u00a0<\/span><br \/>\n<span style=\"font-family: 'Trebuchet MS', sans-serif;\">Quartier Latin ?\u00a0<\/span><br \/>\n<span style=\"font-family: 'Trebuchet MS', sans-serif;\">Quartier Hispanique ? Non, non !<\/span><br \/>\n<span style=\"font-family: Trebuchet MS, sans-serif;\">Au Moyen Age, les \u00e9tudiants venaient d\u00e9j\u00e0 du monde entier pour y \u00e9tudier (parmi eux, Dante, Erasme). Pour discuter entre eux, une seule langue partag\u00e9e : le Latin ! Les passants finirent par appeler le quartier Quartier Latin.<\/span><\/p>\n<div style=\"clear: both; text-align: center;\"><\/div>\n<p>&nbsp;<\/p>\n<div style=\"clear: both; text-align: center;\"><\/div>\n<p><span style=\"font-family: 'Trebuchet MS', sans-serif;\">Un peu plus tard, nous traversons le Pont des Arts, pont consid\u00e9r\u00e9 comme un des plus romantiques de Paris (rappelez-vous des <a href=\"http:\/\/www.myamazingparis.com\/2013\/08\/growth-of-love-padlocks-on-pont-des.html\" target=\"_blank\">Cadenas<\/a>&#8230;)<\/span><br \/>\n<span style=\"font-family: 'Trebuchet MS', sans-serif;\">Que les perspectives sont belles sur ce pont !<\/span><\/p>\n<table style=\"margin-left: auto; margin-right: auto; text-align: center;\" cellspacing=\"0\" cellpadding=\"0\" align=\"center\">\n<tbody>\n<tr>\n<td style=\"text-align: center;\"><a style=\"margin-left: auto; margin-right: auto;\" title=\"Cliquez sur l'image pour l'agrandir\" href=\"http:\/\/3.bp.blogspot.com\/-21pz0nfVRyY\/Ull3NNYp5NI\/AAAAAAAABuc\/gpZGdrT8gkY\/s1600\/PontDesArts4.jpg\" target=\"_blank\"><img loading=\"lazy\" decoding=\"async\" class=\"noborderjc\" src=\"http:\/\/3.bp.blogspot.com\/-21pz0nfVRyY\/Ull3NNYp5NI\/AAAAAAAABuc\/gpZGdrT8gkY\/s640\/PontDesArts4.jpg\" width=\"614\" height=\"640\" \/><\/a><\/td>\n<\/tr>\n<tr>\n<td style=\"text-align: center;\"><span style=\"font-family: Trebuchet MS, sans-serif;\">Karine &#8211; Pont des Arts &#8211; <b><i><span style=\"color: blue;\">Cliquez pour agrandir ce panorama<\/span><\/i><\/b><\/span><\/td>\n<\/tr>\n<\/tbody>\n<\/table>\n<p><span style=\"font-family: 'Trebuchet MS', sans-serif;\"><br \/>\n<\/span><span style=\"font-family: 'Trebuchet MS', sans-serif;\">C\u00f4t\u00e9 Nord, le Louvre et l&rsquo;entr\u00e9e de la Cour Carr\u00e9e, c\u00f4t\u00e9 Sud, l&rsquo;Institut de France, c\u00f4t\u00e9 Ouest, le Mus\u00e9e d&rsquo;Orsay et le Grand Palais au loin et enfin C\u00f4t\u00e9 Est, l&rsquo;Ile de la Cit\u00e9 qui coupe la Seine avec la pointe form\u00e9e par le Square du Vert Galant.<\/span><br \/>\n<span style=\"font-family: 'Trebuchet MS', sans-serif;\"><br \/>\n<\/span><span style=\"font-family: 'Trebuchet MS', sans-serif;\">Plus tard en quittant le Louvre, nous d\u00e9couvrons la perspective donnant sur l&rsquo;Op\u00e9ra de Paris, l&rsquo;Op\u00e9ra Garnier. L&rsquo;architecte Charles Garnier avait refus\u00e9 de voir des arbres le long de l&rsquo;Avenue de l&rsquo;Op\u00e9ra pour que la perspective donnant sur son Op\u00e9ra ne soit pas g\u00e2ch\u00e9e.<\/span><\/p>\n<table style=\"margin-left: auto; margin-right: auto; text-align: center;\" cellspacing=\"0\" cellpadding=\"0\" align=\"center\">\n<tbody>\n<tr>\n<td style=\"text-align: center;\"><a style=\"margin-left: auto; margin-right: auto;\" title=\"Cliquez sur l'image pour l'agrandir\" href=\"http:\/\/4.bp.blogspot.com\/-4Tfa_Z4Nrko\/Ull5pZ2-fQI\/AAAAAAAABuo\/axl9sVps-nA\/s1600\/PRT2013-09-15_17_Opera.jpg\" target=\"_blank\"><img loading=\"lazy\" decoding=\"async\" src=\"http:\/\/4.bp.blogspot.com\/-4Tfa_Z4Nrko\/Ull5pZ2-fQI\/AAAAAAAABuo\/axl9sVps-nA\/s640\/PRT2013-09-15_17_Opera.jpg\" width=\"640\" height=\"346\" border=\"0\" \/><\/a><\/td>\n<\/tr>\n<tr>\n<td style=\"text-align: center;\"><span style=\"font-family: Trebuchet MS, sans-serif;\">Karine &#8211; Avenue de l&rsquo;Op\u00e9ra<\/span><\/td>\n<\/tr>\n<\/tbody>\n<\/table>\n<p><span style=\"font-family: 'Trebuchet MS', sans-serif;\"><br \/>\n<\/span><span style=\"font-family: 'Trebuchet MS', sans-serif;\">Sur le chemin de notre retour, nous passons Place de la Concorde, regardez les deux photos ci-dessous, perspective Nord et perspective Sud\u00a0:<\/span><\/p>\n<div style=\"clear: both; text-align: center;\"><a style=\"clear: left; float: left; margin-bottom: 1em; margin-right: 1em;\" title=\"Cliquez sur l'image pour l'agrandir\" href=\"http:\/\/4.bp.blogspot.com\/-7kvDi-hl75k\/Ull6f-1pPzI\/AAAAAAAABuw\/z03tl3yQX9A\/s1600\/PRT2013-09-15_20_Madeleine.jpg\" target=\"_blank\"><img loading=\"lazy\" decoding=\"async\" src=\"http:\/\/4.bp.blogspot.com\/-7kvDi-hl75k\/Ull6f-1pPzI\/AAAAAAAABuw\/z03tl3yQX9A\/s640\/PRT2013-09-15_20_Madeleine.jpg\" width=\"640\" height=\"438\" border=\"0\" \/><\/a><\/div>\n<p>&nbsp;<\/p>\n<table style=\"margin-left: auto; margin-right: auto; text-align: center;\" cellspacing=\"0\" cellpadding=\"0\" align=\"center\">\n<tbody>\n<tr>\n<td style=\"text-align: center;\"><a style=\"margin-left: auto; margin-right: auto;\" title=\"Cliquez sur l'image pour l'agrandir\" href=\"http:\/\/2.bp.blogspot.com\/-DcWqolCjv0k\/Ull6sSkBFWI\/AAAAAAAABu4\/4E28AHbweuQ\/s1600\/PRT2013-09-15_19_ConcordeAssemblee.jpg\" target=\"_blank\"><img loading=\"lazy\" decoding=\"async\" src=\"http:\/\/2.bp.blogspot.com\/-DcWqolCjv0k\/Ull6sSkBFWI\/AAAAAAAABu4\/4E28AHbweuQ\/s640\/PRT2013-09-15_19_ConcordeAssemblee.jpg\" width=\"640\" height=\"422\" border=\"0\" \/><\/a><\/td>\n<\/tr>\n<tr>\n<td style=\"text-align: center;\"><span style=\"font-family: Trebuchet MS, sans-serif;\">Karine &#8211; Place de la Concorde<\/span><\/td>\n<\/tr>\n<\/tbody>\n<\/table>\n<p><span style=\"font-family: 'Trebuchet MS', sans-serif;\">L&rsquo;\u00e9glise de la Madeleine et l&rsquo;Assembl\u00e9e Nationale semblent se refl\u00e9ter.\u00a0<\/span><br \/>\n<span style=\"font-family: 'Trebuchet MS', sans-serif;\">Cela est voulu. En 1806, Napol\u00e9on 1er adopta le projet de cr\u00e9ation d&rsquo;une nouvelle fa\u00e7ade pour l&rsquo;ancien Palais de la Duchesse Louise de Bourbon, devenu Assembl\u00e9e Nationale.<\/span><br \/>\n<span style=\"font-family: 'Trebuchet MS', sans-serif;\">Cette nouvelle <a href=\"http:\/\/www.assemblee-nationale.fr\/histoire\/colonnade.asp\" target=\"_blank\">Colonnade<\/a>\u00a0de la fa\u00e7ade du Palais rappelle par ses colonnes la fa\u00e7ade de l&rsquo;Eglise de la Madeleine qui lui fait face.<\/span><br \/>\n<span style=\"font-family: 'Trebuchet MS', sans-serif;\">Un nouvel axe est donn\u00e9\u00a0<\/span><span style=\"font-family: 'Trebuchet MS', sans-serif;\">\u00e0 la fa\u00e7ade par rapport \u00e0 l&rsquo;axe d&rsquo;origine du Palais Bourbon et enfin, les colonnes sont \u00e9lev\u00e9es par les marches d&rsquo;un escalier imposant afin que le Pont de la Concorde ne masque pas la vue sur le bas de la colonnade.<\/span><br \/>\n<span style=\"font-family: 'Trebuchet MS', sans-serif;\"><br \/>\n<\/span><span style=\"font-family: 'Trebuchet MS', sans-serif;\">Paris, toujours \u00e0 la recherche de l&rsquo;harmonie !<\/span><\/p>\n<p><span style=\"font-family: 'Trebuchet MS', sans-serif;\">Merci\u00a0<\/span><span style=\"font-family: 'Trebuchet MS', sans-serif;\">Karine\u00a0<\/span><span style=\"font-family: 'Trebuchet MS', sans-serif;\">!<\/span><br \/>\n<span style=\"font-family: 'Trebuchet MS', sans-serif;\"><br \/>\n<\/span><b style=\"font-family: 'Trebuchet MS', sans-serif;\">Le circuit du tour :<\/b><\/p>\n<div style=\"clear: both; text-align: center;\"><\/div>\n<div style=\"clear: both; text-align: center;\"><a style=\"clear: left; float: left; margin-bottom: 1em; margin-right: 1em;\" title=\"Cliquez sur l'image pour l'agrandir\" href=\"http:\/\/2.bp.blogspot.com\/-6nHQNytUZLQ\/Ulluiw-_JNI\/AAAAAAAABts\/ldJlGVU-2K0\/s1600\/TourKarine.bmp\" target=\"_blank\"><img loading=\"lazy\" decoding=\"async\" src=\"http:\/\/2.bp.blogspot.com\/-6nHQNytUZLQ\/Ulluiw-_JNI\/AAAAAAAABts\/ldJlGVU-2K0\/s640\/TourKarine.bmp\" width=\"640\" height=\"496\" border=\"0\" \/><\/a><\/div>\n<p>&nbsp;<\/p>\n<div style=\"clear: both; text-align: center;\"><\/div>\n","protected":false},"excerpt":{"rendered":"<p>Karine &#8211; Le Pont Neuf 7h00 &#8211;\u00a0Karine, coureuse\u00a0Qu\u00e9b\u00e9coise, a choisi de faire un Paris Running Tour, pour pr\u00e9parer le semi-marathon de Montr\u00e9al, tr\u00e8s proche, et aussi, bien s\u00fbr, profiter de la visite sportive pour d\u00e9couvrir le charme d&rsquo;un circuit parisien. Que de belles perspectives offertes par le soleil matinal ! Regardez la photo ci-dessus avec la lumi\u00e8re qui commence \u00e0 \u00e9clairer le Pont Neuf, le pont le plus vieux de Paris (Voir cet\u00a0article). Nous sommes partis t\u00f4t ce dimanche-l\u00e0. Au d\u00e9part de la course, il faisait encore nuit. La\u00a0silhouette de la Tour Eiffel se d\u00e9tache dans l&rsquo;aube&#8230; Karine &#8211; Pont Alexandre III &#8230; ainsi que le Louvre, alors que le jour appara\u00eet : Karine &#8211; Le Mus\u00e9e du Louvre vu depuis la rive gauche Toujours en courant vers le soleil levant, nous sommes parvenus au Quartier Latin pour y rencontrer l&rsquo;Universit\u00e9 de la Sorbonne : Karine &#8211; Rue Saint Jacques &#8211; L&rsquo;Universit\u00e9 de la Sorbonne (et son observatoire) La Sorbonne longe la Rue Saint Jacques, ancienne voie romaine. Le b\u00e2timent que nous voyons est la troisi\u00e8me version de la Sorbonne et date des ann\u00e9es 1880. L&rsquo;Universit\u00e9 de la Sorbonne fut fond\u00e9e au XIII\u00e8 si\u00e8cle par Robert de Sorbon. Elle est au coeur du Quartier Latin.\u00a0 Quartier Latin ?\u00a0 Quartier Hispanique ? Non, non ! Au Moyen Age, les \u00e9tudiants venaient d\u00e9j\u00e0 du monde entier pour y \u00e9tudier (parmi eux, Dante, Erasme). Pour discuter entre eux, une seule langue partag\u00e9e : le Latin ! Les passants finirent par appeler le quartier Quartier Latin. &nbsp; Un peu plus tard, nous traversons le Pont des Arts, pont consid\u00e9r\u00e9 comme un des plus romantiques de Paris (rappelez-vous des Cadenas&#8230;) Que les perspectives sont belles sur ce pont ! Karine &#8211; Pont des Arts &#8211; Cliquez pour agrandir ce panorama C\u00f4t\u00e9 Nord, le Louvre et l&rsquo;entr\u00e9e de la Cour Carr\u00e9e, c\u00f4t\u00e9 Sud, l&rsquo;Institut de France, c\u00f4t\u00e9 Ouest, le Mus\u00e9e d&rsquo;Orsay et le Grand Palais au loin et enfin C\u00f4t\u00e9 Est, l&rsquo;Ile de la Cit\u00e9 qui coupe la Seine avec la pointe form\u00e9e par le Square du Vert Galant. Plus tard en quittant le Louvre, nous d\u00e9couvrons la perspective donnant sur l&rsquo;Op\u00e9ra de Paris, l&rsquo;Op\u00e9ra Garnier. L&rsquo;architecte Charles Garnier avait refus\u00e9 de voir des arbres le long de l&rsquo;Avenue de l&rsquo;Op\u00e9ra pour que la perspective donnant sur son Op\u00e9ra ne soit pas g\u00e2ch\u00e9e. Karine &#8211; Avenue de l&rsquo;Op\u00e9ra Sur le chemin de notre retour, nous passons Place de la Concorde, regardez les deux photos ci-dessous, perspective Nord et perspective Sud\u00a0: &nbsp; Karine &#8211; Place de la Concorde L&rsquo;\u00e9glise de la Madeleine et l&rsquo;Assembl\u00e9e Nationale semblent se refl\u00e9ter.\u00a0 Cela est voulu. En 1806, Napol\u00e9on 1er adopta le projet de cr\u00e9ation d&rsquo;une nouvelle fa\u00e7ade pour l&rsquo;ancien Palais de la Duchesse Louise de Bourbon, devenu Assembl\u00e9e Nationale. Cette nouvelle Colonnade\u00a0de la fa\u00e7ade du Palais rappelle par ses colonnes la fa\u00e7ade de l&rsquo;Eglise de la Madeleine qui lui fait face. Un nouvel axe est donn\u00e9\u00a0\u00e0 la fa\u00e7ade par rapport \u00e0 l&rsquo;axe d&rsquo;origine du Palais Bourbon et enfin, les colonnes sont \u00e9lev\u00e9es par les marches d&rsquo;un escalier imposant afin que le Pont de la Concorde ne masque pas la vue sur le bas de la colonnade. Paris, toujours \u00e0 la recherche de l&rsquo;harmonie ! Merci\u00a0Karine\u00a0! Le circuit du tour : &nbsp;<\/p>\n","protected":false},"author":1,"featured_media":1273,"comment_status":"open","ping_status":"open","sticky":false,"template":"","format":"standard","meta":{"footnotes":""},"categories":[60,61,13,59,58,15,16,40,10],"tags":[],"class_list":["post-74","post","type-post","status-publish","format-standard","has-post-thumbnail","hentry","category-assemblee-nationale","category-institut-de-france","category-louvre","category-madeleine","category-opera-garnier","category-pont-des-arts","category-pont-neuf","category-sorbonne-la","category-tour-eiffel"],"yoast_head":"<!-- This site is optimized with the Yoast SEO plugin v27.5 - https:\/\/yoast.com\/product\/yoast-seo-wordpress\/ -->\n<title>Perspectives Parisiennes avec Karine | Paris Running Tours<\/title>\n<meta name=\"robots\" content=\"noindex, follow, max-snippet:-1, max-image-preview:large, max-video-preview:-1\" \/>\n<meta property=\"og:locale\" content=\"fr_FR\" \/>\n<meta property=\"og:type\" content=\"article\" \/>\n<meta property=\"og:title\" content=\"Perspectives Parisiennes avec Karine | Paris Running Tours\" \/>\n<meta property=\"og:description\" content=\"Karine &#8211; Le Pont Neuf 7h00 &#8211;\u00a0Karine, coureuse\u00a0Qu\u00e9b\u00e9coise, a choisi de faire un Paris Running Tour, pour pr\u00e9parer le semi-marathon de Montr\u00e9al, tr\u00e8s proche, et aussi, bien s\u00fbr, profiter de la visite sportive pour d\u00e9couvrir le charme d&rsquo;un circuit parisien. Que de belles perspectives offertes par le soleil matinal ! Regardez la photo ci-dessus avec la lumi\u00e8re qui commence \u00e0 \u00e9clairer le Pont Neuf, le pont le plus vieux de Paris (Voir cet\u00a0article). Nous sommes partis t\u00f4t ce dimanche-l\u00e0. Au d\u00e9part de la course, il faisait encore nuit. La\u00a0silhouette de la Tour Eiffel se d\u00e9tache dans l&rsquo;aube&#8230; Karine &#8211; Pont Alexandre III &#8230; ainsi que le Louvre, alors que le jour appara\u00eet : Karine &#8211; Le Mus\u00e9e du Louvre vu depuis la rive gauche Toujours en courant vers le soleil levant, nous sommes parvenus au Quartier Latin pour y rencontrer l&rsquo;Universit\u00e9 de la Sorbonne : Karine &#8211; Rue Saint Jacques &#8211; L&rsquo;Universit\u00e9 de la Sorbonne (et son observatoire) La Sorbonne longe la Rue Saint Jacques, ancienne voie romaine. Le b\u00e2timent que nous voyons est la troisi\u00e8me version de la Sorbonne et date des ann\u00e9es 1880. L&rsquo;Universit\u00e9 de la Sorbonne fut fond\u00e9e au XIII\u00e8 si\u00e8cle par Robert de Sorbon. Elle est au coeur du Quartier Latin.\u00a0 Quartier Latin ?\u00a0 Quartier Hispanique ? Non, non ! Au Moyen Age, les \u00e9tudiants venaient d\u00e9j\u00e0 du monde entier pour y \u00e9tudier (parmi eux, Dante, Erasme). Pour discuter entre eux, une seule langue partag\u00e9e : le Latin ! Les passants finirent par appeler le quartier Quartier Latin. &nbsp; Un peu plus tard, nous traversons le Pont des Arts, pont consid\u00e9r\u00e9 comme un des plus romantiques de Paris (rappelez-vous des Cadenas&#8230;) Que les perspectives sont belles sur ce pont ! Karine &#8211; Pont des Arts &#8211; Cliquez pour agrandir ce panorama C\u00f4t\u00e9 Nord, le Louvre et l&rsquo;entr\u00e9e de la Cour Carr\u00e9e, c\u00f4t\u00e9 Sud, l&rsquo;Institut de France, c\u00f4t\u00e9 Ouest, le Mus\u00e9e d&rsquo;Orsay et le Grand Palais au loin et enfin C\u00f4t\u00e9 Est, l&rsquo;Ile de la Cit\u00e9 qui coupe la Seine avec la pointe form\u00e9e par le Square du Vert Galant. Plus tard en quittant le Louvre, nous d\u00e9couvrons la perspective donnant sur l&rsquo;Op\u00e9ra de Paris, l&rsquo;Op\u00e9ra Garnier. L&rsquo;architecte Charles Garnier avait refus\u00e9 de voir des arbres le long de l&rsquo;Avenue de l&rsquo;Op\u00e9ra pour que la perspective donnant sur son Op\u00e9ra ne soit pas g\u00e2ch\u00e9e. Karine &#8211; Avenue de l&rsquo;Op\u00e9ra Sur le chemin de notre retour, nous passons Place de la Concorde, regardez les deux photos ci-dessous, perspective Nord et perspective Sud\u00a0: &nbsp; Karine &#8211; Place de la Concorde L&rsquo;\u00e9glise de la Madeleine et l&rsquo;Assembl\u00e9e Nationale semblent se refl\u00e9ter.\u00a0 Cela est voulu. En 1806, Napol\u00e9on 1er adopta le projet de cr\u00e9ation d&rsquo;une nouvelle fa\u00e7ade pour l&rsquo;ancien Palais de la Duchesse Louise de Bourbon, devenu Assembl\u00e9e Nationale. Cette nouvelle Colonnade\u00a0de la fa\u00e7ade du Palais rappelle par ses colonnes la fa\u00e7ade de l&rsquo;Eglise de la Madeleine qui lui fait face. Un nouvel axe est donn\u00e9\u00a0\u00e0 la fa\u00e7ade par rapport \u00e0 l&rsquo;axe d&rsquo;origine du Palais Bourbon et enfin, les colonnes sont \u00e9lev\u00e9es par les marches d&rsquo;un escalier imposant afin que le Pont de la Concorde ne masque pas la vue sur le bas de la colonnade. Paris, toujours \u00e0 la recherche de l&rsquo;harmonie ! Merci\u00a0Karine\u00a0! Le circuit du tour : &nbsp;\" \/>\n<meta property=\"og:url\" content=\"https:\/\/test-parisrunningtour.laurieassemat.com\/fr\/perspectives-parisiennes-avec-karine\/\" \/>\n<meta property=\"og:site_name\" content=\"Paris Running Tours\" \/>\n<meta property=\"article:published_time\" content=\"2013-09-15T05:00:00+00:00\" \/>\n<meta property=\"article:modified_time\" content=\"2017-01-16T14:29:05+00:00\" \/>\n<meta property=\"og:image\" content=\"https:\/\/test-parisrunningtour.laurieassemat.com\/fr\/wp-content\/uploads\/sites\/1\/2013\/09\/PRT2013-09-15_11_PontNeuf.jpg\" \/>\n\t<meta property=\"og:image:width\" content=\"755\" \/>\n\t<meta property=\"og:image:height\" content=\"755\" \/>\n\t<meta property=\"og:image:type\" content=\"image\/jpeg\" \/>\n<meta name=\"author\" content=\"Admin\" \/>\n<meta name=\"twitter:card\" content=\"summary_large_image\" \/>\n<meta name=\"twitter:label1\" content=\"\u00c9crit par\" \/>\n\t<meta name=\"twitter:data1\" content=\"Admin\" \/>\n\t<meta name=\"twitter:label2\" content=\"Dur\u00e9e de lecture estim\u00e9e\" \/>\n\t<meta name=\"twitter:data2\" content=\"3 minutes\" \/>\n<script type=\"application\/ld+json\" class=\"yoast-schema-graph\">{\"@context\":\"https:\\\/\\\/schema.org\",\"@graph\":[{\"@type\":\"Article\",\"@id\":\"https:\\\/\\\/test-parisrunningtour.laurieassemat.com\\\/fr\\\/perspectives-parisiennes-avec-karine\\\/#article\",\"isPartOf\":{\"@id\":\"https:\\\/\\\/test-parisrunningtour.laurieassemat.com\\\/fr\\\/perspectives-parisiennes-avec-karine\\\/\"},\"author\":{\"name\":\"Admin\",\"@id\":\"https:\\\/\\\/test-parisrunningtour.laurieassemat.com\\\/fr\\\/#\\\/schema\\\/person\\\/75f0dc3c395ae2b4e14e29aff8f6a5af\"},\"headline\":\"Perspectives Parisiennes avec Karine\",\"datePublished\":\"2013-09-15T05:00:00+00:00\",\"dateModified\":\"2017-01-16T14:29:05+00:00\",\"mainEntityOfPage\":{\"@id\":\"https:\\\/\\\/test-parisrunningtour.laurieassemat.com\\\/fr\\\/perspectives-parisiennes-avec-karine\\\/\"},\"wordCount\":604,\"commentCount\":0,\"publisher\":{\"@id\":\"https:\\\/\\\/test-parisrunningtour.laurieassemat.com\\\/fr\\\/#organization\"},\"image\":{\"@id\":\"https:\\\/\\\/test-parisrunningtour.laurieassemat.com\\\/fr\\\/perspectives-parisiennes-avec-karine\\\/#primaryimage\"},\"thumbnailUrl\":\"https:\\\/\\\/test-parisrunningtour.laurieassemat.com\\\/fr\\\/wp-content\\\/uploads\\\/sites\\\/1\\\/2013\\\/09\\\/PRT2013-09-15_11_PontNeuf.jpg\",\"articleSection\":[\"Assembl\u00e9e Nationale\",\"Institut de France\",\"Louvre\",\"Madeleine\",\"Op\u00e9ra Garnier\",\"Pont des Arts\",\"Pont Neuf\",\"Sorbonne (La)\",\"Tour Eiffel\"],\"inLanguage\":\"fr-FR\",\"potentialAction\":[{\"@type\":\"CommentAction\",\"name\":\"Comment\",\"target\":[\"https:\\\/\\\/test-parisrunningtour.laurieassemat.com\\\/fr\\\/perspectives-parisiennes-avec-karine\\\/#respond\"]}]},{\"@type\":\"WebPage\",\"@id\":\"https:\\\/\\\/test-parisrunningtour.laurieassemat.com\\\/fr\\\/perspectives-parisiennes-avec-karine\\\/\",\"url\":\"https:\\\/\\\/test-parisrunningtour.laurieassemat.com\\\/fr\\\/perspectives-parisiennes-avec-karine\\\/\",\"name\":\"Perspectives Parisiennes avec Karine | Paris Running Tours\",\"isPartOf\":{\"@id\":\"https:\\\/\\\/test-parisrunningtour.laurieassemat.com\\\/fr\\\/#website\"},\"primaryImageOfPage\":{\"@id\":\"https:\\\/\\\/test-parisrunningtour.laurieassemat.com\\\/fr\\\/perspectives-parisiennes-avec-karine\\\/#primaryimage\"},\"image\":{\"@id\":\"https:\\\/\\\/test-parisrunningtour.laurieassemat.com\\\/fr\\\/perspectives-parisiennes-avec-karine\\\/#primaryimage\"},\"thumbnailUrl\":\"https:\\\/\\\/test-parisrunningtour.laurieassemat.com\\\/fr\\\/wp-content\\\/uploads\\\/sites\\\/1\\\/2013\\\/09\\\/PRT2013-09-15_11_PontNeuf.jpg\",\"datePublished\":\"2013-09-15T05:00:00+00:00\",\"dateModified\":\"2017-01-16T14:29:05+00:00\",\"breadcrumb\":{\"@id\":\"https:\\\/\\\/test-parisrunningtour.laurieassemat.com\\\/fr\\\/perspectives-parisiennes-avec-karine\\\/#breadcrumb\"},\"inLanguage\":\"fr-FR\",\"potentialAction\":[{\"@type\":\"ReadAction\",\"target\":[\"https:\\\/\\\/test-parisrunningtour.laurieassemat.com\\\/fr\\\/perspectives-parisiennes-avec-karine\\\/\"]}]},{\"@type\":\"ImageObject\",\"inLanguage\":\"fr-FR\",\"@id\":\"https:\\\/\\\/test-parisrunningtour.laurieassemat.com\\\/fr\\\/perspectives-parisiennes-avec-karine\\\/#primaryimage\",\"url\":\"https:\\\/\\\/test-parisrunningtour.laurieassemat.com\\\/fr\\\/wp-content\\\/uploads\\\/sites\\\/1\\\/2013\\\/09\\\/PRT2013-09-15_11_PontNeuf.jpg\",\"contentUrl\":\"https:\\\/\\\/test-parisrunningtour.laurieassemat.com\\\/fr\\\/wp-content\\\/uploads\\\/sites\\\/1\\\/2013\\\/09\\\/PRT2013-09-15_11_PontNeuf.jpg\",\"width\":755,\"height\":755},{\"@type\":\"BreadcrumbList\",\"@id\":\"https:\\\/\\\/test-parisrunningtour.laurieassemat.com\\\/fr\\\/perspectives-parisiennes-avec-karine\\\/#breadcrumb\",\"itemListElement\":[{\"@type\":\"ListItem\",\"position\":1,\"name\":\"Accueil\",\"item\":\"https:\\\/\\\/test-parisrunningtour.laurieassemat.com\\\/fr\\\/\"},{\"@type\":\"ListItem\",\"position\":2,\"name\":\"Perspectives Parisiennes avec Karine\"}]},{\"@type\":\"WebSite\",\"@id\":\"https:\\\/\\\/test-parisrunningtour.laurieassemat.com\\\/fr\\\/#website\",\"url\":\"https:\\\/\\\/test-parisrunningtour.laurieassemat.com\\\/fr\\\/\",\"name\":\"Paris Running Tours\",\"description\":\"D\u00e9couvrir Paris en courant\",\"publisher\":{\"@id\":\"https:\\\/\\\/test-parisrunningtour.laurieassemat.com\\\/fr\\\/#organization\"},\"potentialAction\":[{\"@type\":\"SearchAction\",\"target\":{\"@type\":\"EntryPoint\",\"urlTemplate\":\"https:\\\/\\\/test-parisrunningtour.laurieassemat.com\\\/fr\\\/?s={search_term_string}\"},\"query-input\":{\"@type\":\"PropertyValueSpecification\",\"valueRequired\":true,\"valueName\":\"search_term_string\"}}],\"inLanguage\":\"fr-FR\"},{\"@type\":\"Organization\",\"@id\":\"https:\\\/\\\/test-parisrunningtour.laurieassemat.com\\\/fr\\\/#organization\",\"name\":\"Paris Running Tours\",\"url\":\"https:\\\/\\\/test-parisrunningtour.laurieassemat.com\\\/fr\\\/\",\"logo\":{\"@type\":\"ImageObject\",\"inLanguage\":\"fr-FR\",\"@id\":\"https:\\\/\\\/test-parisrunningtour.laurieassemat.com\\\/fr\\\/#\\\/schema\\\/logo\\\/image\\\/\",\"url\":\"https:\\\/\\\/test-parisrunningtour.laurieassemat.com\\\/fr\\\/wp-content\\\/uploads\\\/sites\\\/1\\\/2016\\\/12\\\/cropped-faviconPRT.png\",\"contentUrl\":\"https:\\\/\\\/test-parisrunningtour.laurieassemat.com\\\/fr\\\/wp-content\\\/uploads\\\/sites\\\/1\\\/2016\\\/12\\\/cropped-faviconPRT.png\",\"width\":512,\"height\":512,\"caption\":\"Paris Running Tours\"},\"image\":{\"@id\":\"https:\\\/\\\/test-parisrunningtour.laurieassemat.com\\\/fr\\\/#\\\/schema\\\/logo\\\/image\\\/\"}},{\"@type\":\"Person\",\"@id\":\"https:\\\/\\\/test-parisrunningtour.laurieassemat.com\\\/fr\\\/#\\\/schema\\\/person\\\/75f0dc3c395ae2b4e14e29aff8f6a5af\",\"name\":\"Admin\",\"image\":{\"@type\":\"ImageObject\",\"inLanguage\":\"fr-FR\",\"@id\":\"https:\\\/\\\/secure.gravatar.com\\\/avatar\\\/2980d1c79775d028873614111fac5ea2906175b9eba90c2fe773d875d19902e0?s=96&d=mm&r=g\",\"url\":\"https:\\\/\\\/secure.gravatar.com\\\/avatar\\\/2980d1c79775d028873614111fac5ea2906175b9eba90c2fe773d875d19902e0?s=96&d=mm&r=g\",\"contentUrl\":\"https:\\\/\\\/secure.gravatar.com\\\/avatar\\\/2980d1c79775d028873614111fac5ea2906175b9eba90c2fe773d875d19902e0?s=96&d=mm&r=g\",\"caption\":\"Admin\"},\"sameAs\":[\"https:\\\/\\\/www.parisrunningtour.com\"]}]}<\/script>\n<!-- \/ Yoast SEO plugin. -->","yoast_head_json":{"title":"Perspectives Parisiennes avec Karine | Paris Running Tours","robots":{"index":"noindex","follow":"follow","max-snippet":"max-snippet:-1","max-image-preview":"max-image-preview:large","max-video-preview":"max-video-preview:-1"},"og_locale":"fr_FR","og_type":"article","og_title":"Perspectives Parisiennes avec Karine | Paris Running Tours","og_description":"Karine &#8211; Le Pont Neuf 7h00 &#8211;\u00a0Karine, coureuse\u00a0Qu\u00e9b\u00e9coise, a choisi de faire un Paris Running Tour, pour pr\u00e9parer le semi-marathon de Montr\u00e9al, tr\u00e8s proche, et aussi, bien s\u00fbr, profiter de la visite sportive pour d\u00e9couvrir le charme d&rsquo;un circuit parisien. Que de belles perspectives offertes par le soleil matinal ! Regardez la photo ci-dessus avec la lumi\u00e8re qui commence \u00e0 \u00e9clairer le Pont Neuf, le pont le plus vieux de Paris (Voir cet\u00a0article). Nous sommes partis t\u00f4t ce dimanche-l\u00e0. Au d\u00e9part de la course, il faisait encore nuit. La\u00a0silhouette de la Tour Eiffel se d\u00e9tache dans l&rsquo;aube&#8230; Karine &#8211; Pont Alexandre III &#8230; ainsi que le Louvre, alors que le jour appara\u00eet : Karine &#8211; Le Mus\u00e9e du Louvre vu depuis la rive gauche Toujours en courant vers le soleil levant, nous sommes parvenus au Quartier Latin pour y rencontrer l&rsquo;Universit\u00e9 de la Sorbonne : Karine &#8211; Rue Saint Jacques &#8211; L&rsquo;Universit\u00e9 de la Sorbonne (et son observatoire) La Sorbonne longe la Rue Saint Jacques, ancienne voie romaine. Le b\u00e2timent que nous voyons est la troisi\u00e8me version de la Sorbonne et date des ann\u00e9es 1880. L&rsquo;Universit\u00e9 de la Sorbonne fut fond\u00e9e au XIII\u00e8 si\u00e8cle par Robert de Sorbon. Elle est au coeur du Quartier Latin.\u00a0 Quartier Latin ?\u00a0 Quartier Hispanique ? Non, non ! Au Moyen Age, les \u00e9tudiants venaient d\u00e9j\u00e0 du monde entier pour y \u00e9tudier (parmi eux, Dante, Erasme). Pour discuter entre eux, une seule langue partag\u00e9e : le Latin ! Les passants finirent par appeler le quartier Quartier Latin. &nbsp; Un peu plus tard, nous traversons le Pont des Arts, pont consid\u00e9r\u00e9 comme un des plus romantiques de Paris (rappelez-vous des Cadenas&#8230;) Que les perspectives sont belles sur ce pont ! Karine &#8211; Pont des Arts &#8211; Cliquez pour agrandir ce panorama C\u00f4t\u00e9 Nord, le Louvre et l&rsquo;entr\u00e9e de la Cour Carr\u00e9e, c\u00f4t\u00e9 Sud, l&rsquo;Institut de France, c\u00f4t\u00e9 Ouest, le Mus\u00e9e d&rsquo;Orsay et le Grand Palais au loin et enfin C\u00f4t\u00e9 Est, l&rsquo;Ile de la Cit\u00e9 qui coupe la Seine avec la pointe form\u00e9e par le Square du Vert Galant. Plus tard en quittant le Louvre, nous d\u00e9couvrons la perspective donnant sur l&rsquo;Op\u00e9ra de Paris, l&rsquo;Op\u00e9ra Garnier. L&rsquo;architecte Charles Garnier avait refus\u00e9 de voir des arbres le long de l&rsquo;Avenue de l&rsquo;Op\u00e9ra pour que la perspective donnant sur son Op\u00e9ra ne soit pas g\u00e2ch\u00e9e. Karine &#8211; Avenue de l&rsquo;Op\u00e9ra Sur le chemin de notre retour, nous passons Place de la Concorde, regardez les deux photos ci-dessous, perspective Nord et perspective Sud\u00a0: &nbsp; Karine &#8211; Place de la Concorde L&rsquo;\u00e9glise de la Madeleine et l&rsquo;Assembl\u00e9e Nationale semblent se refl\u00e9ter.\u00a0 Cela est voulu. En 1806, Napol\u00e9on 1er adopta le projet de cr\u00e9ation d&rsquo;une nouvelle fa\u00e7ade pour l&rsquo;ancien Palais de la Duchesse Louise de Bourbon, devenu Assembl\u00e9e Nationale. Cette nouvelle Colonnade\u00a0de la fa\u00e7ade du Palais rappelle par ses colonnes la fa\u00e7ade de l&rsquo;Eglise de la Madeleine qui lui fait face. Un nouvel axe est donn\u00e9\u00a0\u00e0 la fa\u00e7ade par rapport \u00e0 l&rsquo;axe d&rsquo;origine du Palais Bourbon et enfin, les colonnes sont \u00e9lev\u00e9es par les marches d&rsquo;un escalier imposant afin que le Pont de la Concorde ne masque pas la vue sur le bas de la colonnade. Paris, toujours \u00e0 la recherche de l&rsquo;harmonie ! Merci\u00a0Karine\u00a0! Le circuit du tour : &nbsp;","og_url":"https:\/\/test-parisrunningtour.laurieassemat.com\/fr\/perspectives-parisiennes-avec-karine\/","og_site_name":"Paris Running Tours","article_published_time":"2013-09-15T05:00:00+00:00","article_modified_time":"2017-01-16T14:29:05+00:00","og_image":[{"width":755,"height":755,"url":"https:\/\/test-parisrunningtour.laurieassemat.com\/fr\/wp-content\/uploads\/sites\/1\/2013\/09\/PRT2013-09-15_11_PontNeuf.jpg","type":"image\/jpeg"}],"author":"Admin","twitter_card":"summary_large_image","twitter_misc":{"\u00c9crit par":"Admin","Dur\u00e9e de lecture estim\u00e9e":"3 minutes"},"schema":{"@context":"https:\/\/schema.org","@graph":[{"@type":"Article","@id":"https:\/\/test-parisrunningtour.laurieassemat.com\/fr\/perspectives-parisiennes-avec-karine\/#article","isPartOf":{"@id":"https:\/\/test-parisrunningtour.laurieassemat.com\/fr\/perspectives-parisiennes-avec-karine\/"},"author":{"name":"Admin","@id":"https:\/\/test-parisrunningtour.laurieassemat.com\/fr\/#\/schema\/person\/75f0dc3c395ae2b4e14e29aff8f6a5af"},"headline":"Perspectives Parisiennes avec Karine","datePublished":"2013-09-15T05:00:00+00:00","dateModified":"2017-01-16T14:29:05+00:00","mainEntityOfPage":{"@id":"https:\/\/test-parisrunningtour.laurieassemat.com\/fr\/perspectives-parisiennes-avec-karine\/"},"wordCount":604,"commentCount":0,"publisher":{"@id":"https:\/\/test-parisrunningtour.laurieassemat.com\/fr\/#organization"},"image":{"@id":"https:\/\/test-parisrunningtour.laurieassemat.com\/fr\/perspectives-parisiennes-avec-karine\/#primaryimage"},"thumbnailUrl":"https:\/\/test-parisrunningtour.laurieassemat.com\/fr\/wp-content\/uploads\/sites\/1\/2013\/09\/PRT2013-09-15_11_PontNeuf.jpg","articleSection":["Assembl\u00e9e Nationale","Institut de France","Louvre","Madeleine","Op\u00e9ra Garnier","Pont des Arts","Pont Neuf","Sorbonne (La)","Tour Eiffel"],"inLanguage":"fr-FR","potentialAction":[{"@type":"CommentAction","name":"Comment","target":["https:\/\/test-parisrunningtour.laurieassemat.com\/fr\/perspectives-parisiennes-avec-karine\/#respond"]}]},{"@type":"WebPage","@id":"https:\/\/test-parisrunningtour.laurieassemat.com\/fr\/perspectives-parisiennes-avec-karine\/","url":"https:\/\/test-parisrunningtour.laurieassemat.com\/fr\/perspectives-parisiennes-avec-karine\/","name":"Perspectives Parisiennes avec Karine | Paris Running Tours","isPartOf":{"@id":"https:\/\/test-parisrunningtour.laurieassemat.com\/fr\/#website"},"primaryImageOfPage":{"@id":"https:\/\/test-parisrunningtour.laurieassemat.com\/fr\/perspectives-parisiennes-avec-karine\/#primaryimage"},"image":{"@id":"https:\/\/test-parisrunningtour.laurieassemat.com\/fr\/perspectives-parisiennes-avec-karine\/#primaryimage"},"thumbnailUrl":"https:\/\/test-parisrunningtour.laurieassemat.com\/fr\/wp-content\/uploads\/sites\/1\/2013\/09\/PRT2013-09-15_11_PontNeuf.jpg","datePublished":"2013-09-15T05:00:00+00:00","dateModified":"2017-01-16T14:29:05+00:00","breadcrumb":{"@id":"https:\/\/test-parisrunningtour.laurieassemat.com\/fr\/perspectives-parisiennes-avec-karine\/#breadcrumb"},"inLanguage":"fr-FR","potentialAction":[{"@type":"ReadAction","target":["https:\/\/test-parisrunningtour.laurieassemat.com\/fr\/perspectives-parisiennes-avec-karine\/"]}]},{"@type":"ImageObject","inLanguage":"fr-FR","@id":"https:\/\/test-parisrunningtour.laurieassemat.com\/fr\/perspectives-parisiennes-avec-karine\/#primaryimage","url":"https:\/\/test-parisrunningtour.laurieassemat.com\/fr\/wp-content\/uploads\/sites\/1\/2013\/09\/PRT2013-09-15_11_PontNeuf.jpg","contentUrl":"https:\/\/test-parisrunningtour.laurieassemat.com\/fr\/wp-content\/uploads\/sites\/1\/2013\/09\/PRT2013-09-15_11_PontNeuf.jpg","width":755,"height":755},{"@type":"BreadcrumbList","@id":"https:\/\/test-parisrunningtour.laurieassemat.com\/fr\/perspectives-parisiennes-avec-karine\/#breadcrumb","itemListElement":[{"@type":"ListItem","position":1,"name":"Accueil","item":"https:\/\/test-parisrunningtour.laurieassemat.com\/fr\/"},{"@type":"ListItem","position":2,"name":"Perspectives Parisiennes avec Karine"}]},{"@type":"WebSite","@id":"https:\/\/test-parisrunningtour.laurieassemat.com\/fr\/#website","url":"https:\/\/test-parisrunningtour.laurieassemat.com\/fr\/","name":"Paris Running Tours","description":"D\u00e9couvrir Paris en courant","publisher":{"@id":"https:\/\/test-parisrunningtour.laurieassemat.com\/fr\/#organization"},"potentialAction":[{"@type":"SearchAction","target":{"@type":"EntryPoint","urlTemplate":"https:\/\/test-parisrunningtour.laurieassemat.com\/fr\/?s={search_term_string}"},"query-input":{"@type":"PropertyValueSpecification","valueRequired":true,"valueName":"search_term_string"}}],"inLanguage":"fr-FR"},{"@type":"Organization","@id":"https:\/\/test-parisrunningtour.laurieassemat.com\/fr\/#organization","name":"Paris Running Tours","url":"https:\/\/test-parisrunningtour.laurieassemat.com\/fr\/","logo":{"@type":"ImageObject","inLanguage":"fr-FR","@id":"https:\/\/test-parisrunningtour.laurieassemat.com\/fr\/#\/schema\/logo\/image\/","url":"https:\/\/test-parisrunningtour.laurieassemat.com\/fr\/wp-content\/uploads\/sites\/1\/2016\/12\/cropped-faviconPRT.png","contentUrl":"https:\/\/test-parisrunningtour.laurieassemat.com\/fr\/wp-content\/uploads\/sites\/1\/2016\/12\/cropped-faviconPRT.png","width":512,"height":512,"caption":"Paris Running Tours"},"image":{"@id":"https:\/\/test-parisrunningtour.laurieassemat.com\/fr\/#\/schema\/logo\/image\/"}},{"@type":"Person","@id":"https:\/\/test-parisrunningtour.laurieassemat.com\/fr\/#\/schema\/person\/75f0dc3c395ae2b4e14e29aff8f6a5af","name":"Admin","image":{"@type":"ImageObject","inLanguage":"fr-FR","@id":"https:\/\/secure.gravatar.com\/avatar\/2980d1c79775d028873614111fac5ea2906175b9eba90c2fe773d875d19902e0?s=96&d=mm&r=g","url":"https:\/\/secure.gravatar.com\/avatar\/2980d1c79775d028873614111fac5ea2906175b9eba90c2fe773d875d19902e0?s=96&d=mm&r=g","contentUrl":"https:\/\/secure.gravatar.com\/avatar\/2980d1c79775d028873614111fac5ea2906175b9eba90c2fe773d875d19902e0?s=96&d=mm&r=g","caption":"Admin"},"sameAs":["https:\/\/www.parisrunningtour.com"]}]}},"_links":{"self":[{"href":"https:\/\/test-parisrunningtour.laurieassemat.com\/fr\/wp-json\/wp\/v2\/posts\/74","targetHints":{"allow":["GET"]}}],"collection":[{"href":"https:\/\/test-parisrunningtour.laurieassemat.com\/fr\/wp-json\/wp\/v2\/posts"}],"about":[{"href":"https:\/\/test-parisrunningtour.laurieassemat.com\/fr\/wp-json\/wp\/v2\/types\/post"}],"author":[{"embeddable":true,"href":"https:\/\/test-parisrunningtour.laurieassemat.com\/fr\/wp-json\/wp\/v2\/users\/1"}],"replies":[{"embeddable":true,"href":"https:\/\/test-parisrunningtour.laurieassemat.com\/fr\/wp-json\/wp\/v2\/comments?post=74"}],"version-history":[{"count":1,"href":"https:\/\/test-parisrunningtour.laurieassemat.com\/fr\/wp-json\/wp\/v2\/posts\/74\/revisions"}],"predecessor-version":[{"id":1274,"href":"https:\/\/test-parisrunningtour.laurieassemat.com\/fr\/wp-json\/wp\/v2\/posts\/74\/revisions\/1274"}],"wp:featuredmedia":[{"embeddable":true,"href":"https:\/\/test-parisrunningtour.laurieassemat.com\/fr\/wp-json\/wp\/v2\/media\/1273"}],"wp:attachment":[{"href":"https:\/\/test-parisrunningtour.laurieassemat.com\/fr\/wp-json\/wp\/v2\/media?parent=74"}],"wp:term":[{"taxonomy":"category","embeddable":true,"href":"https:\/\/test-parisrunningtour.laurieassemat.com\/fr\/wp-json\/wp\/v2\/categories?post=74"},{"taxonomy":"post_tag","embeddable":true,"href":"https:\/\/test-parisrunningtour.laurieassemat.com\/fr\/wp-json\/wp\/v2\/tags?post=74"}],"curies":[{"name":"wp","href":"https:\/\/api.w.org\/{rel}","templated":true}]}}