{"id":92,"date":"2013-03-09T10:31:00","date_gmt":"2013-03-09T09:31:00","guid":{"rendered":"http:\/\/runningtour.paris\/blog\/2013\/03\/09\/sur-le-parcours-du-marathon-de-paris-avec-magdalena\/"},"modified":"2017-01-16T15:54:49","modified_gmt":"2017-01-16T14:54:49","slug":"sur-le-parcours-du-marathon-de-paris-avec-magdalena","status":"publish","type":"post","link":"https:\/\/test-parisrunningtour.laurieassemat.com\/fr\/sur-le-parcours-du-marathon-de-paris-avec-magdalena\/","title":{"rendered":"Sur le parcours du marathon de Paris avec Magdalena"},"content":{"rendered":"<div style=\"clear: both; text-align: center;\"><\/div>\n<table style=\"margin-left: auto; margin-right: auto; text-align: center;\" cellspacing=\"0\" cellpadding=\"0\" align=\"center\">\n<tbody>\n<tr>\n<td style=\"text-align: center;\"><a style=\"margin-left: auto; margin-right: auto;\" href=\"http:\/\/4.bp.blogspot.com\/-CVn-B3_JHKk\/UT3ZJr1vDQI\/AAAAAAAABR8\/vQsPCr4t4ss\/s1600\/2013-03-09_01_LacInferieurBoisDeBoulogne.jpg\" target=\"_blank\"><img fetchpriority=\"high\" decoding=\"async\" title=\"Cliquer sur l'image pour l'agrandir\" src=\"http:\/\/4.bp.blogspot.com\/-CVn-B3_JHKk\/UT3ZJr1vDQI\/AAAAAAAABR8\/vQsPCr4t4ss\/s640\/2013-03-09_01_LacInferieurBoisDeBoulogne.jpg\" alt=\"\" width=\"640\" height=\"312\" border=\"0\" \/><\/a><\/td>\n<\/tr>\n<tr>\n<td style=\"text-align: center;\"><span style=\"font-family: Trebuchet MS, sans-serif;\">Magdalena &#8211; Lac Inf\u00e9rieur du Bois de Boulogne &#8211; Tout pr\u00e8s du Kilom\u00e8tre 41<\/span><\/td>\n<\/tr>\n<\/tbody>\n<\/table>\n<p><span style=\"font-family: 'Trebuchet MS', sans-serif;\"><b>9h31 &#8211;<\/b>\u00a0Magdalena, qui vit en Pologne, pr\u00e9pare le marathon de Paris 2013. Ce sera son deuxi\u00e8me marathon apr\u00e8s celui de Varsovie. Nous avons donc choisi de parcourir de belles portions du circuit du Marathon en faisant une course de pr\u00e8s de 20 kilom\u00e8tres.<\/span><br \/>\n<span style=\"font-family: 'Trebuchet MS', sans-serif;\"><br \/>\n<\/span><span style=\"font-family: 'Trebuchet MS', sans-serif;\">Nous avons d&rsquo;abord rejoint le magnifique Bois de Boulogne, \u00e0 peine sorti de l&rsquo;hiver.\u00a0<\/span><br \/>\n<span style=\"font-family: 'Trebuchet MS', sans-serif;\">C&rsquo;est dans le bois que se situent les six derniers kilom\u00e8tres du marathon. Par exemple, t<\/span><span style=\"font-family: 'Trebuchet MS', sans-serif;\">out pr\u00e8s du grand lac, se trouve le kilom\u00e8tre 41, un passage important !<\/span><br \/>\n<span style=\"font-family: 'Trebuchet MS', sans-serif;\"><br \/>\n<\/span><span style=\"font-family: 'Trebuchet MS', sans-serif;\">Sortis du bois,\u00a0<\/span><span style=\"font-family: 'Trebuchet MS', sans-serif;\">au d\u00e9but de l&rsquo;avenue Foch,\u00a0<\/span><span style=\"font-family: 'Trebuchet MS', sans-serif;\">nous atteignons le kilom\u00e8tre 42, dont vous pouvez voir <\/span><span style=\"font-family: 'Trebuchet MS', sans-serif;\">la trace inscrite au sol sur la photo ci-dessous (trace du marathon de Paris 2012 &#8211; retrouvez la marque toute fra\u00eeche dans cet autre <\/span><a style=\"font-family: 'Trebuchet MS', sans-serif;\" href=\"http:\/\/parisrunningtour-fr.blogspot.fr\/2012\/04\/marathon-de-paris-2012-kilometre-1-avec.html\" target=\"_blank\">article<\/a>\u00a0<span style=\"font-family: 'Trebuchet MS', sans-serif;\">d&rsquo;avril 2012). Le marquage 2013 va bient\u00f4t appara\u00eetre&#8230;<\/span><br \/>\n<span style=\"font-family: 'Trebuchet MS', sans-serif;\"><br \/>\n<\/span><\/p>\n<div style=\"clear: both; text-align: center;\"><\/div>\n<table style=\"margin-left: auto; margin-right: auto; text-align: center;\" cellspacing=\"0\" cellpadding=\"0\" align=\"center\">\n<tbody>\n<tr>\n<td style=\"text-align: center;\"><a style=\"margin-left: auto; margin-right: auto;\" href=\"http:\/\/3.bp.blogspot.com\/-vVbjYdK-C-k\/UT3Zg7MMnFI\/AAAAAAAABSE\/rwZfo_lkkQM\/s1600\/2013-03-09_02_AvenueFochKM42.jpg\" target=\"_blank\"><img decoding=\"async\" title=\"Cliquer sur l'image pour l'agrandir\" src=\"http:\/\/3.bp.blogspot.com\/-vVbjYdK-C-k\/UT3Zg7MMnFI\/AAAAAAAABSE\/rwZfo_lkkQM\/s640\/2013-03-09_02_AvenueFochKM42.jpg\" alt=\"\" width=\"640\" height=\"410\" border=\"0\" \/><\/a><\/td>\n<\/tr>\n<tr>\n<td style=\"text-align: center;\"><span style=\"font-family: Trebuchet MS, sans-serif;\">Magdalena &#8211; Avenue Foch &#8211; Kilom\u00e8tre 42, \u00e0 195 m\u00e8tres de l&rsquo;arriv\u00e9e !<\/span><\/td>\n<\/tr>\n<\/tbody>\n<\/table>\n<p><span style=\"font-family: 'Trebuchet MS', sans-serif;\">Kilom\u00e8tre 42, plus que 195 m\u00e8tres, riches de sensations et d&rsquo;\u00e9motions&#8230;<\/span><br \/>\n<span style=\"font-family: 'Trebuchet MS', sans-serif;\">Avant l&rsquo;Arc de Triomphe, c&rsquo;est l&rsquo;arriv\u00e9e \u00ab\u00a0triomphale\u00a0\u00bb (on peut voir l&#8217;emplacement de l&rsquo;arriv\u00e9e sur la photo ci-dessus, \u00e0 la hauteur du feu vert &#8211; <i><span style=\"font-size: x-small;\">agrandissez l&rsquo;image en cliquant dessus<\/span><\/i>).<\/span><br \/>\n<span style=\"font-family: 'Trebuchet MS', sans-serif;\"><br \/>\n<\/span><span style=\"font-family: Trebuchet MS, sans-serif;\">Nous avons ensuite remont\u00e9 l&rsquo;avenue Foch pour retrouver les Champs-Elys\u00e9es situ\u00e9s sur une des branches de \u00ab\u00a0l&rsquo;Etoile\u00a0\u00bb dont le centre est l&rsquo;Arc de Triomphe.<\/span><br \/>\n<span style=\"font-family: Trebuchet MS, sans-serif;\">C&rsquo;est aux Champs-Elys\u00e9es que se situe le d\u00e9part,\u00a0<\/span><span style=\"font-family: 'Trebuchet MS', sans-serif;\">quel splendide endroit pour d\u00e9marrer un marathon ! (Voyez une photo du d\u00e9part dans cet autre\u00a0<\/span><a style=\"font-family: 'Trebuchet MS', sans-serif;\" href=\"http:\/\/parisrunningtour-fr.blogspot.fr\/2011\/06\/sur-lile-aux-cygnes-avec-sarah.html\" target=\"_blank\">article<\/a><span style=\"font-family: 'Trebuchet MS', sans-serif;\">.)<\/span><\/p>\n<div style=\"clear: both; text-align: center;\"><\/div>\n<table style=\"margin-left: auto; margin-right: auto; text-align: center;\" cellspacing=\"0\" cellpadding=\"0\" align=\"center\">\n<tbody>\n<tr>\n<td style=\"text-align: center;\"><a style=\"margin-left: auto; margin-right: auto;\" href=\"http:\/\/2.bp.blogspot.com\/-p2viSfXQAWI\/UT3ZyQBTtZI\/AAAAAAAABSM\/ZOXHhj_o8-0\/s1600\/2013-03-09_03_PlaceDeLaConcorde.jpg\" target=\"_blank\"><img decoding=\"async\" title=\"Cliquer sur l'image pour l'agrandir\" src=\"http:\/\/2.bp.blogspot.com\/-p2viSfXQAWI\/UT3ZyQBTtZI\/AAAAAAAABSM\/ZOXHhj_o8-0\/s640\/2013-03-09_03_PlaceDeLaConcorde.jpg\" alt=\"\" width=\"640\" height=\"360\" border=\"0\" \/><\/a><\/td>\n<\/tr>\n<tr>\n<td style=\"text-align: center;\"><span style=\"font-family: Trebuchet MS, sans-serif;\">Magdalena &#8211; Place de la Concorde &#8211; Apr\u00e8s avoir quitt\u00e9 le Kilom\u00e8tre 1 sur les Champs-Elys\u00e9es<\/span><\/td>\n<\/tr>\n<\/tbody>\n<\/table>\n<p><span style=\"font-family: Trebuchet MS, sans-serif;\">Les Champs-Elys\u00e9es, la place de la Concorde, la rue de Rivoli, la Bastille, le Bois de Vincennes et son superbe ch\u00e2teau, les splendides quais de Seine, le Bois de Boulogne et la fin grandiose avenue Foch, ce parcours ne vous fait-il pas envie ?<\/span><\/p>\n<div style=\"clear: both; text-align: center;\"><\/div>\n<table style=\"margin-left: auto; margin-right: auto; text-align: center;\" cellspacing=\"0\" cellpadding=\"0\" align=\"center\">\n<tbody>\n<tr>\n<td style=\"text-align: center;\"><a style=\"margin-left: auto; margin-right: auto;\" href=\"http:\/\/4.bp.blogspot.com\/-5LW6q1b7JW0\/UT3bZNXIWEI\/AAAAAAAABSU\/RQ6XyddMgl0\/s1600\/ParcoursMarathonParis2013.jpg\" target=\"_blank\"><img loading=\"lazy\" decoding=\"async\" title=\"Cliquer sur l'image pour l'agrandir\" src=\"http:\/\/4.bp.blogspot.com\/-5LW6q1b7JW0\/UT3bZNXIWEI\/AAAAAAAABSU\/RQ6XyddMgl0\/s640\/ParcoursMarathonParis2013.jpg\" alt=\"\" width=\"640\" height=\"272\" border=\"0\" \/><\/a><\/td>\n<\/tr>\n<tr>\n<td style=\"text-align: center;\"><span style=\"font-family: Trebuchet MS, sans-serif;\">Parcours du Marathon de Paris 2013<\/span><\/td>\n<\/tr>\n<\/tbody>\n<\/table>\n<p><span style=\"font-family: 'Trebuchet MS', sans-serif;\"><br \/>\n<\/span><span style=\"font-family: 'Trebuchet MS', sans-serif;\">Merci\u00a0Magdalena ! Bon marathon de Paris !<\/span><br \/>\n<span style=\"font-family: 'Trebuchet MS', sans-serif;\"><br \/>\n<\/span><b style=\"font-family: 'Trebuchet MS', sans-serif;\">Le circuit du tour :<\/b><\/p>\n<div style=\"clear: both; text-align: center;\"><\/div>\n<div style=\"clear: both; text-align: center;\"><\/div>\n<div style=\"clear: both; text-align: center;\"><\/div>\n<div style=\"clear: both; text-align: center;\"><a style=\"clear: left; float: left; margin-bottom: 1em; margin-right: 1em;\" href=\"http:\/\/3.bp.blogspot.com\/-u2EPuMuju1M\/UT3bwnbGtnI\/AAAAAAAABSc\/dNjRCH_P3Sc\/s1600\/Paris+Running+Tour+-+Running+09-03-2013.jpg\" target=\"_blank\"><img loading=\"lazy\" decoding=\"async\" title=\"Cliquer sur l'image pour l'agrandir\" src=\"http:\/\/3.bp.blogspot.com\/-u2EPuMuju1M\/UT3bwnbGtnI\/AAAAAAAABSc\/dNjRCH_P3Sc\/s640\/Paris+Running+Tour+-+Running+09-03-2013.jpg\" alt=\"\" width=\"640\" height=\"264\" border=\"0\" \/><\/a><\/div>\n<p><b style=\"font-family: 'Trebuchet MS', sans-serif;\">\u00a0<\/b><\/p>\n","protected":false},"excerpt":{"rendered":"<p>Magdalena &#8211; Lac Inf\u00e9rieur du Bois de Boulogne &#8211; Tout pr\u00e8s du Kilom\u00e8tre 41 9h31 &#8211;\u00a0Magdalena, qui vit en Pologne, pr\u00e9pare le marathon de Paris 2013. Ce sera son deuxi\u00e8me marathon apr\u00e8s celui de Varsovie. Nous avons donc choisi de parcourir de belles portions du circuit du Marathon en faisant une course de pr\u00e8s de 20 kilom\u00e8tres. Nous avons d&rsquo;abord rejoint le magnifique Bois de Boulogne, \u00e0 peine sorti de l&rsquo;hiver.\u00a0 C&rsquo;est dans le bois que se situent les six derniers kilom\u00e8tres du marathon. Par exemple, tout pr\u00e8s du grand lac, se trouve le kilom\u00e8tre 41, un passage important ! Sortis du bois,\u00a0au d\u00e9but de l&rsquo;avenue Foch,\u00a0nous atteignons le kilom\u00e8tre 42, dont vous pouvez voir la trace inscrite au sol sur la photo ci-dessous (trace du marathon de Paris 2012 &#8211; retrouvez la marque toute fra\u00eeche dans cet autre article\u00a0d&rsquo;avril 2012). Le marquage 2013 va bient\u00f4t appara\u00eetre&#8230; Magdalena &#8211; Avenue Foch &#8211; Kilom\u00e8tre 42, \u00e0 195 m\u00e8tres de l&rsquo;arriv\u00e9e ! Kilom\u00e8tre 42, plus que 195 m\u00e8tres, riches de sensations et d&rsquo;\u00e9motions&#8230; Avant l&rsquo;Arc de Triomphe, c&rsquo;est l&rsquo;arriv\u00e9e \u00ab\u00a0triomphale\u00a0\u00bb (on peut voir l&#8217;emplacement de l&rsquo;arriv\u00e9e sur la photo ci-dessus, \u00e0 la hauteur du feu vert &#8211; agrandissez l&rsquo;image en cliquant dessus). Nous avons ensuite remont\u00e9 l&rsquo;avenue Foch pour retrouver les Champs-Elys\u00e9es situ\u00e9s sur une des branches de \u00ab\u00a0l&rsquo;Etoile\u00a0\u00bb dont le centre est l&rsquo;Arc de Triomphe. C&rsquo;est aux Champs-Elys\u00e9es que se situe le d\u00e9part,\u00a0quel splendide endroit pour d\u00e9marrer un marathon ! (Voyez une photo du d\u00e9part dans cet autre\u00a0article.) Magdalena &#8211; Place de la Concorde &#8211; Apr\u00e8s avoir quitt\u00e9 le Kilom\u00e8tre 1 sur les Champs-Elys\u00e9es Les Champs-Elys\u00e9es, la place de la Concorde, la rue de Rivoli, la Bastille, le Bois de Vincennes et son superbe ch\u00e2teau, les splendides quais de Seine, le Bois de Boulogne et la fin grandiose avenue Foch, ce parcours ne vous fait-il pas envie ? Parcours du Marathon de Paris 2013 Merci\u00a0Magdalena ! Bon marathon de Paris ! Le circuit du tour : \u00a0<\/p>\n","protected":false},"author":1,"featured_media":1311,"comment_status":"open","ping_status":"open","sticky":false,"template":"","format":"standard","meta":{"footnotes":""},"categories":[24,79,82,83,34,26,23],"tags":[],"class_list":["post-92","post","type-post","status-publish","format-standard","has-post-thumbnail","hentry","category-arc-de-triomphe","category-avenue-foch","category-bastille","category-bois-de-boulogne","category-champs-elysees","category-competition","category-concorde-place-de-la"],"yoast_head":"<!-- This site is optimized with the Yoast SEO plugin v27.5 - https:\/\/yoast.com\/product\/yoast-seo-wordpress\/ -->\n<title>Sur le parcours du marathon de Paris avec Magdalena | Paris Running Tours<\/title>\n<meta name=\"robots\" content=\"noindex, follow, max-snippet:-1, max-image-preview:large, max-video-preview:-1\" \/>\n<meta property=\"og:locale\" content=\"fr_FR\" \/>\n<meta property=\"og:type\" content=\"article\" \/>\n<meta property=\"og:title\" content=\"Sur le parcours du marathon de Paris avec Magdalena | Paris Running Tours\" \/>\n<meta property=\"og:description\" content=\"Magdalena &#8211; Lac Inf\u00e9rieur du Bois de Boulogne &#8211; Tout pr\u00e8s du Kilom\u00e8tre 41 9h31 &#8211;\u00a0Magdalena, qui vit en Pologne, pr\u00e9pare le marathon de Paris 2013. Ce sera son deuxi\u00e8me marathon apr\u00e8s celui de Varsovie. Nous avons donc choisi de parcourir de belles portions du circuit du Marathon en faisant une course de pr\u00e8s de 20 kilom\u00e8tres. Nous avons d&rsquo;abord rejoint le magnifique Bois de Boulogne, \u00e0 peine sorti de l&rsquo;hiver.\u00a0 C&rsquo;est dans le bois que se situent les six derniers kilom\u00e8tres du marathon. Par exemple, tout pr\u00e8s du grand lac, se trouve le kilom\u00e8tre 41, un passage important ! Sortis du bois,\u00a0au d\u00e9but de l&rsquo;avenue Foch,\u00a0nous atteignons le kilom\u00e8tre 42, dont vous pouvez voir la trace inscrite au sol sur la photo ci-dessous (trace du marathon de Paris 2012 &#8211; retrouvez la marque toute fra\u00eeche dans cet autre article\u00a0d&rsquo;avril 2012). Le marquage 2013 va bient\u00f4t appara\u00eetre&#8230; Magdalena &#8211; Avenue Foch &#8211; Kilom\u00e8tre 42, \u00e0 195 m\u00e8tres de l&rsquo;arriv\u00e9e ! Kilom\u00e8tre 42, plus que 195 m\u00e8tres, riches de sensations et d&rsquo;\u00e9motions&#8230; Avant l&rsquo;Arc de Triomphe, c&rsquo;est l&rsquo;arriv\u00e9e \u00ab\u00a0triomphale\u00a0\u00bb (on peut voir l&#8217;emplacement de l&rsquo;arriv\u00e9e sur la photo ci-dessus, \u00e0 la hauteur du feu vert &#8211; agrandissez l&rsquo;image en cliquant dessus). Nous avons ensuite remont\u00e9 l&rsquo;avenue Foch pour retrouver les Champs-Elys\u00e9es situ\u00e9s sur une des branches de \u00ab\u00a0l&rsquo;Etoile\u00a0\u00bb dont le centre est l&rsquo;Arc de Triomphe. C&rsquo;est aux Champs-Elys\u00e9es que se situe le d\u00e9part,\u00a0quel splendide endroit pour d\u00e9marrer un marathon ! (Voyez une photo du d\u00e9part dans cet autre\u00a0article.) Magdalena &#8211; Place de la Concorde &#8211; Apr\u00e8s avoir quitt\u00e9 le Kilom\u00e8tre 1 sur les Champs-Elys\u00e9es Les Champs-Elys\u00e9es, la place de la Concorde, la rue de Rivoli, la Bastille, le Bois de Vincennes et son superbe ch\u00e2teau, les splendides quais de Seine, le Bois de Boulogne et la fin grandiose avenue Foch, ce parcours ne vous fait-il pas envie ? Parcours du Marathon de Paris 2013 Merci\u00a0Magdalena ! Bon marathon de Paris ! Le circuit du tour : \u00a0\" \/>\n<meta property=\"og:url\" content=\"https:\/\/test-parisrunningtour.laurieassemat.com\/fr\/sur-le-parcours-du-marathon-de-paris-avec-magdalena\/\" \/>\n<meta property=\"og:site_name\" content=\"Paris Running Tours\" \/>\n<meta property=\"article:published_time\" content=\"2013-03-09T09:31:00+00:00\" \/>\n<meta property=\"article:modified_time\" content=\"2017-01-16T14:54:49+00:00\" \/>\n<meta property=\"og:image\" content=\"https:\/\/test-parisrunningtour.laurieassemat.com\/fr\/wp-content\/uploads\/sites\/1\/2013\/03\/PRT2013-03-09_01_LacInferieurBoisDeBoulogne.jpg\" \/>\n\t<meta property=\"og:image:width\" content=\"900\" \/>\n\t<meta property=\"og:image:height\" content=\"900\" \/>\n\t<meta property=\"og:image:type\" content=\"image\/jpeg\" \/>\n<meta name=\"author\" content=\"Admin\" \/>\n<meta name=\"twitter:card\" content=\"summary_large_image\" \/>\n<meta name=\"twitter:label1\" content=\"\u00c9crit par\" \/>\n\t<meta name=\"twitter:data1\" content=\"Admin\" \/>\n\t<meta name=\"twitter:label2\" content=\"Dur\u00e9e de lecture estim\u00e9e\" \/>\n\t<meta name=\"twitter:data2\" content=\"2 minutes\" \/>\n<script type=\"application\/ld+json\" class=\"yoast-schema-graph\">{\"@context\":\"https:\\\/\\\/schema.org\",\"@graph\":[{\"@type\":\"Article\",\"@id\":\"https:\\\/\\\/test-parisrunningtour.laurieassemat.com\\\/fr\\\/sur-le-parcours-du-marathon-de-paris-avec-magdalena\\\/#article\",\"isPartOf\":{\"@id\":\"https:\\\/\\\/test-parisrunningtour.laurieassemat.com\\\/fr\\\/sur-le-parcours-du-marathon-de-paris-avec-magdalena\\\/\"},\"author\":{\"name\":\"Admin\",\"@id\":\"https:\\\/\\\/test-parisrunningtour.laurieassemat.com\\\/fr\\\/#\\\/schema\\\/person\\\/75f0dc3c395ae2b4e14e29aff8f6a5af\"},\"headline\":\"Sur le parcours du marathon de Paris avec Magdalena\",\"datePublished\":\"2013-03-09T09:31:00+00:00\",\"dateModified\":\"2017-01-16T14:54:49+00:00\",\"mainEntityOfPage\":{\"@id\":\"https:\\\/\\\/test-parisrunningtour.laurieassemat.com\\\/fr\\\/sur-le-parcours-du-marathon-de-paris-avec-magdalena\\\/\"},\"wordCount\":369,\"commentCount\":0,\"publisher\":{\"@id\":\"https:\\\/\\\/test-parisrunningtour.laurieassemat.com\\\/fr\\\/#organization\"},\"image\":{\"@id\":\"https:\\\/\\\/test-parisrunningtour.laurieassemat.com\\\/fr\\\/sur-le-parcours-du-marathon-de-paris-avec-magdalena\\\/#primaryimage\"},\"thumbnailUrl\":\"https:\\\/\\\/test-parisrunningtour.laurieassemat.com\\\/fr\\\/wp-content\\\/uploads\\\/sites\\\/1\\\/2013\\\/03\\\/PRT2013-03-09_01_LacInferieurBoisDeBoulogne.jpg\",\"articleSection\":[\"Arc de Triomphe\",\"Avenue Foch\",\"Bastille\",\"Bois de Boulogne\",\"Champs-Elys\u00e9es\",\"Comp\u00e9tition\",\"Concorde (Place de la)\"],\"inLanguage\":\"fr-FR\",\"potentialAction\":[{\"@type\":\"CommentAction\",\"name\":\"Comment\",\"target\":[\"https:\\\/\\\/test-parisrunningtour.laurieassemat.com\\\/fr\\\/sur-le-parcours-du-marathon-de-paris-avec-magdalena\\\/#respond\"]}]},{\"@type\":\"WebPage\",\"@id\":\"https:\\\/\\\/test-parisrunningtour.laurieassemat.com\\\/fr\\\/sur-le-parcours-du-marathon-de-paris-avec-magdalena\\\/\",\"url\":\"https:\\\/\\\/test-parisrunningtour.laurieassemat.com\\\/fr\\\/sur-le-parcours-du-marathon-de-paris-avec-magdalena\\\/\",\"name\":\"Sur le parcours du marathon de Paris avec Magdalena | Paris Running Tours\",\"isPartOf\":{\"@id\":\"https:\\\/\\\/test-parisrunningtour.laurieassemat.com\\\/fr\\\/#website\"},\"primaryImageOfPage\":{\"@id\":\"https:\\\/\\\/test-parisrunningtour.laurieassemat.com\\\/fr\\\/sur-le-parcours-du-marathon-de-paris-avec-magdalena\\\/#primaryimage\"},\"image\":{\"@id\":\"https:\\\/\\\/test-parisrunningtour.laurieassemat.com\\\/fr\\\/sur-le-parcours-du-marathon-de-paris-avec-magdalena\\\/#primaryimage\"},\"thumbnailUrl\":\"https:\\\/\\\/test-parisrunningtour.laurieassemat.com\\\/fr\\\/wp-content\\\/uploads\\\/sites\\\/1\\\/2013\\\/03\\\/PRT2013-03-09_01_LacInferieurBoisDeBoulogne.jpg\",\"datePublished\":\"2013-03-09T09:31:00+00:00\",\"dateModified\":\"2017-01-16T14:54:49+00:00\",\"breadcrumb\":{\"@id\":\"https:\\\/\\\/test-parisrunningtour.laurieassemat.com\\\/fr\\\/sur-le-parcours-du-marathon-de-paris-avec-magdalena\\\/#breadcrumb\"},\"inLanguage\":\"fr-FR\",\"potentialAction\":[{\"@type\":\"ReadAction\",\"target\":[\"https:\\\/\\\/test-parisrunningtour.laurieassemat.com\\\/fr\\\/sur-le-parcours-du-marathon-de-paris-avec-magdalena\\\/\"]}]},{\"@type\":\"ImageObject\",\"inLanguage\":\"fr-FR\",\"@id\":\"https:\\\/\\\/test-parisrunningtour.laurieassemat.com\\\/fr\\\/sur-le-parcours-du-marathon-de-paris-avec-magdalena\\\/#primaryimage\",\"url\":\"https:\\\/\\\/test-parisrunningtour.laurieassemat.com\\\/fr\\\/wp-content\\\/uploads\\\/sites\\\/1\\\/2013\\\/03\\\/PRT2013-03-09_01_LacInferieurBoisDeBoulogne.jpg\",\"contentUrl\":\"https:\\\/\\\/test-parisrunningtour.laurieassemat.com\\\/fr\\\/wp-content\\\/uploads\\\/sites\\\/1\\\/2013\\\/03\\\/PRT2013-03-09_01_LacInferieurBoisDeBoulogne.jpg\",\"width\":900,\"height\":900},{\"@type\":\"BreadcrumbList\",\"@id\":\"https:\\\/\\\/test-parisrunningtour.laurieassemat.com\\\/fr\\\/sur-le-parcours-du-marathon-de-paris-avec-magdalena\\\/#breadcrumb\",\"itemListElement\":[{\"@type\":\"ListItem\",\"position\":1,\"name\":\"Accueil\",\"item\":\"https:\\\/\\\/test-parisrunningtour.laurieassemat.com\\\/fr\\\/\"},{\"@type\":\"ListItem\",\"position\":2,\"name\":\"Sur le parcours du marathon de Paris avec Magdalena\"}]},{\"@type\":\"WebSite\",\"@id\":\"https:\\\/\\\/test-parisrunningtour.laurieassemat.com\\\/fr\\\/#website\",\"url\":\"https:\\\/\\\/test-parisrunningtour.laurieassemat.com\\\/fr\\\/\",\"name\":\"Paris Running Tours\",\"description\":\"D\u00e9couvrir Paris en courant\",\"publisher\":{\"@id\":\"https:\\\/\\\/test-parisrunningtour.laurieassemat.com\\\/fr\\\/#organization\"},\"potentialAction\":[{\"@type\":\"SearchAction\",\"target\":{\"@type\":\"EntryPoint\",\"urlTemplate\":\"https:\\\/\\\/test-parisrunningtour.laurieassemat.com\\\/fr\\\/?s={search_term_string}\"},\"query-input\":{\"@type\":\"PropertyValueSpecification\",\"valueRequired\":true,\"valueName\":\"search_term_string\"}}],\"inLanguage\":\"fr-FR\"},{\"@type\":\"Organization\",\"@id\":\"https:\\\/\\\/test-parisrunningtour.laurieassemat.com\\\/fr\\\/#organization\",\"name\":\"Paris Running Tours\",\"url\":\"https:\\\/\\\/test-parisrunningtour.laurieassemat.com\\\/fr\\\/\",\"logo\":{\"@type\":\"ImageObject\",\"inLanguage\":\"fr-FR\",\"@id\":\"https:\\\/\\\/test-parisrunningtour.laurieassemat.com\\\/fr\\\/#\\\/schema\\\/logo\\\/image\\\/\",\"url\":\"https:\\\/\\\/test-parisrunningtour.laurieassemat.com\\\/fr\\\/wp-content\\\/uploads\\\/sites\\\/1\\\/2016\\\/12\\\/cropped-faviconPRT.png\",\"contentUrl\":\"https:\\\/\\\/test-parisrunningtour.laurieassemat.com\\\/fr\\\/wp-content\\\/uploads\\\/sites\\\/1\\\/2016\\\/12\\\/cropped-faviconPRT.png\",\"width\":512,\"height\":512,\"caption\":\"Paris Running Tours\"},\"image\":{\"@id\":\"https:\\\/\\\/test-parisrunningtour.laurieassemat.com\\\/fr\\\/#\\\/schema\\\/logo\\\/image\\\/\"}},{\"@type\":\"Person\",\"@id\":\"https:\\\/\\\/test-parisrunningtour.laurieassemat.com\\\/fr\\\/#\\\/schema\\\/person\\\/75f0dc3c395ae2b4e14e29aff8f6a5af\",\"name\":\"Admin\",\"image\":{\"@type\":\"ImageObject\",\"inLanguage\":\"fr-FR\",\"@id\":\"https:\\\/\\\/secure.gravatar.com\\\/avatar\\\/2980d1c79775d028873614111fac5ea2906175b9eba90c2fe773d875d19902e0?s=96&d=mm&r=g\",\"url\":\"https:\\\/\\\/secure.gravatar.com\\\/avatar\\\/2980d1c79775d028873614111fac5ea2906175b9eba90c2fe773d875d19902e0?s=96&d=mm&r=g\",\"contentUrl\":\"https:\\\/\\\/secure.gravatar.com\\\/avatar\\\/2980d1c79775d028873614111fac5ea2906175b9eba90c2fe773d875d19902e0?s=96&d=mm&r=g\",\"caption\":\"Admin\"},\"sameAs\":[\"https:\\\/\\\/www.parisrunningtour.com\"]}]}<\/script>\n<!-- \/ Yoast SEO plugin. -->","yoast_head_json":{"title":"Sur le parcours du marathon de Paris avec Magdalena | Paris Running Tours","robots":{"index":"noindex","follow":"follow","max-snippet":"max-snippet:-1","max-image-preview":"max-image-preview:large","max-video-preview":"max-video-preview:-1"},"og_locale":"fr_FR","og_type":"article","og_title":"Sur le parcours du marathon de Paris avec Magdalena | Paris Running Tours","og_description":"Magdalena &#8211; Lac Inf\u00e9rieur du Bois de Boulogne &#8211; Tout pr\u00e8s du Kilom\u00e8tre 41 9h31 &#8211;\u00a0Magdalena, qui vit en Pologne, pr\u00e9pare le marathon de Paris 2013. Ce sera son deuxi\u00e8me marathon apr\u00e8s celui de Varsovie. Nous avons donc choisi de parcourir de belles portions du circuit du Marathon en faisant une course de pr\u00e8s de 20 kilom\u00e8tres. Nous avons d&rsquo;abord rejoint le magnifique Bois de Boulogne, \u00e0 peine sorti de l&rsquo;hiver.\u00a0 C&rsquo;est dans le bois que se situent les six derniers kilom\u00e8tres du marathon. Par exemple, tout pr\u00e8s du grand lac, se trouve le kilom\u00e8tre 41, un passage important ! Sortis du bois,\u00a0au d\u00e9but de l&rsquo;avenue Foch,\u00a0nous atteignons le kilom\u00e8tre 42, dont vous pouvez voir la trace inscrite au sol sur la photo ci-dessous (trace du marathon de Paris 2012 &#8211; retrouvez la marque toute fra\u00eeche dans cet autre article\u00a0d&rsquo;avril 2012). Le marquage 2013 va bient\u00f4t appara\u00eetre&#8230; Magdalena &#8211; Avenue Foch &#8211; Kilom\u00e8tre 42, \u00e0 195 m\u00e8tres de l&rsquo;arriv\u00e9e ! Kilom\u00e8tre 42, plus que 195 m\u00e8tres, riches de sensations et d&rsquo;\u00e9motions&#8230; Avant l&rsquo;Arc de Triomphe, c&rsquo;est l&rsquo;arriv\u00e9e \u00ab\u00a0triomphale\u00a0\u00bb (on peut voir l&#8217;emplacement de l&rsquo;arriv\u00e9e sur la photo ci-dessus, \u00e0 la hauteur du feu vert &#8211; agrandissez l&rsquo;image en cliquant dessus). Nous avons ensuite remont\u00e9 l&rsquo;avenue Foch pour retrouver les Champs-Elys\u00e9es situ\u00e9s sur une des branches de \u00ab\u00a0l&rsquo;Etoile\u00a0\u00bb dont le centre est l&rsquo;Arc de Triomphe. C&rsquo;est aux Champs-Elys\u00e9es que se situe le d\u00e9part,\u00a0quel splendide endroit pour d\u00e9marrer un marathon ! (Voyez une photo du d\u00e9part dans cet autre\u00a0article.) Magdalena &#8211; Place de la Concorde &#8211; Apr\u00e8s avoir quitt\u00e9 le Kilom\u00e8tre 1 sur les Champs-Elys\u00e9es Les Champs-Elys\u00e9es, la place de la Concorde, la rue de Rivoli, la Bastille, le Bois de Vincennes et son superbe ch\u00e2teau, les splendides quais de Seine, le Bois de Boulogne et la fin grandiose avenue Foch, ce parcours ne vous fait-il pas envie ? Parcours du Marathon de Paris 2013 Merci\u00a0Magdalena ! Bon marathon de Paris ! Le circuit du tour : \u00a0","og_url":"https:\/\/test-parisrunningtour.laurieassemat.com\/fr\/sur-le-parcours-du-marathon-de-paris-avec-magdalena\/","og_site_name":"Paris Running Tours","article_published_time":"2013-03-09T09:31:00+00:00","article_modified_time":"2017-01-16T14:54:49+00:00","og_image":[{"width":900,"height":900,"url":"https:\/\/test-parisrunningtour.laurieassemat.com\/fr\/wp-content\/uploads\/sites\/1\/2013\/03\/PRT2013-03-09_01_LacInferieurBoisDeBoulogne.jpg","type":"image\/jpeg"}],"author":"Admin","twitter_card":"summary_large_image","twitter_misc":{"\u00c9crit par":"Admin","Dur\u00e9e de lecture estim\u00e9e":"2 minutes"},"schema":{"@context":"https:\/\/schema.org","@graph":[{"@type":"Article","@id":"https:\/\/test-parisrunningtour.laurieassemat.com\/fr\/sur-le-parcours-du-marathon-de-paris-avec-magdalena\/#article","isPartOf":{"@id":"https:\/\/test-parisrunningtour.laurieassemat.com\/fr\/sur-le-parcours-du-marathon-de-paris-avec-magdalena\/"},"author":{"name":"Admin","@id":"https:\/\/test-parisrunningtour.laurieassemat.com\/fr\/#\/schema\/person\/75f0dc3c395ae2b4e14e29aff8f6a5af"},"headline":"Sur le parcours du marathon de Paris avec Magdalena","datePublished":"2013-03-09T09:31:00+00:00","dateModified":"2017-01-16T14:54:49+00:00","mainEntityOfPage":{"@id":"https:\/\/test-parisrunningtour.laurieassemat.com\/fr\/sur-le-parcours-du-marathon-de-paris-avec-magdalena\/"},"wordCount":369,"commentCount":0,"publisher":{"@id":"https:\/\/test-parisrunningtour.laurieassemat.com\/fr\/#organization"},"image":{"@id":"https:\/\/test-parisrunningtour.laurieassemat.com\/fr\/sur-le-parcours-du-marathon-de-paris-avec-magdalena\/#primaryimage"},"thumbnailUrl":"https:\/\/test-parisrunningtour.laurieassemat.com\/fr\/wp-content\/uploads\/sites\/1\/2013\/03\/PRT2013-03-09_01_LacInferieurBoisDeBoulogne.jpg","articleSection":["Arc de Triomphe","Avenue Foch","Bastille","Bois de Boulogne","Champs-Elys\u00e9es","Comp\u00e9tition","Concorde (Place de la)"],"inLanguage":"fr-FR","potentialAction":[{"@type":"CommentAction","name":"Comment","target":["https:\/\/test-parisrunningtour.laurieassemat.com\/fr\/sur-le-parcours-du-marathon-de-paris-avec-magdalena\/#respond"]}]},{"@type":"WebPage","@id":"https:\/\/test-parisrunningtour.laurieassemat.com\/fr\/sur-le-parcours-du-marathon-de-paris-avec-magdalena\/","url":"https:\/\/test-parisrunningtour.laurieassemat.com\/fr\/sur-le-parcours-du-marathon-de-paris-avec-magdalena\/","name":"Sur le parcours du marathon de Paris avec Magdalena | Paris Running Tours","isPartOf":{"@id":"https:\/\/test-parisrunningtour.laurieassemat.com\/fr\/#website"},"primaryImageOfPage":{"@id":"https:\/\/test-parisrunningtour.laurieassemat.com\/fr\/sur-le-parcours-du-marathon-de-paris-avec-magdalena\/#primaryimage"},"image":{"@id":"https:\/\/test-parisrunningtour.laurieassemat.com\/fr\/sur-le-parcours-du-marathon-de-paris-avec-magdalena\/#primaryimage"},"thumbnailUrl":"https:\/\/test-parisrunningtour.laurieassemat.com\/fr\/wp-content\/uploads\/sites\/1\/2013\/03\/PRT2013-03-09_01_LacInferieurBoisDeBoulogne.jpg","datePublished":"2013-03-09T09:31:00+00:00","dateModified":"2017-01-16T14:54:49+00:00","breadcrumb":{"@id":"https:\/\/test-parisrunningtour.laurieassemat.com\/fr\/sur-le-parcours-du-marathon-de-paris-avec-magdalena\/#breadcrumb"},"inLanguage":"fr-FR","potentialAction":[{"@type":"ReadAction","target":["https:\/\/test-parisrunningtour.laurieassemat.com\/fr\/sur-le-parcours-du-marathon-de-paris-avec-magdalena\/"]}]},{"@type":"ImageObject","inLanguage":"fr-FR","@id":"https:\/\/test-parisrunningtour.laurieassemat.com\/fr\/sur-le-parcours-du-marathon-de-paris-avec-magdalena\/#primaryimage","url":"https:\/\/test-parisrunningtour.laurieassemat.com\/fr\/wp-content\/uploads\/sites\/1\/2013\/03\/PRT2013-03-09_01_LacInferieurBoisDeBoulogne.jpg","contentUrl":"https:\/\/test-parisrunningtour.laurieassemat.com\/fr\/wp-content\/uploads\/sites\/1\/2013\/03\/PRT2013-03-09_01_LacInferieurBoisDeBoulogne.jpg","width":900,"height":900},{"@type":"BreadcrumbList","@id":"https:\/\/test-parisrunningtour.laurieassemat.com\/fr\/sur-le-parcours-du-marathon-de-paris-avec-magdalena\/#breadcrumb","itemListElement":[{"@type":"ListItem","position":1,"name":"Accueil","item":"https:\/\/test-parisrunningtour.laurieassemat.com\/fr\/"},{"@type":"ListItem","position":2,"name":"Sur le parcours du marathon de Paris avec Magdalena"}]},{"@type":"WebSite","@id":"https:\/\/test-parisrunningtour.laurieassemat.com\/fr\/#website","url":"https:\/\/test-parisrunningtour.laurieassemat.com\/fr\/","name":"Paris Running Tours","description":"D\u00e9couvrir Paris en courant","publisher":{"@id":"https:\/\/test-parisrunningtour.laurieassemat.com\/fr\/#organization"},"potentialAction":[{"@type":"SearchAction","target":{"@type":"EntryPoint","urlTemplate":"https:\/\/test-parisrunningtour.laurieassemat.com\/fr\/?s={search_term_string}"},"query-input":{"@type":"PropertyValueSpecification","valueRequired":true,"valueName":"search_term_string"}}],"inLanguage":"fr-FR"},{"@type":"Organization","@id":"https:\/\/test-parisrunningtour.laurieassemat.com\/fr\/#organization","name":"Paris Running Tours","url":"https:\/\/test-parisrunningtour.laurieassemat.com\/fr\/","logo":{"@type":"ImageObject","inLanguage":"fr-FR","@id":"https:\/\/test-parisrunningtour.laurieassemat.com\/fr\/#\/schema\/logo\/image\/","url":"https:\/\/test-parisrunningtour.laurieassemat.com\/fr\/wp-content\/uploads\/sites\/1\/2016\/12\/cropped-faviconPRT.png","contentUrl":"https:\/\/test-parisrunningtour.laurieassemat.com\/fr\/wp-content\/uploads\/sites\/1\/2016\/12\/cropped-faviconPRT.png","width":512,"height":512,"caption":"Paris Running Tours"},"image":{"@id":"https:\/\/test-parisrunningtour.laurieassemat.com\/fr\/#\/schema\/logo\/image\/"}},{"@type":"Person","@id":"https:\/\/test-parisrunningtour.laurieassemat.com\/fr\/#\/schema\/person\/75f0dc3c395ae2b4e14e29aff8f6a5af","name":"Admin","image":{"@type":"ImageObject","inLanguage":"fr-FR","@id":"https:\/\/secure.gravatar.com\/avatar\/2980d1c79775d028873614111fac5ea2906175b9eba90c2fe773d875d19902e0?s=96&d=mm&r=g","url":"https:\/\/secure.gravatar.com\/avatar\/2980d1c79775d028873614111fac5ea2906175b9eba90c2fe773d875d19902e0?s=96&d=mm&r=g","contentUrl":"https:\/\/secure.gravatar.com\/avatar\/2980d1c79775d028873614111fac5ea2906175b9eba90c2fe773d875d19902e0?s=96&d=mm&r=g","caption":"Admin"},"sameAs":["https:\/\/www.parisrunningtour.com"]}]}},"_links":{"self":[{"href":"https:\/\/test-parisrunningtour.laurieassemat.com\/fr\/wp-json\/wp\/v2\/posts\/92","targetHints":{"allow":["GET"]}}],"collection":[{"href":"https:\/\/test-parisrunningtour.laurieassemat.com\/fr\/wp-json\/wp\/v2\/posts"}],"about":[{"href":"https:\/\/test-parisrunningtour.laurieassemat.com\/fr\/wp-json\/wp\/v2\/types\/post"}],"author":[{"embeddable":true,"href":"https:\/\/test-parisrunningtour.laurieassemat.com\/fr\/wp-json\/wp\/v2\/users\/1"}],"replies":[{"embeddable":true,"href":"https:\/\/test-parisrunningtour.laurieassemat.com\/fr\/wp-json\/wp\/v2\/comments?post=92"}],"version-history":[{"count":1,"href":"https:\/\/test-parisrunningtour.laurieassemat.com\/fr\/wp-json\/wp\/v2\/posts\/92\/revisions"}],"predecessor-version":[{"id":1312,"href":"https:\/\/test-parisrunningtour.laurieassemat.com\/fr\/wp-json\/wp\/v2\/posts\/92\/revisions\/1312"}],"wp:featuredmedia":[{"embeddable":true,"href":"https:\/\/test-parisrunningtour.laurieassemat.com\/fr\/wp-json\/wp\/v2\/media\/1311"}],"wp:attachment":[{"href":"https:\/\/test-parisrunningtour.laurieassemat.com\/fr\/wp-json\/wp\/v2\/media?parent=92"}],"wp:term":[{"taxonomy":"category","embeddable":true,"href":"https:\/\/test-parisrunningtour.laurieassemat.com\/fr\/wp-json\/wp\/v2\/categories?post=92"},{"taxonomy":"post_tag","embeddable":true,"href":"https:\/\/test-parisrunningtour.laurieassemat.com\/fr\/wp-json\/wp\/v2\/tags?post=92"}],"curies":[{"name":"wp","href":"https:\/\/api.w.org\/{rel}","templated":true}]}}