{"id":94,"date":"2013-02-27T18:39:00","date_gmt":"2013-02-27T17:39:00","guid":{"rendered":"http:\/\/runningtour.paris\/blog\/2013\/02\/27\/nouvelles-des-competitions-le-semi-marathon-de-paris\/"},"modified":"2017-01-16T15:56:45","modified_gmt":"2017-01-16T14:56:45","slug":"nouvelles-des-competitions-le-semi-marathon-de-paris","status":"publish","type":"post","link":"https:\/\/test-parisrunningtour.laurieassemat.com\/fr\/nouvelles-des-competitions-le-semi-marathon-de-paris\/","title":{"rendered":"Nouvelles des comp\u00e9titions : Le semi-marathon de Paris !"},"content":{"rendered":"<table style=\"margin-left: auto; margin-right: auto; text-align: center;\" cellspacing=\"0\" cellpadding=\"0\" align=\"center\">\n<tbody>\n<tr>\n<td style=\"text-align: center;\"><a style=\"margin-left: auto; margin-right: auto;\" href=\"http:\/\/1.bp.blogspot.com\/-qtX-1lA9YR0\/US4xNjtpNkI\/AAAAAAAABPU\/kocu_iVWGfs\/s1600\/SemiDansLesSas.jpg\" target=\"_blank\"><img fetchpriority=\"high\" decoding=\"async\" title=\"Cliquer sur l'image pour l'agrandir\" src=\"http:\/\/1.bp.blogspot.com\/-qtX-1lA9YR0\/US4xNjtpNkI\/AAAAAAAABPU\/kocu_iVWGfs\/s640\/SemiDansLesSas.jpg\" alt=\"\" width=\"640\" height=\"348\" border=\"0\" \/><\/a><\/td>\n<\/tr>\n<tr>\n<td style=\"text-align: center;\"><span style=\"font-family: Trebuchet MS, sans-serif;\">Semi-marathon de Paris 2010 &#8211; Dans le sas dans l&rsquo;attente du d\u00e9part&#8230;<\/span><\/td>\n<\/tr>\n<\/tbody>\n<\/table>\n<p><span style=\"font-family: Trebuchet MS, sans-serif;\">Ce dimanche 3 mars 2013, c&rsquo;est le semi-marathon de Paris, un peu plus de 21 km pour une course dans l&rsquo;est parisien. 40 000 inscrits pour cette nouvelle \u00e9dition !<\/span><br \/>\n<span style=\"font-family: Trebuchet MS, sans-serif;\"><br \/>\n<\/span><span style=\"font-family: Trebuchet MS, sans-serif;\">Un <a href=\"http:\/\/www.semideparis.com\/2013\/fichier_pdf\/SMP13_Parcours.pdf\" target=\"_blank\">beau parcours sportif<\/a> et une bonne pr\u00e9paration pour le prochain marathon de Paris qui aura lieu le dimanche 7 avril.<\/span><br \/>\n<span style=\"font-family: Trebuchet MS, sans-serif;\"><br \/>\n<\/span><span style=\"font-family: Trebuchet MS, sans-serif;\">Un parcours sportif mais aussi une belle balade touristique, alors bien s\u00fbr, vous verrez au d\u00e9part et \u00e0 l&rsquo;arriv\u00e9e le splendide ch\u00e2teau de Vincennes, mais m\u00eame si vous \u00eates en plein effort, profitez bien de la balade, levez les yeux et regardez Paris autour de vous&#8230;\u00a0<\/span><br \/>\n<span style=\"font-family: Trebuchet MS, sans-serif;\">Peut-\u00eatre cela rendra-t-il votre course plus ais\u00e9e ?<\/span><br \/>\n<span style=\"font-family: Trebuchet MS, sans-serif;\"><br \/>\n<\/span><span style=\"font-family: Trebuchet MS, sans-serif;\">Alors, ne manquez pas, par exemple :<\/span><br \/>\n<span style=\"font-family: Trebuchet MS, sans-serif;\"><br \/>\n<\/span><span style=\"font-family: Trebuchet MS, sans-serif;\"><b>Notre-Dame<\/b><\/span><\/p>\n<table style=\"margin-left: auto; margin-right: auto; text-align: center;\" cellspacing=\"0\" cellpadding=\"0\" align=\"center\">\n<tbody>\n<tr>\n<td style=\"text-align: center;\"><a style=\"margin-left: auto; margin-right: auto;\" href=\"http:\/\/1.bp.blogspot.com\/-LklRoOVsIHk\/US4zR-rrQdI\/AAAAAAAABPg\/CD5iLGzdoSU\/s1600\/SemiNotreDame.bmp\" target=\"_blank\"><img decoding=\"async\" title=\"Cliquer sur l'image pour l'agrandir\" src=\"http:\/\/1.bp.blogspot.com\/-LklRoOVsIHk\/US4zR-rrQdI\/AAAAAAAABPg\/CD5iLGzdoSU\/s640\/SemiNotreDame.bmp\" alt=\"\" width=\"640\" height=\"334\" border=\"0\" \/><\/a><\/td>\n<\/tr>\n<tr>\n<td style=\"text-align: center;\"><span style=\"font-family: Trebuchet MS, sans-serif;\">Sur votre route\u00a0<\/span><span style=\"font-family: 'Trebuchet MS', sans-serif;\">entre le 12\u00e8 et le 13\u00e8 kilom\u00e8tre,\u00a0<\/span><span style=\"font-family: 'Trebuchet MS', sans-serif;\">Notre-Dame \u00e0 votre gauche sur l&rsquo;\u00eele de la Cit\u00e9\u00a0<\/span><\/td>\n<\/tr>\n<\/tbody>\n<\/table>\n<p><span style=\"font-family: Trebuchet MS, sans-serif;\"><b><br \/>\n<\/b><\/span><span style=\"font-family: Trebuchet MS, sans-serif;\"><b>L&rsquo;H\u00f4tel de Ville<\/b><\/span><\/p>\n<table style=\"margin-left: auto; margin-right: auto; text-align: center;\" cellspacing=\"0\" cellpadding=\"0\" align=\"center\">\n<tbody>\n<tr>\n<td style=\"text-align: center;\"><a style=\"margin-left: auto; margin-right: auto;\" href=\"http:\/\/1.bp.blogspot.com\/-vygBUHhHUOY\/US4z06t94FI\/AAAAAAAABPo\/zMwBV3wZuI0\/s1600\/SemiHotelDeVille.bmp\" target=\"_blank\"><img decoding=\"async\" title=\"Cliquer sur l'image pour l'agrandir\" src=\"http:\/\/1.bp.blogspot.com\/-vygBUHhHUOY\/US4z06t94FI\/AAAAAAAABPo\/zMwBV3wZuI0\/s640\/SemiHotelDeVille.bmp\" alt=\"\" width=\"640\" height=\"448\" border=\"0\" \/><\/a><\/td>\n<\/tr>\n<tr>\n<td style=\"text-align: center;\"><span style=\"font-family: Trebuchet MS, sans-serif;\">Au 13\u00e8 kilom\u00e8tre, avant de tourner \u00e0 gauche, jetez un oeil \u00e0 l&rsquo;H\u00f4tel de Ville, la Mairie de Paris<\/span><\/td>\n<\/tr>\n<\/tbody>\n<\/table>\n<p><span style=\"font-family: Trebuchet MS, sans-serif;\"><br \/>\n<\/span><span style=\"font-family: Trebuchet MS, sans-serif;\"><b>Les traces du Ch\u00e2teau de la Bastille<\/b><\/span><\/p>\n<table style=\"margin-left: auto; margin-right: auto; text-align: center;\" cellspacing=\"0\" cellpadding=\"0\" align=\"center\">\n<tbody>\n<tr>\n<td style=\"text-align: center;\"><a style=\"margin-left: auto; margin-right: auto;\" href=\"http:\/\/2.bp.blogspot.com\/-GqB2DhcwNX0\/US40k5t44CI\/AAAAAAAABQM\/RC6bMtUtTJw\/s1600\/SemiBastille.bmp\" target=\"_blank\"><img loading=\"lazy\" decoding=\"async\" title=\"Cliquer sur l'image pour l'agrandir\" src=\"http:\/\/2.bp.blogspot.com\/-GqB2DhcwNX0\/US40k5t44CI\/AAAAAAAABQM\/RC6bMtUtTJw\/s640\/SemiBastille.bmp\" alt=\"\" width=\"640\" height=\"340\" border=\"0\" \/><\/a><\/td>\n<\/tr>\n<tr>\n<td style=\"text-align: center;\"><span style=\"font-family: Trebuchet MS, sans-serif;\">Juste avant la place de la Bastille, entre le 14\u00e8 et le 15\u00e8 kilom\u00e8tre, au sol, les traces indiquant les emplacements des tours et des murs de l&rsquo;ancien ch\u00e2teau de la Bastille<i> (si la foule vous permet de les voir&#8230;)<\/i><\/span><\/td>\n<\/tr>\n<\/tbody>\n<\/table>\n<p><span style=\"font-family: Trebuchet MS, sans-serif;\"><br \/>\n<\/span><span style=\"font-family: Trebuchet MS, sans-serif;\">Vous verrez plein d&rsquo;autres endroits magnifiques et historiques tout au long du parcours, profitez-en.<\/span><br \/>\n<span style=\"font-family: Trebuchet MS, sans-serif;\"><br \/>\n<\/span><span style=\"font-family: Trebuchet MS, sans-serif;\">Bonne course !<\/span><\/p>\n","protected":false},"excerpt":{"rendered":"<p>Semi-marathon de Paris 2010 &#8211; Dans le sas dans l&rsquo;attente du d\u00e9part&#8230; Ce dimanche 3 mars 2013, c&rsquo;est le semi-marathon de Paris, un peu plus de 21 km pour une course dans l&rsquo;est parisien. 40 000 inscrits pour cette nouvelle \u00e9dition ! Un beau parcours sportif et une bonne pr\u00e9paration pour le prochain marathon de Paris qui aura lieu le dimanche 7 avril. Un parcours sportif mais aussi une belle balade touristique, alors bien s\u00fbr, vous verrez au d\u00e9part et \u00e0 l&rsquo;arriv\u00e9e le splendide ch\u00e2teau de Vincennes, mais m\u00eame si vous \u00eates en plein effort, profitez bien de la balade, levez les yeux et regardez Paris autour de vous&#8230;\u00a0 Peut-\u00eatre cela rendra-t-il votre course plus ais\u00e9e ? Alors, ne manquez pas, par exemple : Notre-Dame Sur votre route\u00a0entre le 12\u00e8 et le 13\u00e8 kilom\u00e8tre,\u00a0Notre-Dame \u00e0 votre gauche sur l&rsquo;\u00eele de la Cit\u00e9\u00a0 L&rsquo;H\u00f4tel de Ville Au 13\u00e8 kilom\u00e8tre, avant de tourner \u00e0 gauche, jetez un oeil \u00e0 l&rsquo;H\u00f4tel de Ville, la Mairie de Paris Les traces du Ch\u00e2teau de la Bastille Juste avant la place de la Bastille, entre le 14\u00e8 et le 15\u00e8 kilom\u00e8tre, au sol, les traces indiquant les emplacements des tours et des murs de l&rsquo;ancien ch\u00e2teau de la Bastille (si la foule vous permet de les voir&#8230;) Vous verrez plein d&rsquo;autres endroits magnifiques et historiques tout au long du parcours, profitez-en. Bonne course !<\/p>\n","protected":false},"author":1,"featured_media":1315,"comment_status":"open","ping_status":"open","sticky":false,"template":"","format":"standard","meta":{"footnotes":""},"categories":[82,26,30,5],"tags":[],"class_list":["post-94","post","type-post","status-publish","format-standard","has-post-thumbnail","hentry","category-bastille","category-competition","category-hotel-de-ville","category-notre-dame"],"yoast_head":"<!-- This site is optimized with the Yoast SEO plugin v27.5 - https:\/\/yoast.com\/product\/yoast-seo-wordpress\/ -->\n<title>Nouvelles des comp\u00e9titions : Le semi-marathon de Paris ! | Paris Running Tours<\/title>\n<meta name=\"robots\" content=\"noindex, follow, max-snippet:-1, max-image-preview:large, max-video-preview:-1\" \/>\n<meta property=\"og:locale\" content=\"fr_FR\" \/>\n<meta property=\"og:type\" content=\"article\" \/>\n<meta property=\"og:title\" content=\"Nouvelles des comp\u00e9titions : Le semi-marathon de Paris ! | Paris Running Tours\" \/>\n<meta property=\"og:description\" content=\"Semi-marathon de Paris 2010 &#8211; Dans le sas dans l&rsquo;attente du d\u00e9part&#8230; Ce dimanche 3 mars 2013, c&rsquo;est le semi-marathon de Paris, un peu plus de 21 km pour une course dans l&rsquo;est parisien. 40 000 inscrits pour cette nouvelle \u00e9dition ! Un beau parcours sportif et une bonne pr\u00e9paration pour le prochain marathon de Paris qui aura lieu le dimanche 7 avril. Un parcours sportif mais aussi une belle balade touristique, alors bien s\u00fbr, vous verrez au d\u00e9part et \u00e0 l&rsquo;arriv\u00e9e le splendide ch\u00e2teau de Vincennes, mais m\u00eame si vous \u00eates en plein effort, profitez bien de la balade, levez les yeux et regardez Paris autour de vous&#8230;\u00a0 Peut-\u00eatre cela rendra-t-il votre course plus ais\u00e9e ? Alors, ne manquez pas, par exemple : Notre-Dame Sur votre route\u00a0entre le 12\u00e8 et le 13\u00e8 kilom\u00e8tre,\u00a0Notre-Dame \u00e0 votre gauche sur l&rsquo;\u00eele de la Cit\u00e9\u00a0 L&rsquo;H\u00f4tel de Ville Au 13\u00e8 kilom\u00e8tre, avant de tourner \u00e0 gauche, jetez un oeil \u00e0 l&rsquo;H\u00f4tel de Ville, la Mairie de Paris Les traces du Ch\u00e2teau de la Bastille Juste avant la place de la Bastille, entre le 14\u00e8 et le 15\u00e8 kilom\u00e8tre, au sol, les traces indiquant les emplacements des tours et des murs de l&rsquo;ancien ch\u00e2teau de la Bastille (si la foule vous permet de les voir&#8230;) Vous verrez plein d&rsquo;autres endroits magnifiques et historiques tout au long du parcours, profitez-en. Bonne course !\" \/>\n<meta property=\"og:url\" content=\"https:\/\/test-parisrunningtour.laurieassemat.com\/fr\/nouvelles-des-competitions-le-semi-marathon-de-paris\/\" \/>\n<meta property=\"og:site_name\" content=\"Paris Running Tours\" \/>\n<meta property=\"article:published_time\" content=\"2013-02-27T17:39:00+00:00\" \/>\n<meta property=\"article:modified_time\" content=\"2017-01-16T14:56:45+00:00\" \/>\n<meta property=\"og:image\" content=\"https:\/\/test-parisrunningtour.laurieassemat.com\/fr\/wp-content\/uploads\/sites\/1\/2013\/02\/PRT2013-02-27SemiDansLesSas.jpg\" \/>\n\t<meta property=\"og:image:width\" content=\"900\" \/>\n\t<meta property=\"og:image:height\" content=\"900\" \/>\n\t<meta property=\"og:image:type\" content=\"image\/jpeg\" \/>\n<meta name=\"author\" content=\"Admin\" \/>\n<meta name=\"twitter:card\" content=\"summary_large_image\" \/>\n<meta name=\"twitter:label1\" content=\"\u00c9crit par\" \/>\n\t<meta name=\"twitter:data1\" content=\"Admin\" \/>\n\t<meta name=\"twitter:label2\" content=\"Dur\u00e9e de lecture estim\u00e9e\" \/>\n\t<meta name=\"twitter:data2\" content=\"1 minute\" \/>\n<script type=\"application\/ld+json\" class=\"yoast-schema-graph\">{\"@context\":\"https:\\\/\\\/schema.org\",\"@graph\":[{\"@type\":\"Article\",\"@id\":\"https:\\\/\\\/test-parisrunningtour.laurieassemat.com\\\/fr\\\/nouvelles-des-competitions-le-semi-marathon-de-paris\\\/#article\",\"isPartOf\":{\"@id\":\"https:\\\/\\\/test-parisrunningtour.laurieassemat.com\\\/fr\\\/nouvelles-des-competitions-le-semi-marathon-de-paris\\\/\"},\"author\":{\"name\":\"Admin\",\"@id\":\"https:\\\/\\\/test-parisrunningtour.laurieassemat.com\\\/fr\\\/#\\\/schema\\\/person\\\/75f0dc3c395ae2b4e14e29aff8f6a5af\"},\"headline\":\"Nouvelles des comp\u00e9titions : Le semi-marathon de Paris !\",\"datePublished\":\"2013-02-27T17:39:00+00:00\",\"dateModified\":\"2017-01-16T14:56:45+00:00\",\"mainEntityOfPage\":{\"@id\":\"https:\\\/\\\/test-parisrunningtour.laurieassemat.com\\\/fr\\\/nouvelles-des-competitions-le-semi-marathon-de-paris\\\/\"},\"wordCount\":243,\"commentCount\":0,\"publisher\":{\"@id\":\"https:\\\/\\\/test-parisrunningtour.laurieassemat.com\\\/fr\\\/#organization\"},\"image\":{\"@id\":\"https:\\\/\\\/test-parisrunningtour.laurieassemat.com\\\/fr\\\/nouvelles-des-competitions-le-semi-marathon-de-paris\\\/#primaryimage\"},\"thumbnailUrl\":\"https:\\\/\\\/test-parisrunningtour.laurieassemat.com\\\/fr\\\/wp-content\\\/uploads\\\/sites\\\/1\\\/2013\\\/02\\\/PRT2013-02-27SemiDansLesSas.jpg\",\"articleSection\":[\"Bastille\",\"Comp\u00e9tition\",\"H\u00f4tel de Ville\",\"Notre Dame\"],\"inLanguage\":\"fr-FR\",\"potentialAction\":[{\"@type\":\"CommentAction\",\"name\":\"Comment\",\"target\":[\"https:\\\/\\\/test-parisrunningtour.laurieassemat.com\\\/fr\\\/nouvelles-des-competitions-le-semi-marathon-de-paris\\\/#respond\"]}]},{\"@type\":\"WebPage\",\"@id\":\"https:\\\/\\\/test-parisrunningtour.laurieassemat.com\\\/fr\\\/nouvelles-des-competitions-le-semi-marathon-de-paris\\\/\",\"url\":\"https:\\\/\\\/test-parisrunningtour.laurieassemat.com\\\/fr\\\/nouvelles-des-competitions-le-semi-marathon-de-paris\\\/\",\"name\":\"Nouvelles des comp\u00e9titions : Le semi-marathon de Paris ! | Paris Running Tours\",\"isPartOf\":{\"@id\":\"https:\\\/\\\/test-parisrunningtour.laurieassemat.com\\\/fr\\\/#website\"},\"primaryImageOfPage\":{\"@id\":\"https:\\\/\\\/test-parisrunningtour.laurieassemat.com\\\/fr\\\/nouvelles-des-competitions-le-semi-marathon-de-paris\\\/#primaryimage\"},\"image\":{\"@id\":\"https:\\\/\\\/test-parisrunningtour.laurieassemat.com\\\/fr\\\/nouvelles-des-competitions-le-semi-marathon-de-paris\\\/#primaryimage\"},\"thumbnailUrl\":\"https:\\\/\\\/test-parisrunningtour.laurieassemat.com\\\/fr\\\/wp-content\\\/uploads\\\/sites\\\/1\\\/2013\\\/02\\\/PRT2013-02-27SemiDansLesSas.jpg\",\"datePublished\":\"2013-02-27T17:39:00+00:00\",\"dateModified\":\"2017-01-16T14:56:45+00:00\",\"breadcrumb\":{\"@id\":\"https:\\\/\\\/test-parisrunningtour.laurieassemat.com\\\/fr\\\/nouvelles-des-competitions-le-semi-marathon-de-paris\\\/#breadcrumb\"},\"inLanguage\":\"fr-FR\",\"potentialAction\":[{\"@type\":\"ReadAction\",\"target\":[\"https:\\\/\\\/test-parisrunningtour.laurieassemat.com\\\/fr\\\/nouvelles-des-competitions-le-semi-marathon-de-paris\\\/\"]}]},{\"@type\":\"ImageObject\",\"inLanguage\":\"fr-FR\",\"@id\":\"https:\\\/\\\/test-parisrunningtour.laurieassemat.com\\\/fr\\\/nouvelles-des-competitions-le-semi-marathon-de-paris\\\/#primaryimage\",\"url\":\"https:\\\/\\\/test-parisrunningtour.laurieassemat.com\\\/fr\\\/wp-content\\\/uploads\\\/sites\\\/1\\\/2013\\\/02\\\/PRT2013-02-27SemiDansLesSas.jpg\",\"contentUrl\":\"https:\\\/\\\/test-parisrunningtour.laurieassemat.com\\\/fr\\\/wp-content\\\/uploads\\\/sites\\\/1\\\/2013\\\/02\\\/PRT2013-02-27SemiDansLesSas.jpg\",\"width\":900,\"height\":900},{\"@type\":\"BreadcrumbList\",\"@id\":\"https:\\\/\\\/test-parisrunningtour.laurieassemat.com\\\/fr\\\/nouvelles-des-competitions-le-semi-marathon-de-paris\\\/#breadcrumb\",\"itemListElement\":[{\"@type\":\"ListItem\",\"position\":1,\"name\":\"Accueil\",\"item\":\"https:\\\/\\\/test-parisrunningtour.laurieassemat.com\\\/fr\\\/\"},{\"@type\":\"ListItem\",\"position\":2,\"name\":\"Nouvelles des comp\u00e9titions : Le semi-marathon de Paris !\"}]},{\"@type\":\"WebSite\",\"@id\":\"https:\\\/\\\/test-parisrunningtour.laurieassemat.com\\\/fr\\\/#website\",\"url\":\"https:\\\/\\\/test-parisrunningtour.laurieassemat.com\\\/fr\\\/\",\"name\":\"Paris Running Tours\",\"description\":\"D\u00e9couvrir Paris en courant\",\"publisher\":{\"@id\":\"https:\\\/\\\/test-parisrunningtour.laurieassemat.com\\\/fr\\\/#organization\"},\"potentialAction\":[{\"@type\":\"SearchAction\",\"target\":{\"@type\":\"EntryPoint\",\"urlTemplate\":\"https:\\\/\\\/test-parisrunningtour.laurieassemat.com\\\/fr\\\/?s={search_term_string}\"},\"query-input\":{\"@type\":\"PropertyValueSpecification\",\"valueRequired\":true,\"valueName\":\"search_term_string\"}}],\"inLanguage\":\"fr-FR\"},{\"@type\":\"Organization\",\"@id\":\"https:\\\/\\\/test-parisrunningtour.laurieassemat.com\\\/fr\\\/#organization\",\"name\":\"Paris Running Tours\",\"url\":\"https:\\\/\\\/test-parisrunningtour.laurieassemat.com\\\/fr\\\/\",\"logo\":{\"@type\":\"ImageObject\",\"inLanguage\":\"fr-FR\",\"@id\":\"https:\\\/\\\/test-parisrunningtour.laurieassemat.com\\\/fr\\\/#\\\/schema\\\/logo\\\/image\\\/\",\"url\":\"https:\\\/\\\/test-parisrunningtour.laurieassemat.com\\\/fr\\\/wp-content\\\/uploads\\\/sites\\\/1\\\/2016\\\/12\\\/cropped-faviconPRT.png\",\"contentUrl\":\"https:\\\/\\\/test-parisrunningtour.laurieassemat.com\\\/fr\\\/wp-content\\\/uploads\\\/sites\\\/1\\\/2016\\\/12\\\/cropped-faviconPRT.png\",\"width\":512,\"height\":512,\"caption\":\"Paris Running Tours\"},\"image\":{\"@id\":\"https:\\\/\\\/test-parisrunningtour.laurieassemat.com\\\/fr\\\/#\\\/schema\\\/logo\\\/image\\\/\"}},{\"@type\":\"Person\",\"@id\":\"https:\\\/\\\/test-parisrunningtour.laurieassemat.com\\\/fr\\\/#\\\/schema\\\/person\\\/75f0dc3c395ae2b4e14e29aff8f6a5af\",\"name\":\"Admin\",\"image\":{\"@type\":\"ImageObject\",\"inLanguage\":\"fr-FR\",\"@id\":\"https:\\\/\\\/secure.gravatar.com\\\/avatar\\\/2980d1c79775d028873614111fac5ea2906175b9eba90c2fe773d875d19902e0?s=96&d=mm&r=g\",\"url\":\"https:\\\/\\\/secure.gravatar.com\\\/avatar\\\/2980d1c79775d028873614111fac5ea2906175b9eba90c2fe773d875d19902e0?s=96&d=mm&r=g\",\"contentUrl\":\"https:\\\/\\\/secure.gravatar.com\\\/avatar\\\/2980d1c79775d028873614111fac5ea2906175b9eba90c2fe773d875d19902e0?s=96&d=mm&r=g\",\"caption\":\"Admin\"},\"sameAs\":[\"https:\\\/\\\/www.parisrunningtour.com\"]}]}<\/script>\n<!-- \/ Yoast SEO plugin. -->","yoast_head_json":{"title":"Nouvelles des comp\u00e9titions : Le semi-marathon de Paris ! | Paris Running Tours","robots":{"index":"noindex","follow":"follow","max-snippet":"max-snippet:-1","max-image-preview":"max-image-preview:large","max-video-preview":"max-video-preview:-1"},"og_locale":"fr_FR","og_type":"article","og_title":"Nouvelles des comp\u00e9titions : Le semi-marathon de Paris ! | Paris Running Tours","og_description":"Semi-marathon de Paris 2010 &#8211; Dans le sas dans l&rsquo;attente du d\u00e9part&#8230; Ce dimanche 3 mars 2013, c&rsquo;est le semi-marathon de Paris, un peu plus de 21 km pour une course dans l&rsquo;est parisien. 40 000 inscrits pour cette nouvelle \u00e9dition ! Un beau parcours sportif et une bonne pr\u00e9paration pour le prochain marathon de Paris qui aura lieu le dimanche 7 avril. Un parcours sportif mais aussi une belle balade touristique, alors bien s\u00fbr, vous verrez au d\u00e9part et \u00e0 l&rsquo;arriv\u00e9e le splendide ch\u00e2teau de Vincennes, mais m\u00eame si vous \u00eates en plein effort, profitez bien de la balade, levez les yeux et regardez Paris autour de vous&#8230;\u00a0 Peut-\u00eatre cela rendra-t-il votre course plus ais\u00e9e ? Alors, ne manquez pas, par exemple : Notre-Dame Sur votre route\u00a0entre le 12\u00e8 et le 13\u00e8 kilom\u00e8tre,\u00a0Notre-Dame \u00e0 votre gauche sur l&rsquo;\u00eele de la Cit\u00e9\u00a0 L&rsquo;H\u00f4tel de Ville Au 13\u00e8 kilom\u00e8tre, avant de tourner \u00e0 gauche, jetez un oeil \u00e0 l&rsquo;H\u00f4tel de Ville, la Mairie de Paris Les traces du Ch\u00e2teau de la Bastille Juste avant la place de la Bastille, entre le 14\u00e8 et le 15\u00e8 kilom\u00e8tre, au sol, les traces indiquant les emplacements des tours et des murs de l&rsquo;ancien ch\u00e2teau de la Bastille (si la foule vous permet de les voir&#8230;) Vous verrez plein d&rsquo;autres endroits magnifiques et historiques tout au long du parcours, profitez-en. Bonne course !","og_url":"https:\/\/test-parisrunningtour.laurieassemat.com\/fr\/nouvelles-des-competitions-le-semi-marathon-de-paris\/","og_site_name":"Paris Running Tours","article_published_time":"2013-02-27T17:39:00+00:00","article_modified_time":"2017-01-16T14:56:45+00:00","og_image":[{"width":900,"height":900,"url":"https:\/\/test-parisrunningtour.laurieassemat.com\/fr\/wp-content\/uploads\/sites\/1\/2013\/02\/PRT2013-02-27SemiDansLesSas.jpg","type":"image\/jpeg"}],"author":"Admin","twitter_card":"summary_large_image","twitter_misc":{"\u00c9crit par":"Admin","Dur\u00e9e de lecture estim\u00e9e":"1 minute"},"schema":{"@context":"https:\/\/schema.org","@graph":[{"@type":"Article","@id":"https:\/\/test-parisrunningtour.laurieassemat.com\/fr\/nouvelles-des-competitions-le-semi-marathon-de-paris\/#article","isPartOf":{"@id":"https:\/\/test-parisrunningtour.laurieassemat.com\/fr\/nouvelles-des-competitions-le-semi-marathon-de-paris\/"},"author":{"name":"Admin","@id":"https:\/\/test-parisrunningtour.laurieassemat.com\/fr\/#\/schema\/person\/75f0dc3c395ae2b4e14e29aff8f6a5af"},"headline":"Nouvelles des comp\u00e9titions : Le semi-marathon de Paris !","datePublished":"2013-02-27T17:39:00+00:00","dateModified":"2017-01-16T14:56:45+00:00","mainEntityOfPage":{"@id":"https:\/\/test-parisrunningtour.laurieassemat.com\/fr\/nouvelles-des-competitions-le-semi-marathon-de-paris\/"},"wordCount":243,"commentCount":0,"publisher":{"@id":"https:\/\/test-parisrunningtour.laurieassemat.com\/fr\/#organization"},"image":{"@id":"https:\/\/test-parisrunningtour.laurieassemat.com\/fr\/nouvelles-des-competitions-le-semi-marathon-de-paris\/#primaryimage"},"thumbnailUrl":"https:\/\/test-parisrunningtour.laurieassemat.com\/fr\/wp-content\/uploads\/sites\/1\/2013\/02\/PRT2013-02-27SemiDansLesSas.jpg","articleSection":["Bastille","Comp\u00e9tition","H\u00f4tel de Ville","Notre Dame"],"inLanguage":"fr-FR","potentialAction":[{"@type":"CommentAction","name":"Comment","target":["https:\/\/test-parisrunningtour.laurieassemat.com\/fr\/nouvelles-des-competitions-le-semi-marathon-de-paris\/#respond"]}]},{"@type":"WebPage","@id":"https:\/\/test-parisrunningtour.laurieassemat.com\/fr\/nouvelles-des-competitions-le-semi-marathon-de-paris\/","url":"https:\/\/test-parisrunningtour.laurieassemat.com\/fr\/nouvelles-des-competitions-le-semi-marathon-de-paris\/","name":"Nouvelles des comp\u00e9titions : Le semi-marathon de Paris ! | Paris Running Tours","isPartOf":{"@id":"https:\/\/test-parisrunningtour.laurieassemat.com\/fr\/#website"},"primaryImageOfPage":{"@id":"https:\/\/test-parisrunningtour.laurieassemat.com\/fr\/nouvelles-des-competitions-le-semi-marathon-de-paris\/#primaryimage"},"image":{"@id":"https:\/\/test-parisrunningtour.laurieassemat.com\/fr\/nouvelles-des-competitions-le-semi-marathon-de-paris\/#primaryimage"},"thumbnailUrl":"https:\/\/test-parisrunningtour.laurieassemat.com\/fr\/wp-content\/uploads\/sites\/1\/2013\/02\/PRT2013-02-27SemiDansLesSas.jpg","datePublished":"2013-02-27T17:39:00+00:00","dateModified":"2017-01-16T14:56:45+00:00","breadcrumb":{"@id":"https:\/\/test-parisrunningtour.laurieassemat.com\/fr\/nouvelles-des-competitions-le-semi-marathon-de-paris\/#breadcrumb"},"inLanguage":"fr-FR","potentialAction":[{"@type":"ReadAction","target":["https:\/\/test-parisrunningtour.laurieassemat.com\/fr\/nouvelles-des-competitions-le-semi-marathon-de-paris\/"]}]},{"@type":"ImageObject","inLanguage":"fr-FR","@id":"https:\/\/test-parisrunningtour.laurieassemat.com\/fr\/nouvelles-des-competitions-le-semi-marathon-de-paris\/#primaryimage","url":"https:\/\/test-parisrunningtour.laurieassemat.com\/fr\/wp-content\/uploads\/sites\/1\/2013\/02\/PRT2013-02-27SemiDansLesSas.jpg","contentUrl":"https:\/\/test-parisrunningtour.laurieassemat.com\/fr\/wp-content\/uploads\/sites\/1\/2013\/02\/PRT2013-02-27SemiDansLesSas.jpg","width":900,"height":900},{"@type":"BreadcrumbList","@id":"https:\/\/test-parisrunningtour.laurieassemat.com\/fr\/nouvelles-des-competitions-le-semi-marathon-de-paris\/#breadcrumb","itemListElement":[{"@type":"ListItem","position":1,"name":"Accueil","item":"https:\/\/test-parisrunningtour.laurieassemat.com\/fr\/"},{"@type":"ListItem","position":2,"name":"Nouvelles des comp\u00e9titions : Le semi-marathon de Paris !"}]},{"@type":"WebSite","@id":"https:\/\/test-parisrunningtour.laurieassemat.com\/fr\/#website","url":"https:\/\/test-parisrunningtour.laurieassemat.com\/fr\/","name":"Paris Running Tours","description":"D\u00e9couvrir Paris en courant","publisher":{"@id":"https:\/\/test-parisrunningtour.laurieassemat.com\/fr\/#organization"},"potentialAction":[{"@type":"SearchAction","target":{"@type":"EntryPoint","urlTemplate":"https:\/\/test-parisrunningtour.laurieassemat.com\/fr\/?s={search_term_string}"},"query-input":{"@type":"PropertyValueSpecification","valueRequired":true,"valueName":"search_term_string"}}],"inLanguage":"fr-FR"},{"@type":"Organization","@id":"https:\/\/test-parisrunningtour.laurieassemat.com\/fr\/#organization","name":"Paris Running Tours","url":"https:\/\/test-parisrunningtour.laurieassemat.com\/fr\/","logo":{"@type":"ImageObject","inLanguage":"fr-FR","@id":"https:\/\/test-parisrunningtour.laurieassemat.com\/fr\/#\/schema\/logo\/image\/","url":"https:\/\/test-parisrunningtour.laurieassemat.com\/fr\/wp-content\/uploads\/sites\/1\/2016\/12\/cropped-faviconPRT.png","contentUrl":"https:\/\/test-parisrunningtour.laurieassemat.com\/fr\/wp-content\/uploads\/sites\/1\/2016\/12\/cropped-faviconPRT.png","width":512,"height":512,"caption":"Paris Running Tours"},"image":{"@id":"https:\/\/test-parisrunningtour.laurieassemat.com\/fr\/#\/schema\/logo\/image\/"}},{"@type":"Person","@id":"https:\/\/test-parisrunningtour.laurieassemat.com\/fr\/#\/schema\/person\/75f0dc3c395ae2b4e14e29aff8f6a5af","name":"Admin","image":{"@type":"ImageObject","inLanguage":"fr-FR","@id":"https:\/\/secure.gravatar.com\/avatar\/2980d1c79775d028873614111fac5ea2906175b9eba90c2fe773d875d19902e0?s=96&d=mm&r=g","url":"https:\/\/secure.gravatar.com\/avatar\/2980d1c79775d028873614111fac5ea2906175b9eba90c2fe773d875d19902e0?s=96&d=mm&r=g","contentUrl":"https:\/\/secure.gravatar.com\/avatar\/2980d1c79775d028873614111fac5ea2906175b9eba90c2fe773d875d19902e0?s=96&d=mm&r=g","caption":"Admin"},"sameAs":["https:\/\/www.parisrunningtour.com"]}]}},"_links":{"self":[{"href":"https:\/\/test-parisrunningtour.laurieassemat.com\/fr\/wp-json\/wp\/v2\/posts\/94","targetHints":{"allow":["GET"]}}],"collection":[{"href":"https:\/\/test-parisrunningtour.laurieassemat.com\/fr\/wp-json\/wp\/v2\/posts"}],"about":[{"href":"https:\/\/test-parisrunningtour.laurieassemat.com\/fr\/wp-json\/wp\/v2\/types\/post"}],"author":[{"embeddable":true,"href":"https:\/\/test-parisrunningtour.laurieassemat.com\/fr\/wp-json\/wp\/v2\/users\/1"}],"replies":[{"embeddable":true,"href":"https:\/\/test-parisrunningtour.laurieassemat.com\/fr\/wp-json\/wp\/v2\/comments?post=94"}],"version-history":[{"count":1,"href":"https:\/\/test-parisrunningtour.laurieassemat.com\/fr\/wp-json\/wp\/v2\/posts\/94\/revisions"}],"predecessor-version":[{"id":1316,"href":"https:\/\/test-parisrunningtour.laurieassemat.com\/fr\/wp-json\/wp\/v2\/posts\/94\/revisions\/1316"}],"wp:featuredmedia":[{"embeddable":true,"href":"https:\/\/test-parisrunningtour.laurieassemat.com\/fr\/wp-json\/wp\/v2\/media\/1315"}],"wp:attachment":[{"href":"https:\/\/test-parisrunningtour.laurieassemat.com\/fr\/wp-json\/wp\/v2\/media?parent=94"}],"wp:term":[{"taxonomy":"category","embeddable":true,"href":"https:\/\/test-parisrunningtour.laurieassemat.com\/fr\/wp-json\/wp\/v2\/categories?post=94"},{"taxonomy":"post_tag","embeddable":true,"href":"https:\/\/test-parisrunningtour.laurieassemat.com\/fr\/wp-json\/wp\/v2\/tags?post=94"}],"curies":[{"name":"wp","href":"https:\/\/api.w.org\/{rel}","templated":true}]}}